{"id":141508,"date":"2025-03-03T23:28:33","date_gmt":"2025-03-03T20:28:33","guid":{"rendered":"https:\/\/www.tgrthaber.com\/mavikadin\/?p=141508"},"modified":"2025-03-03T23:49:42","modified_gmt":"2025-03-03T20:49:42","slug":"dilan-polat-ve-engin-polat-olayina-kurtlar-vadisi-benzetmesi-alay-konusu-oldu","status":"publish","type":"post","link":"https:\/\/www.tgrthaber.com\/mavikadin\/dilan-polat-ve-engin-polat-olayina-kurtlar-vadisi-benzetmesi-alay-konusu-oldu\/","title":{"rendered":"Dilan Polat ve Engin Polat olay\u0131na Kurtlar Vadisi benzetmesi! Alay konusu oldu"},"content":{"rendered":"<p>Dilan Polat ve Engin Polat \u00e7ifti aylarca s\u00fcren kara para aklama olaylar\u0131 ile g\u00fcndeme gelmi\u015fti. Kara para aklama olay\u0131yla ilgili ve di\u011fer su\u00e7lardan beraat almalar\u0131na ra\u011fmen sansasyonel haberlerle adlar\u0131 s\u0131k\u00e7a duyurulmaya devam ediyor. Ge\u00e7ti\u011fimiz g\u00fcnlerde ise sosyal medya hesaplar\u0131ndan yapt\u0131klar\u0131 payla\u015f\u0131m sonras\u0131 haklar\u0131nda \u2018uyu\u015fturucu madde sat\u0131n almak, bulundurmak veya kullanmak\u2019 su\u00e7lamas\u0131yla evlerinden polis e\u015fli\u011finde al\u0131nm\u0131\u015flard\u0131. Ya\u015fan\u0131lan olaylar sonras\u0131 \u00e7ift sosyal medyada \u00e7ok konu\u015fulanlar aras\u0131nda yer ald\u0131. \u00c7iftin halleri ise Kurtlar Vadisi dizindeki bir sahneye benzetildi.<\/p>\n<h3>KURTLAR VAD\u0130S\u0130 BENZETMES\u0130<\/h3>\n<p>Sosyal medya fenomeni ve g\u00fczellik merkezleri ile T\u00fcrkiye g\u00fcndemine oturan Dilan Polat bu sefer de \u2018uyu\u015fturucu madde sat\u0131n almak, bulundurmak veya kullanmak\u2019 su\u00e7lamas\u0131yla polis e\u015fli\u011finde evlerinden al\u0131nm\u0131\u015ft\u0131. Dilan Polat\u2019\u0131n kendi sosyal medyas\u0131ndan yapt\u0131\u011f\u0131 payla\u015f\u0131mlar her ge\u00e7en g\u00fcn sosyal medyan\u0131n dilinde dolanmaya devam ediyor. Polat\u2019\u0131n e\u015fi, e\u015finin karde\u015fi ve eltisinin bir video i\u00e7erisinde garip halleri insanlar\u0131n g\u00f6z\u00fcnden ka\u00e7mad\u0131.<\/p>\n<p><img loading=\"lazy\" decoding=\"async\" class=\"alignnone wp-image-141560\" src=\"https:\/\/www.tgrthaber.com\/mavikadin\/wp-content\/uploads\/dilan-polat-engin-polat-2-1024x576.jpg\" alt=\"dilan polat-engin polat \" width=\"1208\" height=\"680\" title=\"\" srcset=\"https:\/\/www.tgrthaber.com\/mavikadin\/wp-content\/uploads\/dilan-polat-engin-polat-2-1024x576.jpg 1024w, https:\/\/www.tgrthaber.com\/mavikadin\/wp-content\/uploads\/dilan-polat-engin-polat-2-300x169.jpg 300w, https:\/\/www.tgrthaber.com\/mavikadin\/wp-content\/uploads\/dilan-polat-engin-polat-2-768x432.jpg 768w, https:\/\/www.tgrthaber.com\/mavikadin\/wp-content\/uploads\/dilan-polat-engin-polat-2-1536x864.jpg 1536w, https:\/\/www.tgrthaber.com\/mavikadin\/wp-content\/uploads\/dilan-polat-engin-polat-2.jpg 1600w\" sizes=\"(max-width: 1208px) 100vw, 1208px\" \/><\/p>\n<hr \/>\n<p>Bu video sonras\u0131 g\u00f6zalt\u0131na al\u0131narak ifadeye \u00e7a\u011f\u0131r\u0131lm\u0131\u015flard\u0131. Yap\u0131lan g\u00f6zalt\u0131 s\u00fcrecinden sonra serbest kalan Dilan Polat ve Engin Polat, sosyal medya hesaplar\u0131ndan a\u00e7\u0131klamalar yapt\u0131. \u0130tibarlar\u0131n\u0131n zedelenmeye \u00e7al\u0131\u015f\u0131ld\u0131\u011f\u0131n\u0131 ve manevi a\u00e7\u0131dan y\u0131prand\u0131klar\u0131n\u0131 dile getirdiler. Bu olaylar sonras\u0131 sosyal medyada ikilinin halleri Kurtlar Vadisi dizisinde oynanan bir sahneye benzetildi.<\/p>\n<div style=\"width: 640px;\" class=\"wp-video\"><!--[if lt IE 9]><script>document.createElement('video');<\/script><![endif]-->\n<video class=\"wp-video-shortcode\" id=\"video-141508-1\" width=\"640\" height=\"640\" preload=\"metadata\" controls=\"controls\"><source type=\"video\/mp4\" src=\"https:\/\/www.tgrthaber.com\/mavikadin\/wp-content\/uploads\/sosyal-video-2-1.mp4?_=1\" \/><a href=\"https:\/\/www.tgrthaber.com\/mavikadin\/wp-content\/uploads\/sosyal-video-2-1.mp4\">https:\/\/www.tgrthaber.com\/mavikadin\/wp-content\/uploads\/sosyal-video-2-1.mp4<\/a><\/video><\/div>\n<p>Bu benzetme sosyal medyada \u00e7ok konu\u015fuldu. Sahnede Polat Alemdar\u2019\u0131n polis merkezine gizli girmeye \u00e7al\u0131\u015f\u0131rken bir kad\u0131n\u0131n ona Polat diye seslenmesi \u00fczerine polisler taraf\u0131ndan yakalanmas\u0131 sahnesi Dilan Polat ve Engin Polat \u00e7iftine benzetildi. \u00c7ok say\u0131da yorum at\u0131lan g\u00f6nderi k\u0131sa s\u00fcre i\u00e7inde be\u011fenilen videolar aras\u0131nda yer ald\u0131.<\/p>\n<p><img loading=\"lazy\" decoding=\"async\" class=\"alignnone wp-image-141559\" src=\"https:\/\/www.tgrthaber.com\/mavikadin\/wp-content\/uploads\/dilan-polat-engin-polat-1-1024x576.jpg\" alt=\"dilan polat-engin polat \" width=\"1208\" height=\"680\" title=\"\" srcset=\"https:\/\/www.tgrthaber.com\/mavikadin\/wp-content\/uploads\/dilan-polat-engin-polat-1-1024x576.jpg 1024w, https:\/\/www.tgrthaber.com\/mavikadin\/wp-content\/uploads\/dilan-polat-engin-polat-1-300x169.jpg 300w, https:\/\/www.tgrthaber.com\/mavikadin\/wp-content\/uploads\/dilan-polat-engin-polat-1-768x432.jpg 768w, https:\/\/www.tgrthaber.com\/mavikadin\/wp-content\/uploads\/dilan-polat-engin-polat-1-1536x864.jpg 1536w, https:\/\/www.tgrthaber.com\/mavikadin\/wp-content\/uploads\/dilan-polat-engin-polat-1.jpg 1600w\" sizes=\"(max-width: 1208px) 100vw, 1208px\" \/><\/p>\n<hr \/>\n<p>Dilan Polat\u2019\u0131n kara para aklama su\u00e7undan cezaevinde yatmas\u0131ndan sonra tahliye olmu\u015ftu. Bu tahliye sonras\u0131 sosyal medyaya ara verece\u011fini s\u00f6yleyen Polat, sosyal medyay\u0131 aktif bir \u015fekilde kullanmaya devam etti. Son ya\u015fad\u0131\u011f\u0131 olaylardan sonra sosyal medyaya ara verece\u011fini s\u00f6yleyen Polat, g\u00fcn ge\u00e7tikce takip\u00e7i kaybetmeye devam ediyor.<\/p>\n","protected":false},"excerpt":{"rendered":"<p>Dilan Polat ve Engin Polat \u00e7ifti aylarca s\u00fcren kara para aklama olaylar\u0131 ile g\u00fcndeme gelmi\u015fti. Kara para aklama olay\u0131yla ilgili ve di\u011fer su\u00e7lardan beraat almalar\u0131na ra\u011fmen sansasyonel haberlerle adlar\u0131 s\u0131k\u00e7a duyurulmaya devam ediyor. Ge\u00e7ti\u011fimiz g\u00fcnlerde ise sosyal medya hesaplar\u0131ndan yapt\u0131klar\u0131 payla\u015f\u0131m sonras\u0131 haklar\u0131nda \u2018uyu\u015fturucu madde sat\u0131n almak, bulundurmak veya kullanmak\u2019 su\u00e7lamas\u0131yla evlerinden polis e\u015fli\u011finde al\u0131nm\u0131\u015flard\u0131. Ya\u015fan\u0131lan olaylar sonras\u0131 \u00e7ift sosyal medyada \u00e7ok konu\u015fulanlar aras\u0131nda yer ald\u0131. \u00c7iftin halleri ise Kurtlar Vadisi dizindeki bir sahneye benzetildi.\u00a0<\/p>\n","protected":false},"author":34,"featured_media":141561,"comment_status":"closed","ping_status":"closed","sticky":false,"template":"","format":"standard","meta":{"rank_math_lock_modified_date":false,"footnotes":""},"categories":[76],"tags":[2715,2908,12609,12601],"class_list":["post-141508","post","type-post","status-publish","format-standard","has-post-thumbnail","hentry","category-magazin","tag-dilan-polat","tag-engin-polat","tag-hazal-erdogan","tag-kursat-polat"],"_links":{"self":[{"href":"https:\/\/www.tgrthaber.com\/mavikadin\/wp-json\/wp\/v2\/posts\/141508"}],"collection":[{"href":"https:\/\/www.tgrthaber.com\/mavikadin\/wp-json\/wp\/v2\/posts"}],"about":[{"href":"https:\/\/www.tgrthaber.com\/mavikadin\/wp-json\/wp\/v2\/types\/post"}],"author":[{"embeddable":true,"href":"https:\/\/www.tgrthaber.com\/mavikadin\/wp-json\/wp\/v2\/users\/34"}],"replies":[{"embeddable":true,"href":"https:\/\/www.tgrthaber.com\/mavikadin\/wp-json\/wp\/v2\/comments?post=141508"}],"version-history":[{"count":1,"href":"https:\/\/www.tgrthaber.com\/mavikadin\/wp-json\/wp\/v2\/posts\/141508\/revisions"}],"predecessor-version":[{"id":141568,"href":"https:\/\/www.tgrthaber.com\/mavikadin\/wp-json\/wp\/v2\/posts\/141508\/revisions\/141568"}],"wp:featuredmedia":[{"embeddable":true,"href":"https:\/\/www.tgrthaber.com\/mavikadin\/wp-json\/wp\/v2\/media\/141561"}],"wp:attachment":[{"href":"https:\/\/www.tgrthaber.com\/mavikadin\/wp-json\/wp\/v2\/media?parent=141508"}],"wp:term":[{"taxonomy":"category","embeddable":true,"href":"https:\/\/www.tgrthaber.com\/mavikadin\/wp-json\/wp\/v2\/categories?post=141508"},{"taxonomy":"post_tag","embeddable":true,"href":"https:\/\/www.tgrthaber.com\/mavikadin\/wp-json\/wp\/v2\/tags?post=141508"}],"curies":[{"name":"wp","href":"https:\/\/api.w.org\/{rel}","templated":true}]}}