{"id":141573,"date":"2025-03-03T23:45:18","date_gmt":"2025-03-03T20:45:18","guid":{"rendered":"https:\/\/www.tgrthaber.com\/mavikadin\/?p=141573"},"modified":"2025-03-03T23:47:03","modified_gmt":"2025-03-03T20:47:03","slug":"sahipsizlerin-fidani-ece-bagci-agir-sahnelere-nasil-hazirlandigini-anlatti","status":"publish","type":"post","link":"https:\/\/www.tgrthaber.com\/mavikadin\/sahipsizlerin-fidani-ece-bagci-agir-sahnelere-nasil-hazirlandigini-anlatti\/","title":{"rendered":"Sahipsizler&#8217;in Fidan&#8217;\u0131 Ece Ba\u011fc\u0131, a\u011f\u0131r sahnelere nas\u0131l haz\u0131rland\u0131\u011f\u0131n\u0131 anlatt\u0131!"},"content":{"rendered":"<p>Star TV kanal\u0131nda yay\u0131nlanan yeni dizilerden &#8216;Sahipsizler&#8217;de rol alan \u00fcnl\u00fc oyuncu Ece Ba\u011fc\u0131, kat\u0131ld\u0131\u011f\u0131 bir programda kendi \u00f6zel hayat\u0131 ve diziye dair merak edilenleri cevaplad\u0131. Etraf\u0131ndakilerin onu fark etmesini isteyen h\u0131rsl\u0131 bir karakteri oynayan oyuncu Ece Ba\u011fc\u0131, dram veren ac\u0131kl\u0131 sahnelere nas\u0131l haz\u0131rland\u0131\u011f\u0131ndan bahsetti.<\/p>\n<h3>OYUNCU ECE BA\u011eCI D\u0130Z\u0130DEK\u0130 ROL\u00dcN\u00dc ANLATTI! &#8220;F\u0130DAN&#8217;IN M\u00dcKEMMEL OLMASI \u0130\u00c7\u0130N U\u011eRA\u015eMIYORUM&#8221;<\/h3>\n<p>Program s\u0131ras\u0131nda kendisine sorulan &#8220;\u0130lk kez bir televizyonda projesinde yer al\u0131yorsunuz. Kuru Otlar \u00dcst\u00fcne gibi dev bir yap\u0131mda rol almak, Sahipsizler&#8217;de &#8220;Fidan&#8221;\u0131 oynamak size neler katt\u0131?&#8221; sorusu \u00fczerine oyuncu Ece Ba\u011fc\u0131,<\/p>\n<p><img loading=\"lazy\" decoding=\"async\" class=\"wp-image-103819\" src=\"https:\/\/www.tgrthaber.com\/mavikadin\/wp-content\/uploads\/Adsiz-tasarim-31-5.jpg\" alt=\"Ece Ba\u011fc\u0131 kimdir, ka\u00e7 ya\u015f\u0131nda?\" width=\"1208\" height=\"680\" title=\"\" srcset=\"https:\/\/www.tgrthaber.com\/mavikadin\/wp-content\/uploads\/Adsiz-tasarim-31-5.jpg 1600w, https:\/\/www.tgrthaber.com\/mavikadin\/wp-content\/uploads\/Adsiz-tasarim-31-5-300x169.jpg 300w, https:\/\/www.tgrthaber.com\/mavikadin\/wp-content\/uploads\/Adsiz-tasarim-31-5-1024x576.jpg 1024w, https:\/\/www.tgrthaber.com\/mavikadin\/wp-content\/uploads\/Adsiz-tasarim-31-5-768x432.jpg 768w, https:\/\/www.tgrthaber.com\/mavikadin\/wp-content\/uploads\/Adsiz-tasarim-31-5-1536x864.jpg 1536w\" sizes=\"(max-width: 1208px) 100vw, 1208px\" \/><\/p>\n<hr \/>\n<p>&#8220;Kuru Otlar \u00dcst\u00fcne ilk i\u015fim oldu\u011fu i\u00e7in oyunculu\u011fu ilk olarak orada \u00f6\u011frendim diyebilirim. Karakteri her y\u00f6n\u00fcyle anlamay\u0131 \u00f6\u011fretti bana. Fidan&#8217;\u0131 da her y\u00f6n\u00fcyle g\u00f6stermeye \u00e7al\u0131\u015f\u0131yorum. K\u00f6t\u00fc y\u00f6nleriyle, zay\u0131fl\u0131klar\u0131yla, her \u015feyiyle. M\u00fckemmel olmas\u0131 i\u00e7in u\u011fra\u015fmadan, insan\u0131 insan yapan her unsuru ortaya \u00e7\u0131kararak.&#8221; cevab\u0131n\u0131 verdi.<\/p>\n<h3>&#8220;DRAM SAHNELER\u0130 \u00d6NCES\u0130 KEND\u0130MLE KALMAYI SEV\u0130YORUM&#8221;<\/h3>\n<p>Star TV kanal\u0131nda yay\u0131nlanan &#8216;Sahipsizler&#8217; dizisindeki rol\u00fc ile dikkat \u00e7eken &#8216;Fidan&#8217; karakterinin sahnelere nas\u0131l haz\u0131rland\u0131\u011f\u0131 ile ilgili oyuncu Ba\u011fc\u0131, \u015f\u00f6yle konu\u015ftu:<\/p>\n<p><img loading=\"lazy\" decoding=\"async\" class=\"alignnone wp-image-141579\" src=\"https:\/\/www.tgrthaber.com\/mavikadin\/wp-content\/uploads\/er-2.png\" alt=\"\" width=\"1208\" height=\"691\" title=\"\" srcset=\"https:\/\/www.tgrthaber.com\/mavikadin\/wp-content\/uploads\/er-2.png 780w, https:\/\/www.tgrthaber.com\/mavikadin\/wp-content\/uploads\/er-2-300x172.png 300w, https:\/\/www.tgrthaber.com\/mavikadin\/wp-content\/uploads\/er-2-768x439.png 768w\" sizes=\"(max-width: 1208px) 100vw, 1208px\" \/><\/p>\n<hr \/>\n<p>&#8220;Ben a\u011f\u0131r sahnelerden \u00f6nce olabildi\u011fince v\u00fccudumu esnetmeye, sesimi a\u00e7maya \u00f6zen g\u00f6steriyorum. Duygunun rahat\u00e7a a\u00e7\u0131\u011fa \u00e7\u0131kmas\u0131 i\u00e7in bunu \u00f6nemli buluyorum. Sette bazen bunun i\u00e7in vakit olmayabiliyor.<\/p>\n<p>O zaman sete gelmeden evde yap\u0131yorum bunlar\u0131. Ayr\u0131ca bu t\u00fcr sahneler yo\u011fun bir odak gerektirdi\u011finden kendimle biraz ba\u015f ba\u015fa kalmay\u0131 seviyorum. Ekip ruhunu kaybetmeden yap\u0131yorum bunu.&#8221;<\/p>\n<h3>SAH\u0130PS\u0130ZLER&#8217;\u0130N F\u0130DAN&#8217;I OYUNCU ECE BA\u011eCI: &#8220;F\u0130DAN&#8217;I ANLIYORUM&#8221;<\/h3>\n<p>Oynad\u0131\u011f\u0131n\u0131z Fidan karakterine bir tavsiye vermek isteseydiniz, bu ne olurdu? sorusuna ise oyuncu Ece Ba\u011fc\u0131,<\/p>\n<p><img loading=\"lazy\" decoding=\"async\" class=\"alignnone wp-image-141581\" src=\"https:\/\/www.tgrthaber.com\/mavikadin\/wp-content\/uploads\/y-3.png\" alt=\"\" width=\"1208\" height=\"770\" title=\"\" srcset=\"https:\/\/www.tgrthaber.com\/mavikadin\/wp-content\/uploads\/y-3.png 817w, https:\/\/www.tgrthaber.com\/mavikadin\/wp-content\/uploads\/y-3-300x191.png 300w, https:\/\/www.tgrthaber.com\/mavikadin\/wp-content\/uploads\/y-3-768x490.png 768w\" sizes=\"(max-width: 1208px) 100vw, 1208px\" \/><\/p>\n<hr \/>\n<p>&#8220;Fidan&#8217;a bir tavsiye verecek olsam etraf\u0131ndakileri daha az k\u0131rmas\u0131 gerekti\u011fini s\u00f6ylerdim. \u00c7\u00fcnk\u00fc baz\u0131 anlarda hakl\u0131 oldu\u011fu halde kulland\u0131\u011f\u0131 dil onu haks\u0131z konuma d\u00fc\u015f\u00fcr\u00fcyor. Ama onu anl\u0131yorum ve \u00e7ok seviyorum.&#8221; diyerek s\u00f6zlerini sonland\u0131rd\u0131.<\/p>\n","protected":false},"excerpt":{"rendered":"<p>&#8216;Sahipsizler&#8217; dizisinde &#8216;Fidan&#8217; karakteri ile izleyici kar\u015f\u0131s\u0131na \u00e7\u0131kan oyuncu Ece Ba\u011fc\u0131, kat\u0131ld\u0131\u011f\u0131 programda dizideki rol\u00fc ile ilgili konu\u015ftu.<\/p>\n","protected":false},"author":27,"featured_media":141587,"comment_status":"closed","ping_status":"closed","sticky":false,"template":"","format":"standard","meta":{"rank_math_lock_modified_date":false,"footnotes":""},"categories":[76],"tags":[3767,3534,3766],"class_list":["post-141573","post","type-post","status-publish","format-standard","has-post-thumbnail","hentry","category-magazin","tag-ece-bagci","tag-sahipsizler-dizisi","tag-sahipsizler-fidan"],"_links":{"self":[{"href":"https:\/\/www.tgrthaber.com\/mavikadin\/wp-json\/wp\/v2\/posts\/141573"}],"collection":[{"href":"https:\/\/www.tgrthaber.com\/mavikadin\/wp-json\/wp\/v2\/posts"}],"about":[{"href":"https:\/\/www.tgrthaber.com\/mavikadin\/wp-json\/wp\/v2\/types\/post"}],"author":[{"embeddable":true,"href":"https:\/\/www.tgrthaber.com\/mavikadin\/wp-json\/wp\/v2\/users\/27"}],"replies":[{"embeddable":true,"href":"https:\/\/www.tgrthaber.com\/mavikadin\/wp-json\/wp\/v2\/comments?post=141573"}],"version-history":[{"count":1,"href":"https:\/\/www.tgrthaber.com\/mavikadin\/wp-json\/wp\/v2\/posts\/141573\/revisions"}],"predecessor-version":[{"id":141586,"href":"https:\/\/www.tgrthaber.com\/mavikadin\/wp-json\/wp\/v2\/posts\/141573\/revisions\/141586"}],"wp:featuredmedia":[{"embeddable":true,"href":"https:\/\/www.tgrthaber.com\/mavikadin\/wp-json\/wp\/v2\/media\/141587"}],"wp:attachment":[{"href":"https:\/\/www.tgrthaber.com\/mavikadin\/wp-json\/wp\/v2\/media?parent=141573"}],"wp:term":[{"taxonomy":"category","embeddable":true,"href":"https:\/\/www.tgrthaber.com\/mavikadin\/wp-json\/wp\/v2\/categories?post=141573"},{"taxonomy":"post_tag","embeddable":true,"href":"https:\/\/www.tgrthaber.com\/mavikadin\/wp-json\/wp\/v2\/tags?post=141573"}],"curies":[{"name":"wp","href":"https:\/\/api.w.org\/{rel}","templated":true}]}}