{"id":141625,"date":"2025-03-04T01:17:17","date_gmt":"2025-03-03T22:17:17","guid":{"rendered":"https:\/\/www.tgrthaber.com\/mavikadin\/?p=141625"},"modified":"2025-03-04T01:17:17","modified_gmt":"2025-03-03T22:17:17","slug":"oyuncu-melisa-asli-pamuktan-beklenen-mylan-karesi-geldi","status":"publish","type":"post","link":"https:\/\/www.tgrthaber.com\/mavikadin\/oyuncu-melisa-asli-pamuktan-beklenen-mylan-karesi-geldi\/","title":{"rendered":"Oyuncu Melisa Asl\u0131 Pamuk\u2019tan beklenen Mylan karesi geldi!"},"content":{"rendered":"<p>Ba\u015far\u0131l\u0131 oyuncu Melisa Asl\u0131 Pamuk ve futbolcu e\u015fi Yusuf Yaz\u0131c\u0131, ge\u00e7ti\u011fimiz aylarda bebeklerini kucaklar\u0131na alm\u0131\u015flard\u0131. Mylan ad\u0131 verdikleri o\u011fullar\u0131n\u0131 kucaklar\u0131na alan \u00e7ift, sevenlerinin bekledikleri payla\u015f\u0131mla g\u00fcndeme geldi.<\/p>\n<h3>HEYECANLANDIRAN PAYLA\u015eIM<\/h3>\n<p>2011 T\u00fcrkiye G\u00fczeli olan oyuncu Melisa Asl\u0131 Pamuk g\u00f6nl\u00fcn\u00fc 28 ya\u015f\u0131ndaki ba\u015far\u0131l\u0131 milli futbolcu Yusuf Yaz\u0131c\u0131ya kapt\u0131rm\u0131\u015ft\u0131. Beraberliklerini \u00e7ok g\u00f6z \u00f6n\u00fcnde ya\u015famayan \u00e7ift evlilik haberleri ile g\u00fcndeme gelmi\u015fti. Ge\u00e7ti\u011fimiz may\u0131s ay\u0131nda s\u00fcrpriz bir \u015fekilde nikah masas\u0131na oturan \u00e7ift, takip\u00e7ilerini \u015fa\u015f\u0131rtm\u0131\u015ft\u0131. Instagram hesab\u0131ndan soyad\u0131n\u0131 Yaz\u0131c\u0131 olarak de\u011fi\u015ftiren g\u00fczel oyuncu Melisa Asl\u0131 Pamuk, sevgilisi Yusuf Yaz\u0131c\u0131 ile evlendiklerini duyurmu\u015ftu.<\/p>\n<p><img loading=\"lazy\" decoding=\"async\" class=\"alignnone wp-image-141627\" src=\"https:\/\/www.tgrthaber.com\/mavikadin\/wp-content\/uploads\/melisa-pamuk-2-1024x576.jpg\" alt=\"melisa pamuk\" width=\"1208\" height=\"680\" title=\"\" srcset=\"https:\/\/www.tgrthaber.com\/mavikadin\/wp-content\/uploads\/melisa-pamuk-2-1024x576.jpg 1024w, https:\/\/www.tgrthaber.com\/mavikadin\/wp-content\/uploads\/melisa-pamuk-2-300x169.jpg 300w, https:\/\/www.tgrthaber.com\/mavikadin\/wp-content\/uploads\/melisa-pamuk-2-768x432.jpg 768w, https:\/\/www.tgrthaber.com\/mavikadin\/wp-content\/uploads\/melisa-pamuk-2-1536x864.jpg 1536w, https:\/\/www.tgrthaber.com\/mavikadin\/wp-content\/uploads\/melisa-pamuk-2.jpg 1600w\" sizes=\"(max-width: 1208px) 100vw, 1208px\" \/><\/p>\n<hr \/>\n<p>Bu evlilik sonras\u0131 \u00e7iften mutlu bir haber gelmi\u015f ve 33 ya\u015f\u0131ndaki Pamuk, hamile oldu\u011funu sevenleriyle payla\u015fm\u0131\u015ft\u0131. E\u015fi Yusuf Yaz\u0131c\u0131 ile kamera kar\u015f\u0131s\u0131na ge\u00e7ip, karn\u0131 burnunda pozlar vermi\u015fti. Pamuk, kendi sosyal medyas\u0131ndan payla\u015ft\u0131\u011f\u0131 siyah beyaz olan foto\u011fraflar ile k\u0131sa s\u00fcrede be\u011feni ya\u011fmuruna tutulmu\u015ftu.<\/p>\n<figure id=\"attachment_141628\" aria-describedby=\"caption-attachment-141628\" style=\"width: 1208px\" class=\"wp-caption alignnone\"><img loading=\"lazy\" decoding=\"async\" class=\"wp-image-141628\" src=\"https:\/\/www.tgrthaber.com\/mavikadin\/wp-content\/uploads\/melisa-pamuk-3-1024x576.jpg\" alt=\"melisa pamuk\" width=\"1208\" height=\"680\" title=\"\" srcset=\"https:\/\/www.tgrthaber.com\/mavikadin\/wp-content\/uploads\/melisa-pamuk-3-1024x576.jpg 1024w, https:\/\/www.tgrthaber.com\/mavikadin\/wp-content\/uploads\/melisa-pamuk-3-300x169.jpg 300w, https:\/\/www.tgrthaber.com\/mavikadin\/wp-content\/uploads\/melisa-pamuk-3-768x432.jpg 768w, https:\/\/www.tgrthaber.com\/mavikadin\/wp-content\/uploads\/melisa-pamuk-3-1536x864.jpg 1536w, https:\/\/www.tgrthaber.com\/mavikadin\/wp-content\/uploads\/melisa-pamuk-3.jpg 1600w\" sizes=\"(max-width: 1208px) 100vw, 1208px\" \/><figcaption id=\"caption-attachment-141628\" class=\"wp-caption-text\">\u00a0<\/figcaption><\/figure>\n<h3>BEKLENEN MYLAN KARES\u0130<\/h3>\n<p>Ba\u015far\u0131l\u0131 Milli Futbolcu olan Yusuf Yaz\u0131c\u0131, e\u015fi Melisa Asl\u0131 Pamuk\u2019un do\u011fum yapt\u0131\u011f\u0131n\u0131 kendi hesab\u0131nda payla\u015ft\u0131\u011f\u0131 bir foto\u011fraf karesi ile duyurmu\u015ftu. Yaz\u0131c\u0131, bu mutlu haberi \u201cEn g\u00fczel do\u011fum g\u00fcn\u00fc hediyesi&#8221; s\u00f6zlerini yazarak sevenleriyle payla\u015fm\u0131\u015ft\u0131. S\u00fcrpriz bir \u015fekilde evlenen \u00e7ift, \u00e7ocuklar\u0131na koyduklar\u0131 isimle de g\u00fcndeme gelmi\u015fti. Uzun s\u00fcre isim konusunda sessiz kalan ikili, o\u011fullar\u0131na Mylan ismini vermi\u015fti.<\/p>\n<p><img loading=\"lazy\" decoding=\"async\" class=\"alignnone wp-image-141626\" src=\"https:\/\/www.tgrthaber.com\/mavikadin\/wp-content\/uploads\/melisa-pamuk-1-1024x576.jpg\" alt=\"melisa pamuk\" width=\"1208\" height=\"680\" title=\"\" srcset=\"https:\/\/www.tgrthaber.com\/mavikadin\/wp-content\/uploads\/melisa-pamuk-1-1024x576.jpg 1024w, https:\/\/www.tgrthaber.com\/mavikadin\/wp-content\/uploads\/melisa-pamuk-1-300x169.jpg 300w, https:\/\/www.tgrthaber.com\/mavikadin\/wp-content\/uploads\/melisa-pamuk-1-768x432.jpg 768w, https:\/\/www.tgrthaber.com\/mavikadin\/wp-content\/uploads\/melisa-pamuk-1-1536x864.jpg 1536w, https:\/\/www.tgrthaber.com\/mavikadin\/wp-content\/uploads\/melisa-pamuk-1.jpg 1600w\" sizes=\"(max-width: 1208px) 100vw, 1208px\" \/><\/p>\n<hr \/>\n<p>Bu isim sosyal medya kullan\u0131c\u0131lar\u0131 taraf\u0131ndan \u00e7ok konu\u015fulmu\u015ftu. Futbolcu Yusuf Yaz\u0131c\u0131\u2019n\u0131n karadenizli olmas\u0131 nedeniyle baz\u0131 kullan\u0131c\u0131lar \u201cKaradenizli bir ilenin b\u00f6yle bir modern isim se\u00e7mesi \u015fa\u015f\u0131rt\u0131c\u0131\u201d \u015feklinde yorumlar yapm\u0131\u015ft\u0131.<\/p>\n<p><img loading=\"lazy\" decoding=\"async\" class=\"alignnone wp-image-141629\" src=\"https:\/\/www.tgrthaber.com\/mavikadin\/wp-content\/uploads\/melisa-pamuk-4-1024x576.jpg\" alt=\"melisa pamuk\" width=\"1208\" height=\"680\" title=\"\" srcset=\"https:\/\/www.tgrthaber.com\/mavikadin\/wp-content\/uploads\/melisa-pamuk-4-1024x576.jpg 1024w, https:\/\/www.tgrthaber.com\/mavikadin\/wp-content\/uploads\/melisa-pamuk-4-300x169.jpg 300w, https:\/\/www.tgrthaber.com\/mavikadin\/wp-content\/uploads\/melisa-pamuk-4-768x432.jpg 768w, https:\/\/www.tgrthaber.com\/mavikadin\/wp-content\/uploads\/melisa-pamuk-4-1536x864.jpg 1536w, https:\/\/www.tgrthaber.com\/mavikadin\/wp-content\/uploads\/melisa-pamuk-4.jpg 1600w\" sizes=\"(max-width: 1208px) 100vw, 1208px\" \/><\/p>\n<hr \/>\n<p>Sabah Gazete \u2019sinin haberine g\u00f6re Melisa Asl\u0131 Pamuk\u2019tan beklenen kare geldi. O\u011flunun y\u00fcz\u00fcn\u00fc gizleyerek foto\u011fraf\u0131n\u0131 kendi sosyal medyas\u0131nda payla\u015fan Pamuk, k\u0131sa s\u00fcrede sosyal medyan\u0131n g\u00fcndemine oturdu. Ba\u015far\u0131l\u0131 ve g\u00fczel oyuncu olan Melisa Asl\u0131 Pamuk\u2019un o\u011flunun y\u00fcz\u00fcn\u00fc ne zaman g\u00f6sterece\u011fi de merak konusu oldu.<\/p>\n","protected":false},"excerpt":{"rendered":"<p>Ba\u015far\u0131l\u0131 oyuncu Melisa Asl\u0131 Pamuk ve futbolcu e\u015fi Yusuf Yaz\u0131c\u0131, ge\u00e7ti\u011fimiz aylarda bebeklerini kucaklar\u0131na alm\u0131\u015flard\u0131. Mylan ad\u0131 verdikleri o\u011fullar\u0131n\u0131 kucaklar\u0131na alan \u00e7ift, sevenlerinin bekledikleri payla\u015f\u0131mla g\u00fcndeme geldi.<\/p>\n","protected":false},"author":34,"featured_media":141630,"comment_status":"closed","ping_status":"closed","sticky":false,"template":"","format":"standard","meta":{"rank_math_lock_modified_date":false,"footnotes":""},"categories":[76],"tags":[5799,9341,9342],"class_list":["post-141625","post","type-post","status-publish","format-standard","has-post-thumbnail","hentry","category-magazin","tag-melisa-asli-pamuk","tag-melisa-asli-pamuk-bebek","tag-yusuf-yazici"],"_links":{"self":[{"href":"https:\/\/www.tgrthaber.com\/mavikadin\/wp-json\/wp\/v2\/posts\/141625"}],"collection":[{"href":"https:\/\/www.tgrthaber.com\/mavikadin\/wp-json\/wp\/v2\/posts"}],"about":[{"href":"https:\/\/www.tgrthaber.com\/mavikadin\/wp-json\/wp\/v2\/types\/post"}],"author":[{"embeddable":true,"href":"https:\/\/www.tgrthaber.com\/mavikadin\/wp-json\/wp\/v2\/users\/34"}],"replies":[{"embeddable":true,"href":"https:\/\/www.tgrthaber.com\/mavikadin\/wp-json\/wp\/v2\/comments?post=141625"}],"version-history":[{"count":1,"href":"https:\/\/www.tgrthaber.com\/mavikadin\/wp-json\/wp\/v2\/posts\/141625\/revisions"}],"predecessor-version":[{"id":141631,"href":"https:\/\/www.tgrthaber.com\/mavikadin\/wp-json\/wp\/v2\/posts\/141625\/revisions\/141631"}],"wp:featuredmedia":[{"embeddable":true,"href":"https:\/\/www.tgrthaber.com\/mavikadin\/wp-json\/wp\/v2\/media\/141630"}],"wp:attachment":[{"href":"https:\/\/www.tgrthaber.com\/mavikadin\/wp-json\/wp\/v2\/media?parent=141625"}],"wp:term":[{"taxonomy":"category","embeddable":true,"href":"https:\/\/www.tgrthaber.com\/mavikadin\/wp-json\/wp\/v2\/categories?post=141625"},{"taxonomy":"post_tag","embeddable":true,"href":"https:\/\/www.tgrthaber.com\/mavikadin\/wp-json\/wp\/v2\/tags?post=141625"}],"curies":[{"name":"wp","href":"https:\/\/api.w.org\/{rel}","templated":true}]}}