{"id":141645,"date":"2025-03-04T02:20:09","date_gmt":"2025-03-03T23:20:09","guid":{"rendered":"https:\/\/www.tgrthaber.com\/mavikadin\/?p=141645"},"modified":"2025-03-04T03:28:45","modified_gmt":"2025-03-04T00:28:45","slug":"sibel-aytandan-gassal-hakkinda-tuyolar-sezon-sonuna-dogru-bayagi-surprizlerimiz-var","status":"publish","type":"post","link":"https:\/\/www.tgrthaber.com\/mavikadin\/sibel-aytandan-gassal-hakkinda-tuyolar-sezon-sonuna-dogru-bayagi-surprizlerimiz-var\/","title":{"rendered":"Sibel Aytan\u2019dan Gassal hakk\u0131nda t\u00fcyolar! \u201cSezon sonuna do\u011fru baya\u011f\u0131 s\u00fcrprizlerimiz var.\u201d"},"content":{"rendered":"<p>Gassal dizisinin hem\u015firesi Elif rol\u00fcn\u00fc oynayan Sibel Aytan, bir mekanda arkada\u015flar\u0131yla 30. Ya\u015f g\u00fcn\u00fcn\u00fc kutlad\u0131. G\u00fczel oyuncu Gassal dizisi hakk\u0131nda gelecek b\u00f6l\u00fcmlerde s\u00fcrprizler oldu\u011funu s\u00f6yledi. \u015eeker pembesi kombiniyle de dikkatleri \u00fczerine \u00e7ekti. Sibel Aytan\u2019\u0131n Gassal dizisi hakk\u0131nda verdi\u011fi t\u00fcyolar dizinin takip\u00e7ileri taraf\u0131ndan merak konusu oldu.<\/p>\n<h3>S\u0130BEL AYTAN 30. YA\u015e G\u00dcN\u00dcN\u00dc KUTLADI<\/h3>\n<p>Gassal dizisindeki rol\u00fc ile belli bir ivme kazanan Sibel Aytan, Hem\u015fire rol\u00fcyle izleyenlerin g\u00f6nl\u00fcnde taht kurdu. G\u00fczel oyuncunun 30. ya\u015f g\u00fcn\u00fc i\u00e7in k\u00fc\u00e7\u00fck bir arkada\u015f grubuyla geldi\u011fi mekanda muhabir arkada\u015flarla kar\u015f\u0131la\u015f\u0131p sohbet etti. Sibel Aytan, do\u011fum g\u00fcn\u00fc i\u00e7in \u201c Uzun s\u00fcredir g\u00f6r\u00fc\u015femedi\u011fim arkada\u015flar\u0131m var. Hepimizin seti yo\u011fundu o y\u00fczden bir denk gelemedik. Bug\u00fcne k\u0131smetmi\u015f. K\u00fc\u00e7\u00fck ufak bir yemek yiyece\u011fiz.\u201d diyerek a\u00e7\u0131klad\u0131.<\/p>\n<p><img loading=\"lazy\" decoding=\"async\" class=\"alignnone wp-image-141646\" src=\"https:\/\/www.tgrthaber.com\/mavikadin\/wp-content\/uploads\/sibel-aytan-30.-yas-gunu-300x169.jpg\" alt=\"sibel aytan 30. ya\u015f g\u00fcn\u00fc\" width=\"1208\" height=\"680\" title=\"\" srcset=\"https:\/\/www.tgrthaber.com\/mavikadin\/wp-content\/uploads\/sibel-aytan-30.-yas-gunu-300x169.jpg 300w, https:\/\/www.tgrthaber.com\/mavikadin\/wp-content\/uploads\/sibel-aytan-30.-yas-gunu-1024x576.jpg 1024w, https:\/\/www.tgrthaber.com\/mavikadin\/wp-content\/uploads\/sibel-aytan-30.-yas-gunu-768x432.jpg 768w, https:\/\/www.tgrthaber.com\/mavikadin\/wp-content\/uploads\/sibel-aytan-30.-yas-gunu-1536x864.jpg 1536w, https:\/\/www.tgrthaber.com\/mavikadin\/wp-content\/uploads\/sibel-aytan-30.-yas-gunu.jpg 1920w\" sizes=\"(max-width: 1208px) 100vw, 1208px\" \/><\/p>\n<hr \/>\n<h3>SEZON SONUNA DO\u011eRU S\u00dcRPR\u0130Z<\/h3>\n<p>Gassal dizisinin 2. Sezon b\u00f6l\u00fcmleri yay\u0131nlanmaya ba\u015flad\u0131. Dizinin tabii platformunda geni\u015f bir izleyici kitle taraf\u0131ndan be\u011fenilmesi hakk\u0131nda Sibel Aytan a\u00e7\u0131klamada bulundu. Aytan, Gassal hakk\u0131nda \u201c G\u00fczel gidiyor. Reytinglerimiz de g\u00fczel. Sezon sonuna do\u011fru baya\u011f\u0131 s\u00fcrprizlerimiz var.\u201d s\u00f6zleriyle izleyenlere k\u00fc\u00e7\u00fck bir t\u00fcyo verdi.<\/p>\n<p><img loading=\"lazy\" decoding=\"async\" class=\"alignnone wp-image-141647\" src=\"https:\/\/www.tgrthaber.com\/mavikadin\/wp-content\/uploads\/sibeal-aytan-dan-gassal-surprizi-300x169.jpg\" alt=\"sibel aytan dan gassal s\u00fcrprizi\" width=\"1208\" height=\"680\" title=\"\" srcset=\"https:\/\/www.tgrthaber.com\/mavikadin\/wp-content\/uploads\/sibeal-aytan-dan-gassal-surprizi-300x169.jpg 300w, https:\/\/www.tgrthaber.com\/mavikadin\/wp-content\/uploads\/sibeal-aytan-dan-gassal-surprizi-1024x576.jpg 1024w, https:\/\/www.tgrthaber.com\/mavikadin\/wp-content\/uploads\/sibeal-aytan-dan-gassal-surprizi-768x432.jpg 768w, https:\/\/www.tgrthaber.com\/mavikadin\/wp-content\/uploads\/sibeal-aytan-dan-gassal-surprizi-1536x864.jpg 1536w, https:\/\/www.tgrthaber.com\/mavikadin\/wp-content\/uploads\/sibeal-aytan-dan-gassal-surprizi.jpg 1920w\" sizes=\"(max-width: 1208px) 100vw, 1208px\" \/><\/p>\n<hr \/>\n<h3>\u201cD\u0130SKO TOPU G\u0130B\u0130 H\u0130SSED\u0130YORUM KEND\u0130M\u0130\u201d<\/h3>\n<p>Gassal dizisinde Elif karakterini oynayan Sibel Aytan, 3 Mart do\u011fum g\u00fcn\u00fcyd\u00fc. Aytan, do\u011fum g\u00fcn\u00fc i\u00e7in yak\u0131n arkada\u015flar\u0131n\u0131 ve meslekta\u015flar\u0131n\u0131 \u00e7a\u011f\u0131rd\u0131. 30. ya\u015f\u0131n\u0131 kutlayan \u00fcnl\u00fc oyuncu yak\u0131n dostlar\u0131yla sade bir yemek yedi. Aytan, muhabirlerinin pembe ceketi hakk\u0131nda sordu\u011fu soru kar\u015f\u0131s\u0131nda \u201c Disko topu gibi hissediyorum kendimi\u201d diyerek esprili bir dille cevap verdi.<\/p>\n","protected":false},"excerpt":{"rendered":"<p>Gassal dizisinin hem\u015firesi Elif rol\u00fcn\u00fc oynayan Sibel Aytan, bir mekanda arkada\u015flar\u0131yla 30. Ya\u015f g\u00fcn\u00fcn\u00fc kutlad\u0131. G\u00fczel oyuncu Gassal dizisi hakk\u0131nda gelecek b\u00f6l\u00fcmlerde s\u00fcrprizler oldu\u011funu s\u00f6yledi. \u015eeker pembesi kombiniyle de dikkatleri \u00fczerine \u00e7ekti. <\/p>\n","protected":false},"author":10,"featured_media":141648,"comment_status":"closed","ping_status":"closed","sticky":false,"template":"","format":"standard","meta":{"rank_math_lock_modified_date":false,"footnotes":""},"categories":[76],"tags":[10390,12857,133,2218,4851],"class_list":["post-141645","post","type-post","status-publish","format-standard","has-post-thumbnail","hentry","category-magazin","tag-dizi-magazin","tag-gassal-sibel-aytan","tag-magazin","tag-magazin-haberleri","tag-sibel-aytan"],"_links":{"self":[{"href":"https:\/\/www.tgrthaber.com\/mavikadin\/wp-json\/wp\/v2\/posts\/141645"}],"collection":[{"href":"https:\/\/www.tgrthaber.com\/mavikadin\/wp-json\/wp\/v2\/posts"}],"about":[{"href":"https:\/\/www.tgrthaber.com\/mavikadin\/wp-json\/wp\/v2\/types\/post"}],"author":[{"embeddable":true,"href":"https:\/\/www.tgrthaber.com\/mavikadin\/wp-json\/wp\/v2\/users\/10"}],"replies":[{"embeddable":true,"href":"https:\/\/www.tgrthaber.com\/mavikadin\/wp-json\/wp\/v2\/comments?post=141645"}],"version-history":[{"count":1,"href":"https:\/\/www.tgrthaber.com\/mavikadin\/wp-json\/wp\/v2\/posts\/141645\/revisions"}],"predecessor-version":[{"id":141649,"href":"https:\/\/www.tgrthaber.com\/mavikadin\/wp-json\/wp\/v2\/posts\/141645\/revisions\/141649"}],"wp:featuredmedia":[{"embeddable":true,"href":"https:\/\/www.tgrthaber.com\/mavikadin\/wp-json\/wp\/v2\/media\/141648"}],"wp:attachment":[{"href":"https:\/\/www.tgrthaber.com\/mavikadin\/wp-json\/wp\/v2\/media?parent=141645"}],"wp:term":[{"taxonomy":"category","embeddable":true,"href":"https:\/\/www.tgrthaber.com\/mavikadin\/wp-json\/wp\/v2\/categories?post=141645"},{"taxonomy":"post_tag","embeddable":true,"href":"https:\/\/www.tgrthaber.com\/mavikadin\/wp-json\/wp\/v2\/tags?post=141645"}],"curies":[{"name":"wp","href":"https:\/\/api.w.org\/{rel}","templated":true}]}}