{"id":141669,"date":"2025-03-04T09:58:33","date_gmt":"2025-03-04T06:58:33","guid":{"rendered":"https:\/\/www.tgrthaber.com\/mavikadin\/?p=141669"},"modified":"2025-03-04T09:58:33","modified_gmt":"2025-03-04T06:58:33","slug":"can-yaman-yillar-sonra-ilk-kez-yonunu-turklere-cevirdi-bakin-gizemli-sevgili-kim-cikti","status":"publish","type":"post","link":"https:\/\/www.tgrthaber.com\/mavikadin\/can-yaman-yillar-sonra-ilk-kez-yonunu-turklere-cevirdi-bakin-gizemli-sevgili-kim-cikti\/","title":{"rendered":"Can Yaman y\u0131llar sonra ilk kez y\u00f6n\u00fcn\u00fc T\u00fcrklere \u00e7evirdi! Bak\u0131n gizemli sevgili kim \u00e7\u0131kt\u0131"},"content":{"rendered":"<p>Ba\u015far\u0131l\u0131 oyunculuk kariyerini \u0130spanya&#8217;ya ta\u015f\u0131may\u0131 planlayan Can Yaman ge\u00e7ti\u011fimiz hafta \u0130stanbul&#8217;dayd\u0131.<\/p>\n<h3>CAN YAMAN SEVG\u0130L\u0130S\u0130YLE G\u00d6R\u00dcNT\u00dcLEND\u0130<\/h3>\n<p>Can Yaman g\u00f6nl\u00fcn\u00fc T\u00fcrk bir oyuncuya kapt\u0131rd\u0131. \u0130stanbul&#8217;da oldu\u011fu hafta oyuncu G\u00f6zde G\u00fcrkan ile el ele g\u00f6r\u00fcnt\u00fclenen Yaman&#8217;\u0131n yeni bir a\u015fka yelken a\u00e7t\u0131\u011f\u0131 iddia edildi.<\/p>\n<p><img loading=\"lazy\" decoding=\"async\" class=\"alignnone size-full wp-image-141672\" src=\"https:\/\/www.tgrthaber.com\/mavikadin\/wp-content\/uploads\/Gozde-Gurkan-1.jpg\" alt=\"\" width=\"1208\" height=\"680\" title=\"\" srcset=\"https:\/\/www.tgrthaber.com\/mavikadin\/wp-content\/uploads\/Gozde-Gurkan-1.jpg 1208w, https:\/\/www.tgrthaber.com\/mavikadin\/wp-content\/uploads\/Gozde-Gurkan-1-300x169.jpg 300w, https:\/\/www.tgrthaber.com\/mavikadin\/wp-content\/uploads\/Gozde-Gurkan-1-1024x576.jpg 1024w, https:\/\/www.tgrthaber.com\/mavikadin\/wp-content\/uploads\/Gozde-Gurkan-1-768x432.jpg 768w\" sizes=\"(max-width: 1208px) 100vw, 1208px\" \/><\/p>\n<hr \/>\n<h3>CAN YAMAN K\u0130MD\u0130R?<\/h3>\n<p>8 Kas\u0131m 1989 tarihinde \u0130stanbul Suadiye\u2019de ailesinin tek \u00e7ocu\u011fu olarak d\u00fcnyaya gelen Can Yaman&#8217;\u0131n babas\u0131n\u0131n ad\u0131 G\u00fcven Yaman, annesinin ad\u0131 G\u00fcldam Can\u2019d\u0131r.<\/p>\n<p><img loading=\"lazy\" decoding=\"async\" class=\"alignnone size-full wp-image-141671\" src=\"https:\/\/www.tgrthaber.com\/mavikadin\/wp-content\/uploads\/Can-Yaman-2-3.jpg\" alt=\"\" width=\"1208\" height=\"680\" title=\"\" srcset=\"https:\/\/www.tgrthaber.com\/mavikadin\/wp-content\/uploads\/Can-Yaman-2-3.jpg 1208w, https:\/\/www.tgrthaber.com\/mavikadin\/wp-content\/uploads\/Can-Yaman-2-3-300x169.jpg 300w, https:\/\/www.tgrthaber.com\/mavikadin\/wp-content\/uploads\/Can-Yaman-2-3-1024x576.jpg 1024w, https:\/\/www.tgrthaber.com\/mavikadin\/wp-content\/uploads\/Can-Yaman-2-3-768x432.jpg 768w\" sizes=\"(max-width: 1208px) 100vw, 1208px\" \/><\/p>\n<hr \/>\n<p>Anne babas\u0131 hen\u00fcz o 5 ya\u015f\u0131ndayken ayr\u0131lan Can Yaman&#8217;\u0131n b\u00fcy\u00fckannesi Makedon, b\u00fcy\u00fckbabas\u0131 ise Yugoslav k\u00f6kenlidir.<\/p>\n<p>Lise e\u011fitimini \u0130talyan lisesinde tamamlayan Yaman lise son s\u0131n\u0131fta \u00f6\u011frenci de\u011fi\u015fimi program\u0131 ile Amerika\u2018da Ohio\u2019da okudu.<\/p>\n<p><img loading=\"lazy\" decoding=\"async\" class=\"alignnone size-full wp-image-141673\" src=\"https:\/\/www.tgrthaber.com\/mavikadin\/wp-content\/uploads\/Can-Yaman-3-3.jpg\" alt=\"\" width=\"1208\" height=\"680\" title=\"\" srcset=\"https:\/\/www.tgrthaber.com\/mavikadin\/wp-content\/uploads\/Can-Yaman-3-3.jpg 1208w, https:\/\/www.tgrthaber.com\/mavikadin\/wp-content\/uploads\/Can-Yaman-3-3-300x169.jpg 300w, https:\/\/www.tgrthaber.com\/mavikadin\/wp-content\/uploads\/Can-Yaman-3-3-1024x576.jpg 1024w, https:\/\/www.tgrthaber.com\/mavikadin\/wp-content\/uploads\/Can-Yaman-3-3-768x432.jpg 768w\" sizes=\"(max-width: 1208px) 100vw, 1208px\" \/><\/p>\n<hr \/>\n<p>Yeditepe \u00dcniversitesi Hukuk Fak\u00fcltesinde burslu olarak okuyarak 2012 y\u0131l\u0131nda mezun oldu. \u00dcniversitedeyken de\u011fi\u015fim program\u0131yla Washington\u2019a gidip hukuk \u00fczerine ders ald\u0131.<\/p>\n<p>Mezun olduktan 1 y\u0131l sonra staj i\u00e7in Awaterhouse Coopers ad\u0131ndaki d\u00fcnyaca \u00fcnl\u00fc kurumsal bir firmada alt\u0131 ay avukatl\u0131k yapt\u0131.<\/p>\n<p><img loading=\"lazy\" decoding=\"async\" class=\"alignnone size-full wp-image-141674\" src=\"https:\/\/www.tgrthaber.com\/mavikadin\/wp-content\/uploads\/Can-Yaman-1-4.jpg\" alt=\"\" width=\"1208\" height=\"680\" title=\"\" srcset=\"https:\/\/www.tgrthaber.com\/mavikadin\/wp-content\/uploads\/Can-Yaman-1-4.jpg 1208w, https:\/\/www.tgrthaber.com\/mavikadin\/wp-content\/uploads\/Can-Yaman-1-4-300x169.jpg 300w, https:\/\/www.tgrthaber.com\/mavikadin\/wp-content\/uploads\/Can-Yaman-1-4-1024x576.jpg 1024w, https:\/\/www.tgrthaber.com\/mavikadin\/wp-content\/uploads\/Can-Yaman-1-4-768x432.jpg 768w\" sizes=\"(max-width: 1208px) 100vw, 1208px\" \/><\/p>\n<hr \/>\n<p>C\u00fcneyt Say\u0131l\u2018dan oyunculuk e\u011fitimi ald\u0131ktan sonra oyunculu\u011fa ad\u0131m atan Can Yaman \u015fimdilerde Sandokan dizisiyle g\u00fcndemde.<\/p>\n<p>Ayr\u0131ca lisansl\u0131 basketbolcu olan Can Yaman, futbol, gitar, piyano, bateri, masa tenisi, rafting ve badminton\u2019la ilgileniyor.<\/p>\n<p><img loading=\"lazy\" decoding=\"async\" class=\"alignnone size-full wp-image-141676\" src=\"https:\/\/www.tgrthaber.com\/mavikadin\/wp-content\/uploads\/Can-Yaman-4_restored.jpeg\" alt=\"\" width=\"2000\" height=\"1124\" title=\"\" srcset=\"https:\/\/www.tgrthaber.com\/mavikadin\/wp-content\/uploads\/Can-Yaman-4_restored.jpeg 2000w, https:\/\/www.tgrthaber.com\/mavikadin\/wp-content\/uploads\/Can-Yaman-4_restored-300x169.jpeg 300w, https:\/\/www.tgrthaber.com\/mavikadin\/wp-content\/uploads\/Can-Yaman-4_restored-1024x575.jpeg 1024w, https:\/\/www.tgrthaber.com\/mavikadin\/wp-content\/uploads\/Can-Yaman-4_restored-768x432.jpeg 768w, https:\/\/www.tgrthaber.com\/mavikadin\/wp-content\/uploads\/Can-Yaman-4_restored-1536x863.jpeg 1536w\" sizes=\"(max-width: 2000px) 100vw, 2000px\" \/><\/p>\n<hr \/>\n<p>T\u00fcrk\u00e7e, \u0130talyanca, \u0130ngilizce, Lazca ve Almanca bilen Yaman dans e\u011fitimi de ald\u0131.<\/p>\n<p>Y\u00f6netmenli\u011fini T\u00fcrkan Derya\u2018n\u0131n yapt\u0131\u011f\u0131 \u201cG\u00f6n\u00fcl \u0130\u015fleri\u201d adl\u0131 dizide Bedir karakterini oynayan Can Yaman burada Selma Erge\u00e7, Bennu Y\u0131ld\u0131r\u0131mlar, Timu\u00e7in Esen, Sinem Kobal, F\u0131rat \u00c7elik, Sezai Ayd\u0131n ile birlikte oynama f\u0131rsat\u0131 yakalad\u0131.<\/p>\n<p>\u00dcnl\u00fc oyuncu as\u0131l \u00e7\u0131k\u0131\u015f\u0131n\u0131 ise 2015 y\u0131l\u0131nda yay\u0131nlanan \u201c\u0130nad\u0131na A\u015fk\u201d dizisinde ger\u00e7ekle\u015ftirdi.<\/p>\n<p><img loading=\"lazy\" decoding=\"async\" class=\"alignnone size-full wp-image-141677\" src=\"https:\/\/www.tgrthaber.com\/mavikadin\/wp-content\/uploads\/Can-Yaman-3_restored.jpeg\" alt=\"\" width=\"2000\" height=\"1124\" title=\"\" srcset=\"https:\/\/www.tgrthaber.com\/mavikadin\/wp-content\/uploads\/Can-Yaman-3_restored.jpeg 2000w, https:\/\/www.tgrthaber.com\/mavikadin\/wp-content\/uploads\/Can-Yaman-3_restored-300x169.jpeg 300w, https:\/\/www.tgrthaber.com\/mavikadin\/wp-content\/uploads\/Can-Yaman-3_restored-1024x575.jpeg 1024w, https:\/\/www.tgrthaber.com\/mavikadin\/wp-content\/uploads\/Can-Yaman-3_restored-768x432.jpeg 768w, https:\/\/www.tgrthaber.com\/mavikadin\/wp-content\/uploads\/Can-Yaman-3_restored-1536x863.jpeg 1536w\" sizes=\"(max-width: 2000px) 100vw, 2000px\" \/><\/p>\n<hr \/>\n<p><strong>Filmleri ve Dizileri:<\/strong><\/p>\n<p>2024 &#8211; Sandokan<br \/>\n2018 &#8211; Erkenci Ku\u015f (Can Divit ) (TV Dizisi)<br \/>\n2017 &#8211; Dolunay (Ferit)(TV Dizisi)<br \/>\n2016 &#8211; Hangimiz Sevmedik (Tar\u0131k) (TV Dizisi)<br \/>\n2015 &#8211; \u0130nad\u0131na A\u015fk (Yal\u0131n Aras) (TV Dizisi)<br \/>\n2014 &#8211; G\u00f6n\u00fcl \u0130\u015fleri (Bedir) (TV Dizisi)<\/p>\n<p><strong>Rol Ald\u0131\u011f\u0131 Tiyatro Oyunlar\u0131:<\/strong><\/p>\n<p>Sahte Gelin<br \/>\nAy I\u015f\u0131nda \u015eamata<br \/>\nMavi oyunu<br \/>\nHaybeden Ger\u00e7ek \u00dcst\u00fc Konu\u015fmalar<br \/>\nG\u00f6cekler G\u00f6\u011ferince<\/p>\n","protected":false},"excerpt":{"rendered":"<p>Kariyerini \u0130talya&#8217;da devam ettiren \u00fcnl\u00fc oyuncu Can Yaman g\u00f6nl\u00fcn\u00fc T\u00fcrk bir g\u00fczele kapt\u0131rd\u0131. Ge\u00e7en hafta \u0130stanbul&#8217;da olan \u00fcnl\u00fc ismin oyuncu G\u00f6zde G\u00fcrkan&#8217;la birlikte oldu\u011fu iddia edildi.<\/p>\n","protected":false},"author":5,"featured_media":141670,"comment_status":"closed","ping_status":"closed","sticky":false,"template":"","format":"standard","meta":{"rank_math_lock_modified_date":false,"footnotes":""},"categories":[76],"tags":[2980],"class_list":["post-141669","post","type-post","status-publish","format-standard","has-post-thumbnail","hentry","category-magazin","tag-can-yaman"],"_links":{"self":[{"href":"https:\/\/www.tgrthaber.com\/mavikadin\/wp-json\/wp\/v2\/posts\/141669"}],"collection":[{"href":"https:\/\/www.tgrthaber.com\/mavikadin\/wp-json\/wp\/v2\/posts"}],"about":[{"href":"https:\/\/www.tgrthaber.com\/mavikadin\/wp-json\/wp\/v2\/types\/post"}],"author":[{"embeddable":true,"href":"https:\/\/www.tgrthaber.com\/mavikadin\/wp-json\/wp\/v2\/users\/5"}],"replies":[{"embeddable":true,"href":"https:\/\/www.tgrthaber.com\/mavikadin\/wp-json\/wp\/v2\/comments?post=141669"}],"version-history":[{"count":2,"href":"https:\/\/www.tgrthaber.com\/mavikadin\/wp-json\/wp\/v2\/posts\/141669\/revisions"}],"predecessor-version":[{"id":141679,"href":"https:\/\/www.tgrthaber.com\/mavikadin\/wp-json\/wp\/v2\/posts\/141669\/revisions\/141679"}],"wp:featuredmedia":[{"embeddable":true,"href":"https:\/\/www.tgrthaber.com\/mavikadin\/wp-json\/wp\/v2\/media\/141670"}],"wp:attachment":[{"href":"https:\/\/www.tgrthaber.com\/mavikadin\/wp-json\/wp\/v2\/media?parent=141669"}],"wp:term":[{"taxonomy":"category","embeddable":true,"href":"https:\/\/www.tgrthaber.com\/mavikadin\/wp-json\/wp\/v2\/categories?post=141669"},{"taxonomy":"post_tag","embeddable":true,"href":"https:\/\/www.tgrthaber.com\/mavikadin\/wp-json\/wp\/v2\/tags?post=141669"}],"curies":[{"name":"wp","href":"https:\/\/api.w.org\/{rel}","templated":true}]}}