{"id":141753,"date":"2025-03-04T12:54:17","date_gmt":"2025-03-04T09:54:17","guid":{"rendered":"https:\/\/www.tgrthaber.com\/mavikadin\/?p=141753"},"modified":"2025-03-04T13:54:17","modified_gmt":"2025-03-04T10:54:17","slug":"tatli-ustasindan-gullac-yapmanin-puf-noktalari-ve-dikkat-edilmesi-gerekenler","status":"publish","type":"post","link":"https:\/\/www.tgrthaber.com\/mavikadin\/tatli-ustasindan-gullac-yapmanin-puf-noktalari-ve-dikkat-edilmesi-gerekenler\/","title":{"rendered":"Tatl\u0131 ustas\u0131ndan g\u00fclla\u00e7 yapman\u0131n p\u00fcf noktalar\u0131 ve dikkat edilmesi gerekenler!"},"content":{"rendered":"<p>Herkesin b\u00fcy\u00fck bir heyecanla bekledi\u011fi Ramazan ayn\u0131n\u0131n gelmesiyle birlikte sofralarda g\u00fclla\u00e7 yerini almaya ba\u015flad\u0131. Peki, Osmanl\u0131\u2019dan g\u00fcn\u00fcm\u00fcze kadar gelen Ramazan sofralar\u0131n\u0131n vazge\u00e7ilmez tatl\u0131s\u0131 g\u00fclla\u00e7 yapman\u0131n p\u00fcf noktalar\u0131 neler? G\u00fclla\u00e7 yaparken nelere dikkat edilmesi gerekir? \u0130\u015fte tatl\u0131 ustas\u0131 \u0130brahim Ta\u015fdemir\u2019den g\u00fclla\u00e7 yap\u0131m\u0131na dair detaylar\u2026<\/p>\n<h3>\u201cG\u00dcLLACIN OLMAZSA OLMAZI S\u00dcT\u201d<\/h3>\n<p>Osmanl\u0131 mutfa\u011f\u0131ndan g\u00fcn\u00fcm\u00fcze kadar ula\u015fan ve Ramazan ay\u0131nda iftar sofralar\u0131n\u0131 s\u00fcsleyen g\u00fclla\u00e7, Ramazan\u2019\u0131n vazge\u00e7ilmez tatl\u0131lar\u0131 aras\u0131nda yerini al\u0131yor. Hem sofralar\u0131 hem de tezgahlar\u0131 s\u00fcsleyen g\u00fclla\u00e7, hafif bir tatl\u0131 olu\u015fuyla s\u0131k\u00e7a tercih ediliyor. Ramazan ay\u0131n\u0131n gelmesiyle birlikte g\u00fclla\u00e7 ustalar\u0131 da mesailerine yo\u011fun bir \u015fekilde devam ediyor. \u0130ftar sofralar\u0131n\u0131n vazge\u00e7ilmez lezzeti g\u00fclla\u00e7, her y\u0131l oldu\u011fu gibi bu y\u0131l da yo\u011fun bir ilgi g\u00f6rmeye devam ediyor.<\/p>\n<p><img loading=\"lazy\" decoding=\"async\" class=\"alignnone wp-image-141764\" src=\"https:\/\/www.tgrthaber.com\/mavikadin\/wp-content\/uploads\/gullac-5-1024x576.jpg\" alt=\"Tatl\u0131 ustas\u0131ndan g\u00fclla\u00e7 yapman\u0131n p\u00fcf noktalar\u0131 ve dikkat edilmesi gerekenler!\" width=\"1208\" height=\"680\" title=\"\" srcset=\"https:\/\/www.tgrthaber.com\/mavikadin\/wp-content\/uploads\/gullac-5-1024x576.jpg 1024w, https:\/\/www.tgrthaber.com\/mavikadin\/wp-content\/uploads\/gullac-5-300x169.jpg 300w, https:\/\/www.tgrthaber.com\/mavikadin\/wp-content\/uploads\/gullac-5-768x432.jpg 768w, https:\/\/www.tgrthaber.com\/mavikadin\/wp-content\/uploads\/gullac-5-1536x864.jpg 1536w, https:\/\/www.tgrthaber.com\/mavikadin\/wp-content\/uploads\/gullac-5.jpg 1600w\" sizes=\"(max-width: 1208px) 100vw, 1208px\" \/><\/p>\n<hr \/>\n<p>Peki, Osmanl\u0131\u2019dan g\u00fcn\u00fcm\u00fcze kadar gelen Ramazan sofralar\u0131n\u0131n vazge\u00e7ilmez tatl\u0131s\u0131 g\u00fclla\u00e7 yapman\u0131n p\u00fcf noktalar\u0131 neler? G\u00fclla\u00e7 yaparken nelere dikkat edilmesi gerekir? Tatl\u0131 ustas\u0131 \u0130brahim Ta\u015fdemir g\u00fclla\u00e7 yapman\u0131n p\u00fcf noktalar\u0131na ve dikkat edilmesi gereken konulara de\u011findi.<\/p>\n<p>G\u00fclla\u00e7 yapman\u0131n p\u00fcf noktalar\u0131na dikkat \u00e7eken \u0130brahim Ta\u015fdemir, \u201cG\u00fcllac\u0131n olmazsa olmaz\u0131 s\u00fct, s\u00fct\u00fcn i\u00e7erisine \u015feker, 1 yemek ka\u015f\u0131\u011f\u0131 g\u00fcl suyu ekliyoruz. 1 litre s\u00fcte 300 gram \u015feker olacak \u015fekilde g\u00fcllac\u0131n her katman\u0131n\u0131 s\u00fctle yumu\u015fatt\u0131ktan sonra iste\u011fe ba\u011fl\u0131 olarak g\u00fclla\u00e7 aras\u0131na f\u0131st\u0131k, ceviz ve f\u0131nd\u0131k gibi \u00e7e\u015fitleri ana malzeme olarak ekleyebiliriz.\u201d ifadelerine yer verdi.<\/p>\n<p><img loading=\"lazy\" decoding=\"async\" class=\"alignnone wp-image-141765\" src=\"https:\/\/www.tgrthaber.com\/mavikadin\/wp-content\/uploads\/gullac-4-1024x576.jpg\" alt=\"Tatl\u0131 ustas\u0131ndan g\u00fclla\u00e7 yapman\u0131n p\u00fcf noktalar\u0131 ve dikkat edilmesi gerekenler!\" width=\"1208\" height=\"680\" title=\"\" srcset=\"https:\/\/www.tgrthaber.com\/mavikadin\/wp-content\/uploads\/gullac-4-1024x576.jpg 1024w, https:\/\/www.tgrthaber.com\/mavikadin\/wp-content\/uploads\/gullac-4-300x169.jpg 300w, https:\/\/www.tgrthaber.com\/mavikadin\/wp-content\/uploads\/gullac-4-768x432.jpg 768w, https:\/\/www.tgrthaber.com\/mavikadin\/wp-content\/uploads\/gullac-4-1536x864.jpg 1536w, https:\/\/www.tgrthaber.com\/mavikadin\/wp-content\/uploads\/gullac-4.jpg 1600w\" sizes=\"(max-width: 1208px) 100vw, 1208px\" \/><\/p>\n<hr \/>\n<h3>\u201cG\u00dcLLACIN OLMAZSA OLMAZI G\u00dcL SUYU\u201d<\/h3>\n<p>Yeni ku\u015fa\u011f\u0131n bu t\u00fcr tatl\u0131lar\u0131 biraz daha sevdi\u011fini anlatan \u0130brahim Ta\u015fdemir, &#8220;G\u00fcllac\u0131n i\u00e7erisinde s\u00fct var, \u015feker ve olmazsa olmaz g\u00fcl suyu var. \u0130\u00e7erisinde ceviz, \u00fczerinde ise meyve \u00e7e\u015fitleri var. Portakal, nar, kivi ve \u00e7ilek gibi meyvelerle s\u00fcslenebilir. Her Ramazan bu lezzete talep oluyor, talepleri kar\u015f\u0131lamaya \u00e7al\u0131\u015f\u0131yoruz. S\u00fctl\u00fc tatl\u0131 oldu\u011fu i\u00e7in biraz daha ilgi di\u011fer tatl\u0131lara g\u00f6re fazla. Yeni jenerasyon biraz daha seviyor bu t\u00fcr tatl\u0131lar\u0131. Onun i\u00e7in biz de bu \u015fekilde haz\u0131rl\u0131klar\u0131m\u0131z\u0131 s\u00fcrd\u00fcr\u00fcyoruz. Ortalama olarak 8-10 tepsi g\u00fclla\u00e7 sat\u0131\u015flar\u0131m\u0131z oluyor. G\u00fcllac\u0131n olmazsa olmaz\u0131 g\u00fcl suyu. Vanilya katanlar var ama ben g\u00fclla\u00e7 i\u00e7erisinde g\u00fcl suyunu tercih ediyorum.&#8221; ifadelerini kulland\u0131.<\/p>\n<div style=\"width: 640px;\" class=\"wp-video\"><!--[if lt IE 9]><script>document.createElement('video');<\/script><![endif]-->\n<video class=\"wp-video-shortcode\" id=\"video-141753-1\" width=\"640\" height=\"360\" preload=\"metadata\" controls=\"controls\"><source type=\"video\/mp4\" src=\"https:\/\/www.tgrthaber.com\/mavikadin\/wp-content\/uploads\/Gullac.mp4?_=1\" \/><a href=\"https:\/\/www.tgrthaber.com\/mavikadin\/wp-content\/uploads\/Gullac.mp4\">https:\/\/www.tgrthaber.com\/mavikadin\/wp-content\/uploads\/Gullac.mp4<\/a><\/video><\/div>\n<h3>\u201cESK\u0130DEN G\u00dcLLA\u00c7 PEK TERC\u0130H ED\u0130LMEZD\u0130\u201d<\/h3>\n<p>Konya Pastac\u0131lar Esnaf Odas\u0131 Ba\u015fkan\u0131 Kadir Ka\u011fn\u0131c\u0131o\u011flu da &#8220;G\u00fclla\u00e7 son zamanlarda Ramazan aylar\u0131n\u0131n olmazsa olmaz lezzeti haline geldi. Eskiden g\u00fclla\u00e7 pek tercih edilmezdi. Bunun tercih sebebi de s\u00fctl\u00fc ve hafif olmas\u0131 y\u00f6n\u00fcnden \u00e7ok tercih edilen bir lezzet. Ramazan aylar\u0131nda \u00f6zellikle daha \u00e7ok sat\u0131lan bir \u00fcr\u00fcn ve hafif, midede ek\u015fime yapmad\u0131\u011f\u0131 i\u00e7in tercih ediliyor, herhangi bir s\u0131k\u0131nt\u0131s\u0131 yoktur. Sadece s\u00fct ve hamur yapra\u011f\u0131ndan olu\u015fan bir tatl\u0131.&#8221; \u015feklinde konu\u015ftu.<\/p>\n<p><img loading=\"lazy\" decoding=\"async\" class=\"alignnone wp-image-141766\" src=\"https:\/\/www.tgrthaber.com\/mavikadin\/wp-content\/uploads\/gullac-1-1024x576.jpg\" alt=\"Tatl\u0131 ustas\u0131ndan g\u00fclla\u00e7 yapman\u0131n p\u00fcf noktalar\u0131 ve dikkat edilmesi gerekenler!\" width=\"1208\" height=\"680\" title=\"\" srcset=\"https:\/\/www.tgrthaber.com\/mavikadin\/wp-content\/uploads\/gullac-1-1024x576.jpg 1024w, https:\/\/www.tgrthaber.com\/mavikadin\/wp-content\/uploads\/gullac-1-300x169.jpg 300w, https:\/\/www.tgrthaber.com\/mavikadin\/wp-content\/uploads\/gullac-1-768x432.jpg 768w, https:\/\/www.tgrthaber.com\/mavikadin\/wp-content\/uploads\/gullac-1-1536x864.jpg 1536w, https:\/\/www.tgrthaber.com\/mavikadin\/wp-content\/uploads\/gullac-1.jpg 1600w\" sizes=\"(max-width: 1208px) 100vw, 1208px\" \/><\/p>\n<hr \/>\n<h3>\u201cMERD\u0130VEN ALTI \u00dcR\u00dcNLERE D\u0130KKAT\u201d<\/h3>\n<p>Tatl\u0131 almak isteyen vatanda\u015flara seslenen Ka\u011fn\u0131c\u0131o\u011flu, &#8220;Vatanda\u015flar\u0131m\u0131za \u00f6zellikle bildikleri yerlerden almas\u0131n\u0131 tavsiye ediyoruz. Merdiven alt\u0131 \u00fcretilen al\u0131\u015fveri\u015f yap\u0131l\u0131rsa sa\u011fl\u0131\u011f\u0131m\u0131z\u0131 da tehlikeye d\u00fc\u015f\u00fcrebilir. Vatanda\u015flar\u0131m\u0131z bilinen yerlerden al\u0131rsa bir s\u0131k\u0131nt\u0131 durumunda haklar\u0131n\u0131 da arama \u015fanslar\u0131 olur. Merdiven alt\u0131 \u00fcr\u00fcnlerde kar\u015f\u0131lar\u0131nda muhatap bulamazlar.&#8221; ifadelerine yer verdi.<\/p>\n","protected":false},"excerpt":{"rendered":"<p>Ramazan\u0131n gelmesiyle birlikte g\u00fclla\u00e7 tatl\u0131s\u0131 sofralarda yerini almaya ba\u015flad\u0131. Peki, g\u00fclla\u00e7 yapman\u0131n p\u00fcf noktalar\u0131 neler? \u0130\u015fte ustas\u0131ndan g\u00fclla\u00e7 yapman\u0131n p\u00fcf noktalar\u0131 ve dikkat edilmesi gerekenler\u2026 <\/p>\n","protected":false},"author":26,"featured_media":141763,"comment_status":"closed","ping_status":"closed","sticky":false,"template":"","format":"standard","meta":{"rank_math_lock_modified_date":false,"footnotes":""},"categories":[191],"tags":[11974,12879,11975],"class_list":["post-141753","post","type-post","status-publish","format-standard","has-post-thumbnail","hentry","category-yemek-tarifleri","tag-gullac","tag-gullac-puf-noktalari","tag-gullac-tarifi"],"_links":{"self":[{"href":"https:\/\/www.tgrthaber.com\/mavikadin\/wp-json\/wp\/v2\/posts\/141753"}],"collection":[{"href":"https:\/\/www.tgrthaber.com\/mavikadin\/wp-json\/wp\/v2\/posts"}],"about":[{"href":"https:\/\/www.tgrthaber.com\/mavikadin\/wp-json\/wp\/v2\/types\/post"}],"author":[{"embeddable":true,"href":"https:\/\/www.tgrthaber.com\/mavikadin\/wp-json\/wp\/v2\/users\/26"}],"replies":[{"embeddable":true,"href":"https:\/\/www.tgrthaber.com\/mavikadin\/wp-json\/wp\/v2\/comments?post=141753"}],"version-history":[{"count":2,"href":"https:\/\/www.tgrthaber.com\/mavikadin\/wp-json\/wp\/v2\/posts\/141753\/revisions"}],"predecessor-version":[{"id":141770,"href":"https:\/\/www.tgrthaber.com\/mavikadin\/wp-json\/wp\/v2\/posts\/141753\/revisions\/141770"}],"wp:featuredmedia":[{"embeddable":true,"href":"https:\/\/www.tgrthaber.com\/mavikadin\/wp-json\/wp\/v2\/media\/141763"}],"wp:attachment":[{"href":"https:\/\/www.tgrthaber.com\/mavikadin\/wp-json\/wp\/v2\/media?parent=141753"}],"wp:term":[{"taxonomy":"category","embeddable":true,"href":"https:\/\/www.tgrthaber.com\/mavikadin\/wp-json\/wp\/v2\/categories?post=141753"},{"taxonomy":"post_tag","embeddable":true,"href":"https:\/\/www.tgrthaber.com\/mavikadin\/wp-json\/wp\/v2\/tags?post=141753"}],"curies":[{"name":"wp","href":"https:\/\/api.w.org\/{rel}","templated":true}]}}