{"id":141761,"date":"2025-03-04T13:00:04","date_gmt":"2025-03-04T10:00:04","guid":{"rendered":"https:\/\/www.tgrthaber.com\/mavikadin\/?p=141761"},"modified":"2025-03-04T13:04:41","modified_gmt":"2025-03-04T10:04:41","slug":"edip-akbayram-icin-yapilan-torende-kizi-turkunun-sozleri-yurekleri-sizlatti-ne-soylesem-onun-yuregini-anlatmaya-yetmeyecek","status":"publish","type":"post","link":"https:\/\/www.tgrthaber.com\/mavikadin\/edip-akbayram-icin-yapilan-torende-kizi-turkunun-sozleri-yurekleri-sizlatti-ne-soylesem-onun-yuregini-anlatmaya-yetmeyecek\/","title":{"rendered":"Edip Akbayram i\u00e7in yap\u0131lan t\u00f6rende k\u0131z\u0131 T\u00fcrk\u00fc&#8217;n\u00fcn s\u00f6zleri y\u00fcrekleri s\u0131zlatt\u0131! &#8220;Ne s\u00f6ylesem onun y\u00fcre\u011fini anlatmaya yetmeyecek&#8221;"},"content":{"rendered":"<p>Edip Akbayram bug\u00fcn son yolculu\u011funa u\u011furlan\u0131yor. Akbayram&#8217;\u0131n k\u0131z\u0131 T\u00fcrk\u00fc ve sanat\u00e7\u0131 dostu Z\u00fclf\u00fc Livaneli&#8217;nin s\u00f6zleri y\u00fcrekleri s\u0131zlatt\u0131.<\/p>\n<h3>ED\u0130P AKBAYRAM KIZI T\u00dcRK\u00dc&#8217;N\u00dcN S\u00d6ZLER\u0130 Y\u00dcREKLER\u0130 SIZLATTI!<\/h3>\n<p>Tedavi g\u00f6rd\u00fc\u011f\u00fc hastanede 75 ya\u015f\u0131nda hayat\u0131n\u0131 kaybeden Akbayram&#8217;a bug\u00fcn veda ediliyor. Cenazenin defnedilmesinden \u00f6nce yap\u0131lan t\u00f6rende Edip Akbayram&#8217;\u0131n k\u0131z\u0131 ve sanat\u00e7\u0131 dostlar\u0131 onu anmak i\u00e7in s\u00f6z ald\u0131. Dikkat \u00e7eken konu\u015fmalardan biri Z\u00fclf\u00fc Livaneli&#8217;den gelirken T\u00fcrk\u00fc&#8217;n\u00fcn babas\u0131 i\u00e7in s\u00f6yledi\u011fi duygusal s\u00f6zler y\u00fcrekleri s\u0131zlatt\u0131.<\/p>\n<div style=\"width: 640px;\" class=\"wp-video\"><!--[if lt IE 9]><script>document.createElement('video');<\/script><![endif]-->\n<video class=\"wp-video-shortcode\" id=\"video-141761-1\" width=\"640\" height=\"1138\" preload=\"metadata\" controls=\"controls\"><source type=\"video\/mp4\" src=\"https:\/\/www.tgrthaber.com\/mavikadin\/wp-content\/uploads\/WhatsApp-Video-2025-03-04-at-11.37.20.mp4?_=1\" \/><a href=\"https:\/\/www.tgrthaber.com\/mavikadin\/wp-content\/uploads\/WhatsApp-Video-2025-03-04-at-11.37.20.mp4\">https:\/\/www.tgrthaber.com\/mavikadin\/wp-content\/uploads\/WhatsApp-Video-2025-03-04-at-11.37.20.mp4<\/a><\/video><\/div>\n<hr \/>\n<h3>Z\u00dcLF\u00dc L\u0130VANEL\u0130: I\u015eIKLAR I\u00c7INDE YATSIN<\/h3>\n<p>T\u00fcrk\u00fcleri dillere pelesenk olan Edip Akbayram&#8217;a veda konu\u015fmas\u0131 yapan Z\u00fclf\u00fc Livaneli, &#8220;Edip Atat\u00fcrk\u00e7\u00fcyd\u00fc, sosyalistti, \u0131\u015f\u0131klar i\u00e7inde yats\u0131n.&#8221; derken tabuta \u00f6p\u00fcc\u00fck b\u0131rakt\u0131. Livaneli&#8217;nin konu\u015fmas\u0131 salondan b\u00fcy\u00fck alk\u0131\u015f ald\u0131.<br \/>\n2 Mart&#8217;ta hayat\u0131n\u0131 kaybeden Edip Akbayram i\u00e7in bug\u00fcn t\u00f6ren d\u00fczenlendi. Cemal Re\u015fit Rey Konser Salonu&#8217;nda d\u00fczenlenen t\u00f6rene \u00fcnl\u00fc ismin sanat\u00e7\u0131 dostlar\u0131 ve siyasilerden de kat\u0131l\u0131m sa\u011flayanlar oldu. Z\u00fclf\u00fc Livaneli Edip Akbayram hakk\u0131nda konu\u015fmas\u0131n\u0131 sonland\u0131r\u0131rken k\u0131z\u0131 T\u00fcrk\u00fc&#8217;ye s\u00f6z\u00fc b\u0131rakt\u0131.<\/p>\n<p><img loading=\"lazy\" decoding=\"async\" class=\"alignnone size-full wp-image-141771\" src=\"https:\/\/www.tgrthaber.com\/mavikadin\/wp-content\/uploads\/Zulfu-Livaneli-4.jpg\" alt=\"\" width=\"1208\" height=\"680\" title=\"\" srcset=\"https:\/\/www.tgrthaber.com\/mavikadin\/wp-content\/uploads\/Zulfu-Livaneli-4.jpg 1208w, https:\/\/www.tgrthaber.com\/mavikadin\/wp-content\/uploads\/Zulfu-Livaneli-4-300x169.jpg 300w, https:\/\/www.tgrthaber.com\/mavikadin\/wp-content\/uploads\/Zulfu-Livaneli-4-1024x576.jpg 1024w, https:\/\/www.tgrthaber.com\/mavikadin\/wp-content\/uploads\/Zulfu-Livaneli-4-768x432.jpg 768w\" sizes=\"(max-width: 1208px) 100vw, 1208px\" \/><\/p>\n<hr \/>\n<h3>KIZI T\u00dcRK\u00dc: CANIMA CAN KATAN, YOLUMA I\u015eIK TUTAN<\/h3>\n<p>T\u00fcrk\u00fc s\u00f6zlerine \u015f\u00f6yle ba\u015flad\u0131.&#8221; \u00c7o\u011funuzun Edip abisi ama benim babam. Can\u0131ma can katan, yoluma \u0131\u015f\u0131k tutan. Ne s\u00f6ylesem onun bu co\u011frafyaya katt\u0131\u011f\u0131 de\u011ferden daha anlaml\u0131 olmayacak. Eksik kalacak. Ne s\u00f6ylesem onun y\u00fcre\u011fini anlatmaya yetmeyecek. Do\u011fdu\u011fu andan itibaren hayat\u0131 m\u00fccadele ve direni\u015fle ge\u00e7en koca bir \u00f6m\u00fcr babam\u0131nki. \u0130lkeleri dimdik duru\u015fu, sars\u0131lmaz devrimci Atat\u00fcrk\u00e7\u00fc kimli\u011fiyle. Bu \u00fclkeye bir Edip Akbayram geldi ama asla ge\u00e7meyecek. Babam birimizin memleket hasretinde birimizin sevdas\u0131nda, birimizin kavgas\u0131nda, birimizin umudunda hep ya\u015fayacak. Seni saklayaca\u011f\u0131m baba. \u00d6nce kendim i\u00e7in. Sonra herkes i\u00e7in seni sesimde ya\u015fataca\u011f\u0131m. Bir evlat olarak \u00f6mr\u00fcm boyunca seninle gurur duydum. Seninle gurur duymaya devam edece\u011fim. Ho\u015f\u00e7akal babac\u0131\u011f\u0131m.&#8221;<\/p>\n<p><img loading=\"lazy\" decoding=\"async\" class=\"alignnone size-full wp-image-141772\" src=\"https:\/\/www.tgrthaber.com\/mavikadin\/wp-content\/uploads\/Zulfu-Livaneli-5.jpg\" alt=\"\" width=\"1208\" height=\"680\" title=\"\" srcset=\"https:\/\/www.tgrthaber.com\/mavikadin\/wp-content\/uploads\/Zulfu-Livaneli-5.jpg 1208w, https:\/\/www.tgrthaber.com\/mavikadin\/wp-content\/uploads\/Zulfu-Livaneli-5-300x169.jpg 300w, https:\/\/www.tgrthaber.com\/mavikadin\/wp-content\/uploads\/Zulfu-Livaneli-5-1024x576.jpg 1024w, https:\/\/www.tgrthaber.com\/mavikadin\/wp-content\/uploads\/Zulfu-Livaneli-5-768x432.jpg 768w\" sizes=\"(max-width: 1208px) 100vw, 1208px\" \/><\/p>\n<hr \/>\n<h3>54 YILLIK SANAT HAYATI<\/h3>\n<p>Edip Akbayram 54 y\u0131ll\u0131k sanat hayat\u0131na say\u0131s\u0131z plak, alb\u00fcm ve \u00f6d\u00fcl s\u0131\u011fd\u0131rd\u0131. \u00c7oklu organ yetmezli\u011fi nedeniyle hayat\u0131n\u0131 kaybeden usta isim 75 ya\u015f\u0131nda aram\u0131zdan ayr\u0131ld\u0131.<\/p>\n<p><img loading=\"lazy\" decoding=\"async\" class=\"alignnone size-full wp-image-141773\" src=\"https:\/\/www.tgrthaber.com\/mavikadin\/wp-content\/uploads\/Zulfu-Livaneli-6.jpg\" alt=\"\" width=\"1208\" height=\"680\" title=\"\" srcset=\"https:\/\/www.tgrthaber.com\/mavikadin\/wp-content\/uploads\/Zulfu-Livaneli-6.jpg 1208w, https:\/\/www.tgrthaber.com\/mavikadin\/wp-content\/uploads\/Zulfu-Livaneli-6-300x169.jpg 300w, https:\/\/www.tgrthaber.com\/mavikadin\/wp-content\/uploads\/Zulfu-Livaneli-6-1024x576.jpg 1024w, https:\/\/www.tgrthaber.com\/mavikadin\/wp-content\/uploads\/Zulfu-Livaneli-6-768x432.jpg 768w\" sizes=\"(max-width: 1208px) 100vw, 1208px\" \/><\/p>\n<hr \/>\n<p>Akbayram, bug\u00fcn Harbiye&#8217;deki Cemal Re\u015fit Rey Konser Salonu&#8217;nda d\u00fczenlenecek t\u00f6renden sonra sevenlerine veda edecek.<\/p>\n<p><img loading=\"lazy\" decoding=\"async\" class=\"alignnone size-full wp-image-141774\" src=\"https:\/\/www.tgrthaber.com\/mavikadin\/wp-content\/uploads\/Zulfu-Livaneli-1.jpg\" alt=\"\" width=\"1208\" height=\"680\" title=\"\" srcset=\"https:\/\/www.tgrthaber.com\/mavikadin\/wp-content\/uploads\/Zulfu-Livaneli-1.jpg 1208w, https:\/\/www.tgrthaber.com\/mavikadin\/wp-content\/uploads\/Zulfu-Livaneli-1-300x169.jpg 300w, https:\/\/www.tgrthaber.com\/mavikadin\/wp-content\/uploads\/Zulfu-Livaneli-1-1024x576.jpg 1024w, https:\/\/www.tgrthaber.com\/mavikadin\/wp-content\/uploads\/Zulfu-Livaneli-1-768x432.jpg 768w\" sizes=\"(max-width: 1208px) 100vw, 1208px\" \/><\/p>\n","protected":false},"excerpt":{"rendered":"<p>Usta sanat\u00e7\u0131 Edip Akbayram bug\u00fcn son yolculu\u011funa u\u011furlan\u0131yor. Cenazenin defnedilmesinden \u00f6nce ger\u00e7ekle\u015ftirilen t\u00f6rende Akbayram&#8217;\u0131n k\u0131z\u0131 T\u00fcrk\u00fc&#8217;n\u00fcn konu\u015fmas\u0131 salondakilere duygusal anlar ya\u015fatt\u0131. T\u00fcrk\u00fc, babas\u0131 i\u00e7in &#8220;Ne s\u00f6ylesem onun y\u00fcre\u011fini anlatmaya yetmeyecek&#8221; dedi.<\/p>\n","protected":false},"author":5,"featured_media":141779,"comment_status":"closed","ping_status":"closed","sticky":false,"template":"","format":"standard","meta":{"rank_math_lock_modified_date":false,"footnotes":""},"categories":[76],"tags":[7552,7683,12871],"class_list":["post-141761","post","type-post","status-publish","format-standard","has-post-thumbnail","hentry","category-magazin","tag-edip-akbayram","tag-turku-akbayram","tag-zulfu-livaneli"],"_links":{"self":[{"href":"https:\/\/www.tgrthaber.com\/mavikadin\/wp-json\/wp\/v2\/posts\/141761"}],"collection":[{"href":"https:\/\/www.tgrthaber.com\/mavikadin\/wp-json\/wp\/v2\/posts"}],"about":[{"href":"https:\/\/www.tgrthaber.com\/mavikadin\/wp-json\/wp\/v2\/types\/post"}],"author":[{"embeddable":true,"href":"https:\/\/www.tgrthaber.com\/mavikadin\/wp-json\/wp\/v2\/users\/5"}],"replies":[{"embeddable":true,"href":"https:\/\/www.tgrthaber.com\/mavikadin\/wp-json\/wp\/v2\/comments?post=141761"}],"version-history":[{"count":3,"href":"https:\/\/www.tgrthaber.com\/mavikadin\/wp-json\/wp\/v2\/posts\/141761\/revisions"}],"predecessor-version":[{"id":141778,"href":"https:\/\/www.tgrthaber.com\/mavikadin\/wp-json\/wp\/v2\/posts\/141761\/revisions\/141778"}],"wp:featuredmedia":[{"embeddable":true,"href":"https:\/\/www.tgrthaber.com\/mavikadin\/wp-json\/wp\/v2\/media\/141779"}],"wp:attachment":[{"href":"https:\/\/www.tgrthaber.com\/mavikadin\/wp-json\/wp\/v2\/media?parent=141761"}],"wp:term":[{"taxonomy":"category","embeddable":true,"href":"https:\/\/www.tgrthaber.com\/mavikadin\/wp-json\/wp\/v2\/categories?post=141761"},{"taxonomy":"post_tag","embeddable":true,"href":"https:\/\/www.tgrthaber.com\/mavikadin\/wp-json\/wp\/v2\/tags?post=141761"}],"curies":[{"name":"wp","href":"https:\/\/api.w.org\/{rel}","templated":true}]}}