{"id":141762,"date":"2025-03-04T13:19:40","date_gmt":"2025-03-04T10:19:40","guid":{"rendered":"https:\/\/www.tgrthaber.com\/mavikadin\/?p=141762"},"modified":"2025-03-04T13:19:39","modified_gmt":"2025-03-04T10:19:39","slug":"ferit-kayanin-babasi-kimdir-ferit-kayanin-esi-yasemin-ceren-arastiriliyor","status":"publish","type":"post","link":"https:\/\/www.tgrthaber.com\/mavikadin\/ferit-kayanin-babasi-kimdir-ferit-kayanin-esi-yasemin-ceren-arastiriliyor\/","title":{"rendered":"Ferit Kaya&#8217;n\u0131n babas\u0131 kimdir? Ferit Kaya&#8217;n\u0131n e\u015fi Yasemin Ceren ara\u015ft\u0131r\u0131l\u0131yor"},"content":{"rendered":"<p>Ferit Kaya, etkileyici oyunculuk yetenekleri ve pop\u00fcler TV dizileri ve filmlerindeki rolleriyle e\u011flence sekt\u00f6r\u00fcnde \u00f6nemli bir iz b\u0131rakan tan\u0131nm\u0131\u015f bir T\u00fcrk akt\u00f6rd\u00fcr. T\u00fcrkiye&#8217;nin Diyarbak\u0131r kentinde do\u011fan Kaya, y\u0131llar i\u00e7inde sad\u0131k bir hayran kitlesi kazand\u0131. Son zamanlarda, \u00f6zellikle emlak\u00e7\u0131 Yasemin Ceren ile evlili\u011finin ard\u0131ndan ki\u015fisel hayat\u0131 dikkat \u00e7ekti. Ancak kariyeri ve Yasemin ile ili\u015fkisi hakk\u0131nda \u00e7ok \u015fey bilinmesine ra\u011fmen, babas\u0131 da dahil olmak \u00fczere ailesiyle ilgili ayr\u0131nt\u0131lar b\u00fcy\u00fck \u00f6l\u00e7\u00fcde \u00f6zel kal\u0131yor.<\/p>\n<h3>FER\u0130T KAYA K\u0130MD\u0130R?<\/h3>\n<p>T\u00fcrk e\u011flence sekt\u00f6r\u00fcn\u00fcn y\u00fckselen y\u0131ld\u0131z\u0131 Ferit Kaya, pop\u00fcler dizi ve filmlerdeki rolleriyle tan\u0131n\u0131yor. 24 \u015eubat 1984&#8217;te T\u00fcrkiye&#8217;nin Diyarbak\u0131r kentinde do\u011fan Ferit Kaya, oyunculukta ba\u015far\u0131l\u0131 bir kariyer in\u015fa etti. Zaza k\u00f6kenli olan Kaya, Mimar Sinan Devlet Konservatuvar\u0131&#8217;nda tiyatro e\u011fitimi ald\u0131. Oyunculuk yetene\u011fi ona bir\u00e7ok be\u011fenilen TV dizisinde rol kazand\u0131rd\u0131 ve onu g\u00fcn\u00fcm\u00fcz T\u00fcrk e\u011flence d\u00fcnyas\u0131n\u0131n en umut vadeden oyuncular\u0131ndan biri yapt\u0131.<\/p>\n<p><img loading=\"lazy\" decoding=\"async\" class=\"alignnone wp-image-141782\" src=\"https:\/\/www.tgrthaber.com\/mavikadin\/wp-content\/uploads\/3-321.png\" alt=\"\" width=\"1208\" height=\"680\" title=\"\" srcset=\"https:\/\/www.tgrthaber.com\/mavikadin\/wp-content\/uploads\/3-321.png 1280w, https:\/\/www.tgrthaber.com\/mavikadin\/wp-content\/uploads\/3-321-300x169.png 300w, https:\/\/www.tgrthaber.com\/mavikadin\/wp-content\/uploads\/3-321-1024x576.png 1024w, https:\/\/www.tgrthaber.com\/mavikadin\/wp-content\/uploads\/3-321-768x432.png 768w\" sizes=\"(max-width: 1208px) 100vw, 1208px\" \/><\/p>\n<hr \/>\n<h3>FER\u0130T KAYA&#8217;NIN BABASI K\u0130MD\u0130R?<\/h3>\n<p>\u015eu anda, Ferit Kaya&#8217;n\u0131n babas\u0131 hakk\u0131nda kamuya a\u00e7\u0131k bir bilgi yok. Kaya, kamuoyunun g\u00f6z\u00fc \u00f6n\u00fcnde olmas\u0131na ra\u011fmen, babas\u0131n\u0131n kimli\u011fi de dahil olmak \u00fczere aile hayat\u0131n\u0131n ayr\u0131nt\u0131lar\u0131n\u0131 gizli tuttu. Benzer \u015fekilde, annesi hakk\u0131nda da \u00e7ok az bilgi mevcut. Bu, aile ge\u00e7mi\u015fi hakk\u0131nda merak uyand\u0131rd\u0131, ancak \u015fimdilik babas\u0131n\u0131n ad\u0131 bilinmiyor.<\/p>\n<p><img loading=\"lazy\" decoding=\"async\" class=\"alignnone wp-image-141784\" src=\"https:\/\/www.tgrthaber.com\/mavikadin\/wp-content\/uploads\/5-174.png\" alt=\"\" width=\"1208\" height=\"680\" title=\"\" srcset=\"https:\/\/www.tgrthaber.com\/mavikadin\/wp-content\/uploads\/5-174.png 1280w, https:\/\/www.tgrthaber.com\/mavikadin\/wp-content\/uploads\/5-174-300x169.png 300w, https:\/\/www.tgrthaber.com\/mavikadin\/wp-content\/uploads\/5-174-1024x576.png 1024w, https:\/\/www.tgrthaber.com\/mavikadin\/wp-content\/uploads\/5-174-768x432.png 768w\" sizes=\"(max-width: 1208px) 100vw, 1208px\" \/><\/p>\n<hr \/>\n<h3>FER\u0130T KAYA&#8217;NIN E\u015e\u0130 YASEM\u0130N CEREN<\/h3>\n<p>Ferit Kaya, yak\u0131n zamanda Yasemin Ceren Top\u00e7u ile evlili\u011fiyle man\u015fetlere \u00e7\u0131kt\u0131. \u00c7ift, 14 Eyl\u00fcl 2024&#8217;te, T\u00fcrk e\u011flence sekt\u00f6r\u00fcnden bir\u00e7ok tan\u0131nm\u0131\u015f ismin kat\u0131ld\u0131\u011f\u0131, Diyarbak\u0131r&#8217;da d\u00fczenlenen muhte\u015fem bir d\u00fc\u011f\u00fcn t\u00f6reniyle d\u00fcnyaevine girdi. 35 ya\u015f\u0131ndaki Yasemin Ceren, gayrimenkul sekt\u00f6r\u00fcnde profesyonel ve i\u015f d\u00fcnyas\u0131nda kendine bir isim yapt\u0131. Yasemin Ceren, mesleki ba\u015far\u0131s\u0131na ra\u011fmen ilgi oda\u011f\u0131 d\u0131\u015f\u0131nda kald\u0131 ve kendisi hakk\u0131nda \u00e7ok az ki\u015fisel bilgi kamuoyuyla payla\u015f\u0131ld\u0131. \u00c7ift, hayranlar\u0131n\u0131n b\u00fcy\u00fck memnuniyetine, birlikte ge\u00e7irdikleri anlar\u0131 sosyal medyada payla\u015ft\u0131.<\/p>\n<p><img loading=\"lazy\" decoding=\"async\" class=\"alignnone wp-image-141781\" src=\"https:\/\/www.tgrthaber.com\/mavikadin\/wp-content\/uploads\/2-321.png\" alt=\"\" width=\"1208\" height=\"680\" title=\"\" srcset=\"https:\/\/www.tgrthaber.com\/mavikadin\/wp-content\/uploads\/2-321.png 1280w, https:\/\/www.tgrthaber.com\/mavikadin\/wp-content\/uploads\/2-321-300x169.png 300w, https:\/\/www.tgrthaber.com\/mavikadin\/wp-content\/uploads\/2-321-1024x576.png 1024w, https:\/\/www.tgrthaber.com\/mavikadin\/wp-content\/uploads\/2-321-768x432.png 768w\" sizes=\"(max-width: 1208px) 100vw, 1208px\" \/><\/p>\n<hr \/>\n<p>Ferit Kaya, T\u00fcrk dizileri ve filmlerindeki rolleriyle g\u00fc\u00e7l\u00fc bir hayran kitlesi kazand\u0131. Kaya&#8217;n\u0131n ba\u015far\u0131s\u0131 televizyonun \u00f6tesine uzan\u0131yor; Ayr\u0131ca tiyatroda da \u00e7al\u0131\u015fm\u0131\u015f ve bir akt\u00f6r olarak \u00e7ok y\u00f6nl\u00fcl\u00fc\u011f\u00fcn\u00fc sergilemi\u015ftir.<\/p>\n","protected":false},"excerpt":{"rendered":"<p>erit Kaya, hem televizyon hem de filmdeki \u00e7ok y\u00f6nl\u00fc performanslar\u0131yla tan\u0131nan \u00f6nemli bir T\u00fcrk akt\u00f6rd\u00fcr. Y\u0131llar i\u00e7inde, hit dizilerdeki rolleriyle tan\u0131nd\u0131 ve T\u00fcrk e\u011flence sekt\u00f6r\u00fcnde sa\u011flam bir yer edindi. Kariyerinin yan\u0131 s\u0131ra, ki\u015fisel hayat\u0131 da merak uyand\u0131rd\u0131, \u00f6zellikle de emlak sekt\u00f6r\u00fcnde profesyonel olan Yasemin Ceren ile yak\u0131n zamanda evlenmesi. Mesleki ba\u015far\u0131s\u0131 artmaya devam ederken, \u00f6zellikle babas\u0131yla ilgili olmak \u00fczere ailesinin ge\u00e7mi\u015fi hakk\u0131nda \u00e7ok az \u015fey biliniyor. <\/p>\n","protected":false},"author":28,"featured_media":141783,"comment_status":"closed","ping_status":"closed","sticky":false,"template":"","format":"standard","meta":{"rank_math_lock_modified_date":true,"footnotes":""},"categories":[76],"tags":[2930,12882,12880,12881],"class_list":["post-141762","post","type-post","status-publish","format-standard","has-post-thumbnail","hentry","category-magazin","tag-ferit-kaya","tag-ferit-kaya-kimdir","tag-ferit-kayanin-babasi-kimdir","tag-ferit-kayanin-esi"],"_links":{"self":[{"href":"https:\/\/www.tgrthaber.com\/mavikadin\/wp-json\/wp\/v2\/posts\/141762"}],"collection":[{"href":"https:\/\/www.tgrthaber.com\/mavikadin\/wp-json\/wp\/v2\/posts"}],"about":[{"href":"https:\/\/www.tgrthaber.com\/mavikadin\/wp-json\/wp\/v2\/types\/post"}],"author":[{"embeddable":true,"href":"https:\/\/www.tgrthaber.com\/mavikadin\/wp-json\/wp\/v2\/users\/28"}],"replies":[{"embeddable":true,"href":"https:\/\/www.tgrthaber.com\/mavikadin\/wp-json\/wp\/v2\/comments?post=141762"}],"version-history":[{"count":2,"href":"https:\/\/www.tgrthaber.com\/mavikadin\/wp-json\/wp\/v2\/posts\/141762\/revisions"}],"predecessor-version":[{"id":141789,"href":"https:\/\/www.tgrthaber.com\/mavikadin\/wp-json\/wp\/v2\/posts\/141762\/revisions\/141789"}],"wp:featuredmedia":[{"embeddable":true,"href":"https:\/\/www.tgrthaber.com\/mavikadin\/wp-json\/wp\/v2\/media\/141783"}],"wp:attachment":[{"href":"https:\/\/www.tgrthaber.com\/mavikadin\/wp-json\/wp\/v2\/media?parent=141762"}],"wp:term":[{"taxonomy":"category","embeddable":true,"href":"https:\/\/www.tgrthaber.com\/mavikadin\/wp-json\/wp\/v2\/categories?post=141762"},{"taxonomy":"post_tag","embeddable":true,"href":"https:\/\/www.tgrthaber.com\/mavikadin\/wp-json\/wp\/v2\/tags?post=141762"}],"curies":[{"name":"wp","href":"https:\/\/api.w.org\/{rel}","templated":true}]}}