{"id":141827,"date":"2025-03-04T14:39:51","date_gmt":"2025-03-04T11:39:51","guid":{"rendered":"https:\/\/www.tgrthaber.com\/mavikadin\/?p=141827"},"modified":"2025-03-04T14:39:51","modified_gmt":"2025-03-04T11:39:51","slug":"afra-saracoglunun-yeni-sevgilisi-seyma-subasinin-eski-esi-mohammed-alsaloussi-mi-yunanistanda-bir-araya-geldiler-iddiasi","status":"publish","type":"post","link":"https:\/\/www.tgrthaber.com\/mavikadin\/afra-saracoglunun-yeni-sevgilisi-seyma-subasinin-eski-esi-mohammed-alsaloussi-mi-yunanistanda-bir-araya-geldiler-iddiasi\/","title":{"rendered":"Afra Sara\u00e7o\u011flu&#8217;nun yeni sevgilisi \u015eeyma Suba\u015f\u0131&#8217;n\u0131n eski e\u015fi Mohammed Alsaloussi mi? Yunanistan&#8217;da bir araya geldiler iddias\u0131"},"content":{"rendered":"<p>Yal\u0131 \u00c7apk\u0131n\u0131&#8217;n\u0131n sevilen ikilisi Afra Sara\u00e7o\u011flu ve Mert Ramazan Demir&#8217;i ger\u00e7ek hayatta da birlikte. Bir darg\u0131n bir bar\u0131\u015f\u0131k ili\u015fki ya\u015fayan \u00e7ift yine g\u00fcndem oldu. Bu defa ayr\u0131ld\u0131\u011f\u0131 haberlerinin \u00fczerine Afra Sara\u00e7o\u011flu&#8217;nun, \u015eeyma Suba\u015f\u0131&#8217;n\u0131n eski e\u015fi Mohammed Alsaloussi&#8217;ye g\u00f6nl\u00fcn\u00fc kapt\u0131rd\u0131\u011f\u0131 \u00f6ne s\u00fcr\u00fcld\u00fc.<\/p>\n<h3>AFRA SARA\u00c7O\u011eLU G\u00d6NL\u00dcN\u00dc MOHAMMED ALSALOUSS\u0130&#8217;YE M\u0130 KAPTIRDI?<\/h3>\n<p>Yal\u0131 \u00c7apk\u0131n\u0131 dizisine ba\u015flad\u0131\u011f\u0131 ilk d\u00f6nemde Mert Yaz\u0131c\u0131o\u011flu ile ili\u015fkisi olan Afra Sara\u00e7o\u011flu birden bire ili\u015fkisine son vererek k\u0131sa s\u00fcre sonra Mert Ramazan Demir ile a\u015fk ya\u015famaya ba\u015flam\u0131\u015ft\u0131. \u0130li\u015fkilerini ilk etapta yalanlayan Sara\u00e7o\u011flu ile Demir daha sonradan ili\u015fki ya\u015fad\u0131klar\u0131n\u0131 a\u00e7\u0131klam\u0131\u015ft\u0131.<\/p>\n<p><img loading=\"lazy\" decoding=\"async\" class=\"alignnone size-full wp-image-141835\" src=\"https:\/\/www.tgrthaber.com\/mavikadin\/wp-content\/uploads\/Afra-Saracoglu-1-2.jpg\" alt=\"\" width=\"1208\" height=\"680\" title=\"\" srcset=\"https:\/\/www.tgrthaber.com\/mavikadin\/wp-content\/uploads\/Afra-Saracoglu-1-2.jpg 1208w, https:\/\/www.tgrthaber.com\/mavikadin\/wp-content\/uploads\/Afra-Saracoglu-1-2-300x169.jpg 300w, https:\/\/www.tgrthaber.com\/mavikadin\/wp-content\/uploads\/Afra-Saracoglu-1-2-1024x576.jpg 1024w, https:\/\/www.tgrthaber.com\/mavikadin\/wp-content\/uploads\/Afra-Saracoglu-1-2-768x432.jpg 768w\" sizes=\"(max-width: 1208px) 100vw, 1208px\" \/><\/p>\n<hr \/>\n<p>\u00d6zel hayatlar\u0131 hakk\u0131nda konu\u015fmay\u0131 sevmeyen ikili magazin bas\u0131n\u0131nda s\u0131k\u00e7a g\u00f6r\u00fcnt\u00fclenerek ili\u015fkilerini g\u00f6zler \u00f6n\u00fcnde ya\u015famaya ba\u015flad\u0131.<\/p>\n<h3>AFRA SARA\u00c7O\u011eLU \u0130LE MERT RAMAZAN DEM\u0130R AYRILDI MI ?<\/h3>\n<p>Bir darg\u0131n bir bar\u0131\u015f\u0131k olan Afra Sara\u00e7o\u011flu ile Mert Ramazan Demir&#8217;in \u015fimdilerde \u00e7\u0131kan dedikodu y\u00fcz\u00fcnden yeniden a\u00e7\u0131ld\u0131\u011f\u0131 s\u00f6yleniyor. \u0130ddialara g\u00f6re Sara\u00e7o\u011flu g\u00f6nl\u00fcn\u00fc \u015eeyma Suba\u015f\u0131&#8217;n\u0131n eski e\u015fi Mohammed Alsaloussi&#8217;ye kapt\u0131rd\u0131.<\/p>\n<p>Ge\u00e7ti\u011fimiz g\u00fcnlerde Mert Ramazan Demir&#8217;in Ulus&#8217;ta Afra Sara\u00e7o\u011flu&#8217;yla ya\u015fad\u0131\u011f\u0131 eve de\u011fil Etiler&#8217;deki evine farkl\u0131 bir kad\u0131nla gitmesi dikkat \u00e7ekmi\u015fti.<\/p>\n<p><img loading=\"lazy\" decoding=\"async\" class=\"alignnone size-full wp-image-141836\" src=\"https:\/\/www.tgrthaber.com\/mavikadin\/wp-content\/uploads\/Afra-Saracoglu-2-1.jpg\" alt=\"\" width=\"1208\" height=\"680\" title=\"\" srcset=\"https:\/\/www.tgrthaber.com\/mavikadin\/wp-content\/uploads\/Afra-Saracoglu-2-1.jpg 1208w, https:\/\/www.tgrthaber.com\/mavikadin\/wp-content\/uploads\/Afra-Saracoglu-2-1-300x169.jpg 300w, https:\/\/www.tgrthaber.com\/mavikadin\/wp-content\/uploads\/Afra-Saracoglu-2-1-1024x576.jpg 1024w, https:\/\/www.tgrthaber.com\/mavikadin\/wp-content\/uploads\/Afra-Saracoglu-2-1-768x432.jpg 768w\" sizes=\"(max-width: 1208px) 100vw, 1208px\" \/><\/p>\n<hr \/>\n<p>Afra Sara\u00e7o\u011flu hakk\u0131nda ortaya at\u0131lan iddialara g\u00f6re Sara\u00e7o\u011flu, \u015eeyma Suba\u015f\u0131&#8217;n\u0131n eski e\u015fi M\u0131s\u0131rl\u0131 Mohammed Alsaloussi&#8217;ye g\u00f6nl\u00fcn\u00fc kapt\u0131rd\u0131.<\/p>\n<h3>YILBA\u015eINI B\u0130RL\u0130KTE KUTLAMI\u015eLARDI<\/h3>\n<p>Sosyal medya \u00fczerinden tan\u0131\u015fan \u00e7iftin daha sonra Yunanistan&#8217;\u0131n ba\u015fkenti Atina&#8217;da bir araya geldi\u011fi \u00f6ne s\u00fcr\u00fcld\u00fc.<\/p>\n<p>Y\u0131lba\u015f\u0131n\u0131 birlikte kutlayan \u00e7ift \u015eubat ay\u0131n\u0131n ba\u015f\u0131nda birbirlerini sosyal medya hesaplar\u0131ndan takipten \u00e7\u0131karak ayr\u0131l\u0131k dedikodular\u0131n\u0131 do\u011frulam\u0131\u015ft\u0131.<\/p>\n<p><img loading=\"lazy\" decoding=\"async\" class=\"alignnone size-full wp-image-141837\" src=\"https:\/\/www.tgrthaber.com\/mavikadin\/wp-content\/uploads\/Afra-Saracoglu-3-1.jpg\" alt=\"\" width=\"1208\" height=\"680\" title=\"\" srcset=\"https:\/\/www.tgrthaber.com\/mavikadin\/wp-content\/uploads\/Afra-Saracoglu-3-1.jpg 1208w, https:\/\/www.tgrthaber.com\/mavikadin\/wp-content\/uploads\/Afra-Saracoglu-3-1-300x169.jpg 300w, https:\/\/www.tgrthaber.com\/mavikadin\/wp-content\/uploads\/Afra-Saracoglu-3-1-1024x576.jpg 1024w, https:\/\/www.tgrthaber.com\/mavikadin\/wp-content\/uploads\/Afra-Saracoglu-3-1-768x432.jpg 768w\" sizes=\"(max-width: 1208px) 100vw, 1208px\" \/><\/p>\n<hr \/>\n<p>Magazin g\u00fcndeminden d\u00fc\u015fmeyen ikili bu olaydan sonra hen\u00fcz bir a\u00e7\u0131klamada bulunmad\u0131. \u00dcnl\u00fc \u00e7ift dizilerinin sezon finali yapmas\u0131n\u0131n hemen ard\u0131ndan solu\u011fu tatil i\u00e7in \u0130spanya&#8217;da alm\u0131\u015ft\u0131.<\/p>\n<p><img loading=\"lazy\" decoding=\"async\" class=\"alignnone size-full wp-image-141840\" src=\"https:\/\/www.tgrthaber.com\/mavikadin\/wp-content\/uploads\/Mohammed-Alsaloussi.jpg\" alt=\"\" width=\"1208\" height=\"680\" title=\"\" srcset=\"https:\/\/www.tgrthaber.com\/mavikadin\/wp-content\/uploads\/Mohammed-Alsaloussi.jpg 1208w, https:\/\/www.tgrthaber.com\/mavikadin\/wp-content\/uploads\/Mohammed-Alsaloussi-300x169.jpg 300w, https:\/\/www.tgrthaber.com\/mavikadin\/wp-content\/uploads\/Mohammed-Alsaloussi-1024x576.jpg 1024w, https:\/\/www.tgrthaber.com\/mavikadin\/wp-content\/uploads\/Mohammed-Alsaloussi-768x432.jpg 768w\" sizes=\"(max-width: 1208px) 100vw, 1208px\" \/><\/p>\n<hr \/>\n<h3>\u015eEYMA SUBA\u015eI 2023 YILINDA AYRILDI<\/h3>\n<p>M\u0131s\u0131rl\u0131 milyarder sevgilisi Mohammed Alsaloussi ile Marake\u015f&#8217;te 3 g\u00fcn 3 gece s\u00fcren g\u00f6rkemli bir d\u00fc\u011f\u00fcnle evlenen \u015eeyma Suba\u015f\u0131 \u00e7ok k\u0131sa s\u00fcren evlili\u011fine noktay\u0131 koymu\u015ftu. \u00c7ift 2023 y\u0131l\u0131nda ayr\u0131larak herkesi \u015fa\u015f\u0131rtm\u0131\u015ft\u0131.<\/p>\n","protected":false},"excerpt":{"rendered":"<p>\u00dcnl\u00fc oyuncu Afra Sara\u00e7o\u011flu&#8217;nun, \u015eeyma Suba\u015f\u0131&#8217;n\u0131n eski e\u015fi Mohammed Alsaloussi&#8217;ye g\u00f6nl\u00fcn\u00fc kapt\u0131rd\u0131\u011f\u0131 iddia edildi.<\/p>\n","protected":false},"author":5,"featured_media":141832,"comment_status":"closed","ping_status":"closed","sticky":false,"template":"","format":"standard","meta":{"rank_math_lock_modified_date":false,"footnotes":""},"categories":[76],"tags":[2778,12899,2249],"class_list":["post-141827","post","type-post","status-publish","format-standard","has-post-thumbnail","hentry","category-magazin","tag-afra-saracoglu","tag-mohammed-alsaloussi","tag-seyma-subasi"],"_links":{"self":[{"href":"https:\/\/www.tgrthaber.com\/mavikadin\/wp-json\/wp\/v2\/posts\/141827"}],"collection":[{"href":"https:\/\/www.tgrthaber.com\/mavikadin\/wp-json\/wp\/v2\/posts"}],"about":[{"href":"https:\/\/www.tgrthaber.com\/mavikadin\/wp-json\/wp\/v2\/types\/post"}],"author":[{"embeddable":true,"href":"https:\/\/www.tgrthaber.com\/mavikadin\/wp-json\/wp\/v2\/users\/5"}],"replies":[{"embeddable":true,"href":"https:\/\/www.tgrthaber.com\/mavikadin\/wp-json\/wp\/v2\/comments?post=141827"}],"version-history":[{"count":2,"href":"https:\/\/www.tgrthaber.com\/mavikadin\/wp-json\/wp\/v2\/posts\/141827\/revisions"}],"predecessor-version":[{"id":141847,"href":"https:\/\/www.tgrthaber.com\/mavikadin\/wp-json\/wp\/v2\/posts\/141827\/revisions\/141847"}],"wp:featuredmedia":[{"embeddable":true,"href":"https:\/\/www.tgrthaber.com\/mavikadin\/wp-json\/wp\/v2\/media\/141832"}],"wp:attachment":[{"href":"https:\/\/www.tgrthaber.com\/mavikadin\/wp-json\/wp\/v2\/media?parent=141827"}],"wp:term":[{"taxonomy":"category","embeddable":true,"href":"https:\/\/www.tgrthaber.com\/mavikadin\/wp-json\/wp\/v2\/categories?post=141827"},{"taxonomy":"post_tag","embeddable":true,"href":"https:\/\/www.tgrthaber.com\/mavikadin\/wp-json\/wp\/v2\/tags?post=141827"}],"curies":[{"name":"wp","href":"https:\/\/api.w.org\/{rel}","templated":true}]}}