{"id":141879,"date":"2025-03-04T17:31:20","date_gmt":"2025-03-04T14:31:20","guid":{"rendered":"https:\/\/www.tgrthaber.com\/mavikadin\/?p=141879"},"modified":"2025-03-04T17:31:21","modified_gmt":"2025-03-04T14:31:21","slug":"farkli-lezzet-arayanlarin-tatlisi-cikolatali-gullac-tarifi","status":"publish","type":"post","link":"https:\/\/www.tgrthaber.com\/mavikadin\/farkli-lezzet-arayanlarin-tatlisi-cikolatali-gullac-tarifi\/","title":{"rendered":"Farkl\u0131 lezzet arayanlar\u0131n tatl\u0131s\u0131! \u00c7ikolatal\u0131 g\u00fclla\u00e7 tarifi"},"content":{"rendered":"<p>G\u00fclla\u00e7 sevmeyenler i\u00e7in a\u011f\u0131zlar\u0131n\u0131n suyunu ak\u0131tacak yeni lezzet \u00e7ikolatal\u0131 g\u00fclla\u00e7 tarifini sizler i\u00e7in derledik. Farkl\u0131 bir tatl\u0131 lezzet olan \u00e7ikolatal\u0131 g\u00fclla\u00e7 tarifi sayesinde iftar sofralar\u0131n\u0131 zenginle\u015ftirin.<\/p>\n<h3>\u00c7\u0130KOLATALI G\u00dcLLA\u00c7 TAR\u0130F\u0130<\/h3>\n<p><strong>MALZEMELER<\/strong><\/p>\n<p>12 g\u00fclla\u00e7 yapra\u011f\u0131<br \/>\nBir bu\u00e7uk litre s\u00fct<br \/>\nBir bu\u00e7uk su barda\u011f\u0131 \u015feker<br \/>\n6 yemek ka\u015f\u0131\u011f\u0131 kakao<br \/>\n2 paket vanilya<br \/>\n160 gram \u00e7ikolata<\/p>\n<p>2 kase d\u00f6v\u00fclm\u00fc\u015f ceviz<br \/>\n6 yemek ka\u015f\u0131\u011f\u0131 Hindistan cevizi<br \/>\n80 gram iri par\u00e7alanm\u0131\u015f \u00e7ikolata<\/p>\n<p>D\u00f6v\u00fclm\u00fc\u015f f\u0131nd\u0131k ve Dilimlenmi\u015f \u00e7ilek<\/p>\n<p><img loading=\"lazy\" decoding=\"async\" class=\"alignnone size-full wp-image-141890\" src=\"https:\/\/www.tgrthaber.com\/mavikadin\/wp-content\/uploads\/Adsiz-tasarim-4-2.png\" alt=\"\" width=\"1208\" height=\"680\" title=\"\" srcset=\"https:\/\/www.tgrthaber.com\/mavikadin\/wp-content\/uploads\/Adsiz-tasarim-4-2.png 1208w, https:\/\/www.tgrthaber.com\/mavikadin\/wp-content\/uploads\/Adsiz-tasarim-4-2-300x169.png 300w, https:\/\/www.tgrthaber.com\/mavikadin\/wp-content\/uploads\/Adsiz-tasarim-4-2-1024x576.png 1024w, https:\/\/www.tgrthaber.com\/mavikadin\/wp-content\/uploads\/Adsiz-tasarim-4-2-768x432.png 768w\" sizes=\"(max-width: 1208px) 100vw, 1208px\" \/><\/p>\n<hr \/>\n<p><strong>YAPILI\u015eI<\/strong><\/p>\n<p>Tencereye s\u00fct, \u015feker, kakao, vanilya ve \u00e7ikolata al\u0131n\u0131r.<\/p>\n<p>S\u00fct\u00fc \u0131s\u0131tt\u0131ktan sonra \u00e7ikolatal\u0131 eritin. Ocakta olan bu kar\u0131\u015f\u0131m\u0131n alt\u0131 tutmamas\u0131 i\u00e7in s\u0131k s\u0131k kar\u0131\u015ft\u0131r\u0131n.<\/p>\n<p>Tepsinizin b\u00fcy\u00fckl\u00fc\u011f\u00fcne g\u00f6re 7 adet g\u00fclla\u00e7 yapra\u011f\u0131 4 par\u00e7aya ay\u0131r\u0131n.<\/p>\n<p>Toplamda 4 g\u00fclla\u00e7 yapra\u011f\u0131 \u00e7ikolatal\u0131 s\u00fct ile \u0131slat\u0131l\u0131p \u00fcst \u00fcste dizin. G\u00fclla\u00e7 yapraklar\u0131 \u00e7ikolata olana kadar d\u00f6k\u00fcn.<\/p>\n<p>4 adet tamamland\u0131ktan sonra aras\u0131na ceviz, hindistan cevizi, iri par\u00e7alanm\u0131\u015f \u00e7ikolata ilave edin.<\/p>\n<p>Ayn\u0131 i\u015flemi bir kez daha yap\u0131n. G\u00fclla\u00e7lar bitikten sonra dinlenmeye b\u0131rak\u0131n. Ard\u0131ndan buzdolab\u0131na koymadan \u00f6nce \u00fczerine f\u0131nd\u0131k ve dilimlenmi\u015f \u00e7ilek ekleyin. Buzdolab\u0131nda 2 saat beklettikten sonra iftar sonras\u0131 \u00e7ay\u0131n yan\u0131nda ikram edin.<\/p>\n<p><img loading=\"lazy\" decoding=\"async\" class=\"alignnone size-full wp-image-141893\" src=\"https:\/\/www.tgrthaber.com\/mavikadin\/wp-content\/uploads\/Adsiz-tasarim-5-1.png\" alt=\"\" width=\"1208\" height=\"680\" title=\"\" srcset=\"https:\/\/www.tgrthaber.com\/mavikadin\/wp-content\/uploads\/Adsiz-tasarim-5-1.png 1208w, https:\/\/www.tgrthaber.com\/mavikadin\/wp-content\/uploads\/Adsiz-tasarim-5-1-300x169.png 300w, https:\/\/www.tgrthaber.com\/mavikadin\/wp-content\/uploads\/Adsiz-tasarim-5-1-1024x576.png 1024w, https:\/\/www.tgrthaber.com\/mavikadin\/wp-content\/uploads\/Adsiz-tasarim-5-1-768x432.png 768w\" sizes=\"(max-width: 1208px) 100vw, 1208px\" \/><\/p>\n<hr \/>\n<h3>G\u00dcLLA\u00c7 TAR\u0130H\u0130<\/h3>\n<p>Osmanl\u0131 \u0130mparatorlu\u011fu&#8217;ndan g\u00fcn\u00fcm\u00fcze kadar gelmi\u015f bir tatl\u0131d\u0131r ve \u00f6zellikle Ramazan ay\u0131nda \u00e7ok sevilen bir tatl\u0131d\u0131r. G\u00fclla\u00e7, asl\u0131nda &#8220;g\u00fcll\u00fc a\u015f&#8221; anlam\u0131na gelir ve i\u00e7erdi\u011fi g\u00fclla\u00e7 yapra\u011f\u0131 ve s\u00fctle yap\u0131lan tarifiyle bilinir.<\/p>\n<p>Osmanl\u0131 da 15. y\u00fczy\u0131lda ortaya \u00e7\u0131kt\u0131\u011f\u0131 d\u00fc\u015f\u00fcn\u00fclmektedir. Ancak g\u00fclla\u00e7 yapra\u011f\u0131n\u0131n, o d\u00f6nemde M\u0131s\u0131r ve Mezopotamya b\u00f6lgesinde, s\u00fctle yap\u0131lan tatl\u0131lar\u0131n bir yans\u0131mas\u0131 oldu\u011fu da kabul edilmektedir. \u00d6zellikle \u015feker ve s\u00fct kullan\u0131m\u0131yla yap\u0131lan tatl\u0131lar, \u0130slam d\u00fcnyas\u0131nda \u00e7ok eski zamanlardan beri vard\u0131r.<\/p>\n<p>G\u00fclla\u00e7 tatl\u0131s\u0131, Osmanl\u0131 \u0130mparatorlu\u011fu\u2019nda zengin sofralarda yer bulmu\u015f ve zamanla halk aras\u0131nda da yayg\u0131nla\u015fm\u0131\u015ft\u0131r.<\/p>\n","protected":false},"excerpt":{"rendered":"<p>G\u00fclla\u00e7 sevmeyenler i\u00e7in a\u011f\u0131zlar\u0131n\u0131n suyunu ak\u0131tacak yeni lezzet \u00e7ikolatal\u0131 g\u00fclla\u00e7 tarifini sizler i\u00e7in derledik. Farkl\u0131 bir tatl\u0131 lezzet olan \u00e7ikolatal\u0131 g\u00fclla\u00e7 tarifi sayesinde iftar sofralar\u0131n\u0131 zenginle\u015ftirin.\u00a0\u00c7ikolatal\u0131 g\u00fclla\u00e7 nas\u0131l yap\u0131l\u0131r?<\/p>\n","protected":false},"author":24,"featured_media":141881,"comment_status":"closed","ping_status":"closed","sticky":false,"template":"","format":"standard","meta":{"rank_math_lock_modified_date":false,"footnotes":""},"categories":[191],"tags":[12912,11975,12913],"class_list":["post-141879","post","type-post","status-publish","format-standard","has-post-thumbnail","hentry","category-yemek-tarifleri","tag-cikolatali-gullac-tarifi","tag-gullac-tarifi","tag-ramazan-tatlilari"],"_links":{"self":[{"href":"https:\/\/www.tgrthaber.com\/mavikadin\/wp-json\/wp\/v2\/posts\/141879"}],"collection":[{"href":"https:\/\/www.tgrthaber.com\/mavikadin\/wp-json\/wp\/v2\/posts"}],"about":[{"href":"https:\/\/www.tgrthaber.com\/mavikadin\/wp-json\/wp\/v2\/types\/post"}],"author":[{"embeddable":true,"href":"https:\/\/www.tgrthaber.com\/mavikadin\/wp-json\/wp\/v2\/users\/24"}],"replies":[{"embeddable":true,"href":"https:\/\/www.tgrthaber.com\/mavikadin\/wp-json\/wp\/v2\/comments?post=141879"}],"version-history":[{"count":1,"href":"https:\/\/www.tgrthaber.com\/mavikadin\/wp-json\/wp\/v2\/posts\/141879\/revisions"}],"predecessor-version":[{"id":141894,"href":"https:\/\/www.tgrthaber.com\/mavikadin\/wp-json\/wp\/v2\/posts\/141879\/revisions\/141894"}],"wp:featuredmedia":[{"embeddable":true,"href":"https:\/\/www.tgrthaber.com\/mavikadin\/wp-json\/wp\/v2\/media\/141881"}],"wp:attachment":[{"href":"https:\/\/www.tgrthaber.com\/mavikadin\/wp-json\/wp\/v2\/media?parent=141879"}],"wp:term":[{"taxonomy":"category","embeddable":true,"href":"https:\/\/www.tgrthaber.com\/mavikadin\/wp-json\/wp\/v2\/categories?post=141879"},{"taxonomy":"post_tag","embeddable":true,"href":"https:\/\/www.tgrthaber.com\/mavikadin\/wp-json\/wp\/v2\/tags?post=141879"}],"curies":[{"name":"wp","href":"https:\/\/api.w.org\/{rel}","templated":true}]}}