{"id":141958,"date":"2025-03-04T20:13:32","date_gmt":"2025-03-04T17:13:32","guid":{"rendered":"https:\/\/www.tgrthaber.com\/mavikadin\/?p=141958"},"modified":"2025-03-04T20:13:32","modified_gmt":"2025-03-04T17:13:32","slug":"survivor-2025-hikmet-ve-ayse-arasinda-koylu-tatismasi-birbirlerine-girdiler","status":"publish","type":"post","link":"https:\/\/www.tgrthaber.com\/mavikadin\/survivor-2025-hikmet-ve-ayse-arasinda-koylu-tatismasi-birbirlerine-girdiler\/","title":{"rendered":"Survivor 2025 Hikmet ve Ay\u015fe aras\u0131nda k\u00f6yl\u00fc tat\u0131\u015fmas\u0131! Birbirlerine girdiler"},"content":{"rendered":"<p class=\"p1\">Survivor 2025, heyecan dolu m\u00fccadelelere sahne olmaya devam ederken, yar\u0131\u015fmac\u0131lar aras\u0131ndaki gerginlik de giderek art\u0131yor. Son olarak, k\u0131rm\u0131z\u0131 tak\u0131m yar\u0131\u015fmac\u0131lar\u0131ndan Hikmet Tu\u011fsuz ile Ay\u015fe Y\u00fcksel aras\u0131nda ya\u015fanan tart\u0131\u015fma sosyal medyada b\u00fcy\u00fck yank\u0131 uyand\u0131rd\u0131. \u0130leti\u015fim oyunu s\u0131ras\u0131nda ya\u015fanan bu gerginlik, Hikmet&#8217;in Ay\u015fe&#8217;ye\u00a0 \u201ck\u00f6yl\u00fc\u201d demesinin ard\u0131ndan alevlendi. \u0130\u015fte t\u00fcm detaylar&#8230;<\/p>\n<h3 class=\"p1\"><b>H\u0130KMET TU\u011eSUZ&#8217;UN CEZASI G\u00dcNDEMDE\u00a0<\/b><b><\/b><\/h3>\n<p class=\"p1\">Survivor All Star\u2019a sonradan dahil olan Hikmet Tu\u011fsuz, adaya gelir gelmez ceza almas\u0131yla g\u00fcndeme gelmi\u015fti. Yar\u0131\u015fmaya ba\u015flamadan \u00f6nce parkurlar\u0131n belirli noktalar\u0131na yiyecek ve i\u00e7ecek saklad\u0131\u011f\u0131 ortaya \u00e7\u0131kan Tu\u011fsuz, Acun Il\u0131cal\u0131 taraf\u0131ndan sert bir \u015fekilde uyar\u0131lm\u0131\u015f ve bu hareketi nedeniyle yapt\u0131r\u0131ma u\u011fram\u0131\u015ft\u0131. Ancak ilerleyen s\u00fcre\u00e7te, oyunlarda s\u00fcrekli di\u011fer yar\u0131\u015fmac\u0131lara m\u00fcdahalede bulunmas\u0131 ve tak\u0131mlar aras\u0131ndaki gerilimleri art\u0131rmas\u0131 izleyicilerin tepkisini \u00e7ekmeye ba\u015flad\u0131.<\/p>\n<p><img loading=\"lazy\" decoding=\"async\" class=\"alignnone wp-image-141971 \" src=\"https:\/\/www.tgrthaber.com\/mavikadin\/wp-content\/uploads\/Ekran-Resmi-2025-03-04-18.44.36.png\" alt=\"\" width=\"994\" height=\"570\" title=\"\" srcset=\"https:\/\/www.tgrthaber.com\/mavikadin\/wp-content\/uploads\/Ekran-Resmi-2025-03-04-18.44.36.png 956w, https:\/\/www.tgrthaber.com\/mavikadin\/wp-content\/uploads\/Ekran-Resmi-2025-03-04-18.44.36-300x172.png 300w, https:\/\/www.tgrthaber.com\/mavikadin\/wp-content\/uploads\/Ekran-Resmi-2025-03-04-18.44.36-768x440.png 768w\" sizes=\"(max-width: 994px) 100vw, 994px\" \/><\/p>\n<hr \/>\n<h3 class=\"p1\"><b>H\u0130KMET&#8217;\u0130N &#8216;K\u00d6YL\u00dc AY\u015eE&#8217; \u0130FADES\u0130 SOSYAL MEDYAYI SALLADI<\/b><\/h3>\n<p class=\"p1\">\u0130leti\u015fim oyununda ya\u015fanan tart\u0131\u015fmada Hikmet Tu\u011fsuz\u2019un, Ay\u015fe Y\u00fcksel\u2019e \u201cK\u00f6yl\u00fc Ay\u015fe, sen kar\u0131\u015fma\u201d demesi ortam\u0131 bir anda gerdi. Bu ifadeye sert bir \u015fekilde kar\u015f\u0131l\u0131k veren Ay\u015fe Y\u00fcksel, \u201cK\u00f6yde ya\u015fayan sensin, ben de\u011fil. Ben k\u00f6y\u00fcme gidip geliyorum. Hikmet abi, be\u015f ayr\u0131 b\u00f6lgeye yiyecek saklamak adalet mi?\u201d diyerek tepki g\u00f6sterdi. Ya\u015fanan bu olay, k\u0131sa s\u00fcrede sosyal medyada g\u00fcndem oldu. Survivor takip\u00e7ileri, \u00f6zellikle Hikmet Tu\u011fsuz\u2019un Ay\u015fe Y\u00fcksel\u2019e y\u00f6nelik kulland\u0131\u011f\u0131 ifadeye tepki g\u00f6sterdi. \u201cK\u00f6yl\u00fc\u201d kelimesinin k\u00fc\u00e7\u00fcmseyici bir anlamda kullan\u0131lmas\u0131na kar\u015f\u0131 \u00e7\u0131kan bir\u00e7ok izleyici, sosyal medyadan tepki g\u00f6sterdi.<\/p>\n<div style=\"width: 640px;\" class=\"wp-video\"><!--[if lt IE 9]><script>document.createElement('video');<\/script><![endif]-->\n<video class=\"wp-video-shortcode\" id=\"video-141958-1\" width=\"640\" height=\"348\" preload=\"metadata\" controls=\"controls\"><source type=\"video\/mp4\" src=\"https:\/\/www.tgrthaber.com\/mavikadin\/wp-content\/uploads\/ayse-1.mp4?_=1\" \/><a href=\"https:\/\/www.tgrthaber.com\/mavikadin\/wp-content\/uploads\/ayse-1.mp4\">https:\/\/www.tgrthaber.com\/mavikadin\/wp-content\/uploads\/ayse-1.mp4<\/a><\/video><\/div>\n<h3 class=\"p1\">SURV\u0130VOR 2025 AY\u015eE Y\u00dcKSEL K\u0130MD\u0130R?<\/h3>\n<p class=\"p1\">Survivor All Star 2025\u2019in dikkat \u00e7eken yar\u0131\u015fmac\u0131lar\u0131ndan biri olan Ay\u015fe Y\u00fcksel, sporcu kimli\u011fi ve m\u00fccadeleci yap\u0131s\u0131yla izleyicilerin be\u011fenisini kazanmaya devam ediyor. 23 May\u0131s 2000 do\u011fumlu olan Y\u00fcksel, D\u00fczce\u2019de d\u00fcnyaya geldi ve e\u011fitim hayat\u0131n\u0131 D\u00fczce \u00dcniversitesi\u2019nde s\u00fcrd\u00fcr\u00fcyor. K\u00fc\u00e7\u00fck ya\u015flardan itibaren sporun farkl\u0131 bran\u015flar\u0131yla ilgilenen Y\u00fcksel, spor kariyerine masa tenisiyle ad\u0131m att\u0131. Ay\u015fe Y\u00fcksel\u2019in sporla olan yak\u0131nl\u0131\u011f\u0131, ortaokul y\u0131llar\u0131nda ba\u015flad\u0131. \u0130lk olarak masa tenisi e\u011fitimi alan Y\u00fcksel, k\u0131sa s\u00fcrede yetene\u011fini geli\u015ftirerek farkl\u0131 bran\u015flara y\u00f6neldi.<\/p>\n<p><img loading=\"lazy\" decoding=\"async\" class=\"alignnone wp-image-141973 \" src=\"https:\/\/www.tgrthaber.com\/mavikadin\/wp-content\/uploads\/Ekran-Resmi-2025-03-04-20.10.05.png\" alt=\"\" width=\"984\" height=\"566\" title=\"\" srcset=\"https:\/\/www.tgrthaber.com\/mavikadin\/wp-content\/uploads\/Ekran-Resmi-2025-03-04-20.10.05.png 960w, https:\/\/www.tgrthaber.com\/mavikadin\/wp-content\/uploads\/Ekran-Resmi-2025-03-04-20.10.05-300x173.png 300w, https:\/\/www.tgrthaber.com\/mavikadin\/wp-content\/uploads\/Ekran-Resmi-2025-03-04-20.10.05-768x442.png 768w\" sizes=\"(max-width: 984px) 100vw, 984px\" \/><\/p>\n<hr \/>\n<p class=\"p1\">7. s\u0131n\u0131fta haltere ba\u015flayan Y\u00fcksel, T\u00fcrkiye genelinde \u00fc\u00e7\u00fcnc\u00fcl\u00fck elde ederek b\u00fcy\u00fck bir ba\u015far\u0131ya imza att\u0131. Ancak halterde ge\u00e7irdi\u011fi k\u0131sa s\u00fcrenin ard\u0131ndan voleybola y\u00f6nelerek 6 y\u0131l boyunca mahalli ligde m\u00fccadele etti. Spor kariyerine sadece oyuncu olarak de\u011fil, antren\u00f6r olarak da devam eden Ay\u015fe Y\u00fcksel, voleybol kariyerinin ikinci y\u0131l\u0131nda tenis antren\u00f6rl\u00fc\u011f\u00fcne ba\u015flad\u0131. 4 y\u0131l boyunca aktif olarak tenis hocal\u0131\u011f\u0131 yapan Y\u00fcksel, \u00fcniversite y\u0131llar\u0131nda futsal tak\u0131m\u0131nda da yer ald\u0131. Ayr\u0131ca y\u00fczme dersleri alarak kendini farkl\u0131 bran\u015flarda geli\u015ftirmeye devam etti.<\/p>\n","protected":false},"excerpt":{"rendered":"<p>Survivor 2025\u2019te tansiyon her ge\u00e7en g\u00fcn y\u00fckseliyor. Son olarak k\u0131rm\u0131z\u0131 tak\u0131m yar\u0131\u015fmac\u0131lar\u0131ndan Hikmet Tu\u011fsuz ile Ay\u015fe Y\u00fcksel aras\u0131nda ya\u015fanan tart\u0131\u015fma g\u00fcndeme damga vurdu. \u0130leti\u015fim oyunu s\u0131ras\u0131nda Hikmet\u2019in Ay\u015fe\u2019ye \u201ck\u00f6yl\u00fc\u201d demesiyle ba\u015flayan gerginlik, sosyal medyada da b\u00fcy\u00fck yank\u0131 uyand\u0131rd\u0131. <\/p>\n","protected":false},"author":16,"featured_media":141974,"comment_status":"closed","ping_status":"closed","sticky":false,"template":"","format":"standard","meta":{"rank_math_lock_modified_date":false,"footnotes":""},"categories":[101],"tags":[12941,12943,12942],"class_list":["post-141958","post","type-post","status-publish","format-standard","has-post-thumbnail","hentry","category-kesfet","tag-survivor-2025-hikmet-ayse-kavgasi","tag-survivor-2025-hikmet-ayse-koylu-kavgasi","tag-survivor-2025-hikmet-ayse-koylu-tartismasi"],"_links":{"self":[{"href":"https:\/\/www.tgrthaber.com\/mavikadin\/wp-json\/wp\/v2\/posts\/141958"}],"collection":[{"href":"https:\/\/www.tgrthaber.com\/mavikadin\/wp-json\/wp\/v2\/posts"}],"about":[{"href":"https:\/\/www.tgrthaber.com\/mavikadin\/wp-json\/wp\/v2\/types\/post"}],"author":[{"embeddable":true,"href":"https:\/\/www.tgrthaber.com\/mavikadin\/wp-json\/wp\/v2\/users\/16"}],"replies":[{"embeddable":true,"href":"https:\/\/www.tgrthaber.com\/mavikadin\/wp-json\/wp\/v2\/comments?post=141958"}],"version-history":[{"count":1,"href":"https:\/\/www.tgrthaber.com\/mavikadin\/wp-json\/wp\/v2\/posts\/141958\/revisions"}],"predecessor-version":[{"id":141975,"href":"https:\/\/www.tgrthaber.com\/mavikadin\/wp-json\/wp\/v2\/posts\/141958\/revisions\/141975"}],"wp:featuredmedia":[{"embeddable":true,"href":"https:\/\/www.tgrthaber.com\/mavikadin\/wp-json\/wp\/v2\/media\/141974"}],"wp:attachment":[{"href":"https:\/\/www.tgrthaber.com\/mavikadin\/wp-json\/wp\/v2\/media?parent=141958"}],"wp:term":[{"taxonomy":"category","embeddable":true,"href":"https:\/\/www.tgrthaber.com\/mavikadin\/wp-json\/wp\/v2\/categories?post=141958"},{"taxonomy":"post_tag","embeddable":true,"href":"https:\/\/www.tgrthaber.com\/mavikadin\/wp-json\/wp\/v2\/tags?post=141958"}],"curies":[{"name":"wp","href":"https:\/\/api.w.org\/{rel}","templated":true}]}}