{"id":141984,"date":"2025-03-04T21:02:41","date_gmt":"2025-03-04T18:02:41","guid":{"rendered":"https:\/\/www.tgrthaber.com\/mavikadin\/?p=141984"},"modified":"2025-03-04T21:04:58","modified_gmt":"2025-03-04T18:04:58","slug":"elif-buse-dogan-turkan-soray-oldu-sosyal-medyayi-sallayan-akima-uydu","status":"publish","type":"post","link":"https:\/\/www.tgrthaber.com\/mavikadin\/elif-buse-dogan-turkan-soray-oldu-sosyal-medyayi-sallayan-akima-uydu\/","title":{"rendered":"Elif Buse Do\u011fan T\u00fcrkan \u015eoray oldu! Sosyal medyay\u0131 sallayan ak\u0131ma uydu"},"content":{"rendered":"<p class=\"p1\">T\u00fcrk halk m\u00fczi\u011finin sevilen sesi Elif Buse Do\u011fan, sosyal medyada h\u0131zla yay\u0131lan \u201cT\u00fcrkan \u015eoray ak\u0131m\u0131na\u201d uydu. Usta oyuncu T\u00fcrkan \u015eoray\u2019\u0131n ikonik tarz\u0131n\u0131 ve duru\u015funu taklit eden \u00fcnl\u00fc sanat\u00e7\u0131, payla\u015ft\u0131\u011f\u0131 videoyla takip\u00e7ilerinin be\u011fenisini kazand\u0131.<\/p>\n<h3>EL\u0130F BUSE DO\u011eAN T\u00dcRKAN \u015eORAY OLDU!<\/h3>\n<p class=\"p1\">T\u00fcrk halk m\u00fczi\u011finin sevilen sesi Elif Buse Do\u011fan, sosyal medyada h\u0131zla yay\u0131lan T\u00fcrkan \u015eoray ak\u0131m\u0131na kat\u0131larak b\u00fcy\u00fck be\u011feni toplad\u0131. T\u00fcrk sinemas\u0131n\u0131n efsanevi ismi T\u00fcrkan \u015eoray\u2019\u0131n unutulmaz tarz\u0131n\u0131 yans\u0131tan sanat\u00e7\u0131, makyaj\u0131 ve duru\u015fuyla adeta nostaljik bir hava estirdi.<\/p>\n<div style=\"width: 640px;\" class=\"wp-video\"><!--[if lt IE 9]><script>document.createElement('video');<\/script><![endif]-->\n<video class=\"wp-video-shortcode\" id=\"video-141984-1\" width=\"640\" height=\"1138\" preload=\"metadata\" controls=\"controls\"><source type=\"video\/mp4\" src=\"https:\/\/www.tgrthaber.com\/mavikadin\/wp-content\/uploads\/ELIF.mp4?_=1\" \/><a href=\"https:\/\/www.tgrthaber.com\/mavikadin\/wp-content\/uploads\/ELIF.mp4\">https:\/\/www.tgrthaber.com\/mavikadin\/wp-content\/uploads\/ELIF.mp4<\/a><\/video><\/div>\n<p class=\"p1\">Elif Buse Do\u011fan\u2019\u0131n bu \u00f6zel payla\u015f\u0131m\u0131, sosyal medya kullan\u0131c\u0131lar\u0131 taraf\u0131ndan b\u00fcy\u00fck ilgi g\u00f6rd\u00fc. \u201cGer\u00e7ekten de bir Sultan edas\u0131 var\u201d ve \u201cT\u00fcrkan \u015eoray\u2019\u0131n gen\u00e7li\u011fi gibi\u201d yorumlar\u0131yla takip\u00e7ileri taraf\u0131ndan \u00f6vg\u00fc ya\u011fmuruna tutulan sanat\u00e7\u0131, zarif tarz\u0131 ve edas\u0131yla g\u00f6z doldurdu. Nostalji r\u00fczgar\u0131 estiren bu ak\u0131m, pek \u00e7ok \u00fcnl\u00fc isim taraf\u0131ndan da benimsenirken, Elif Buse Do\u011fan\u2019\u0131n T\u00fcrkan \u015eoray olmas\u0131 en \u00e7ok konu\u015fulan payla\u015f\u0131mlar aras\u0131na girmeyi ba\u015fard\u0131. E\u011flenceli payla\u015f\u0131m\u0131yla takip\u00e7ilerine \u201cSizce benzettim mi?\u201d sorusunu y\u00f6nelten sanat\u00e7\u0131, sosyal medyada g\u00fcndem olmay\u0131 ba\u015fard\u0131.<\/p>\n<p><img loading=\"lazy\" decoding=\"async\" class=\"alignnone wp-image-142015 \" src=\"https:\/\/www.tgrthaber.com\/mavikadin\/wp-content\/uploads\/Ekran-Resmi-2025-03-04-20.55.43.png\" alt=\"\" width=\"992\" height=\"590\" title=\"\" srcset=\"https:\/\/www.tgrthaber.com\/mavikadin\/wp-content\/uploads\/Ekran-Resmi-2025-03-04-20.55.43.png 952w, https:\/\/www.tgrthaber.com\/mavikadin\/wp-content\/uploads\/Ekran-Resmi-2025-03-04-20.55.43-300x178.png 300w, https:\/\/www.tgrthaber.com\/mavikadin\/wp-content\/uploads\/Ekran-Resmi-2025-03-04-20.55.43-768x457.png 768w\" sizes=\"(max-width: 992px) 100vw, 992px\" \/><\/p>\n<hr \/>\n<h3>EL\u0130F BUSE DO\u011eAN K\u0130MD\u0130R?<\/h3>\n<p class=\"p1\">1993 y\u0131l\u0131nda Kocaeli\u2019de d\u00fcnyaya gelen Elif Buse Do\u011fan, m\u00fczi\u011fe olan ilgisini k\u00fc\u00e7\u00fck ya\u015flardan itibaren g\u00f6sterdi. \u0130lk, orta ve lise e\u011fitimini Kocaeli\u2019de tamamlayan sanat\u00e7\u0131, m\u00fczik yolculu\u011funa 2000 y\u0131l\u0131nda dedesinden \u00f6\u011frendi\u011fi ba\u011flama ile ba\u015flad\u0131. Ba\u015far\u0131l\u0131 sanat\u00e7\u0131, yetene\u011fini erken ya\u015flarda kan\u0131tlad\u0131. \u0130lk\u00f6\u011fretim y\u0131llar\u0131nda Kocaeli\u2019de d\u00fczenlenen ses yar\u0131\u015fmalar\u0131nda T\u00fcrk Halk M\u00fczi\u011fi dal\u0131nda \u00fc\u00e7 y\u0131l \u00fcst \u00fcste birincilik kazand\u0131. 2008 y\u0131l\u0131nda Kocaeli B\u00fcy\u00fck\u015fehir Belediyesi Konservatuar\u0131\u2019ndan mezun oldu.<\/p>\n<p><img loading=\"lazy\" decoding=\"async\" class=\"alignnone wp-image-142014 \" src=\"https:\/\/www.tgrthaber.com\/mavikadin\/wp-content\/uploads\/Ekran-Resmi-2025-03-04-20.55.38.png\" alt=\"\" width=\"998\" height=\"575\" title=\"\" srcset=\"https:\/\/www.tgrthaber.com\/mavikadin\/wp-content\/uploads\/Ekran-Resmi-2025-03-04-20.55.38.png 972w, https:\/\/www.tgrthaber.com\/mavikadin\/wp-content\/uploads\/Ekran-Resmi-2025-03-04-20.55.38-300x173.png 300w, https:\/\/www.tgrthaber.com\/mavikadin\/wp-content\/uploads\/Ekran-Resmi-2025-03-04-20.55.38-768x442.png 768w\" sizes=\"(max-width: 998px) 100vw, 998px\" \/><\/p>\n<hr \/>\n<p class=\"p1\">Akademik kariyerine \u0130stanbul Teknik \u00dcniversitesi T\u00fcrk M\u00fczi\u011fi Devlet Konservatuvar\u0131\u2019nda devam eden Elif Buse Do\u011fan, buradan birincilikle mezun oldu. E\u011fitime olan ilgisini s\u00fcrd\u00fcren sanat\u00e7\u0131, y\u00fcksek lisans e\u011fitimini Hali\u00e7 \u00dcniversitesi T\u00fcrk M\u00fczi\u011fi Devlet Konservatuvar\u0131\u2019nda tamamlad\u0131. T\u00fcrk Halk M\u00fczi\u011fi\u2019ne olan ba\u011fl\u0131l\u0131\u011f\u0131yla tan\u0131nan Elif Buse Do\u011fan, TRT \u0130stanbul Radyosu Yurttan Sesler Korosu ile bir\u00e7ok \u00f6nemli konsere kat\u0131larak sahne deneyimini geli\u015ftirdi. Sahip oldu\u011fu g\u00fc\u00e7l\u00fc sesi ve yorumuyla b\u00fcy\u00fck bir hayran kitlesine ula\u015fan sanat\u00e7\u0131, kariyerinde emin ad\u0131mlarla ilerlemeye devam ediyor.<\/p>\n","protected":false},"excerpt":{"rendered":"<p>T\u00fcrk Halk M\u00fczi\u011fi\u2019nin g\u00fc\u00e7l\u00fc sesi Elif Buse Do\u011fan, sosyal medyada pop\u00fclerle\u015fen \u201cT\u00fcrkan \u015eoray ak\u0131m\u0131na\u201d kat\u0131ld\u0131. Sosyal medyada payla\u015ft\u0131\u011f\u0131 videosu k\u0131sa s\u00fcre i\u00e7erisinde be\u011feni ve yorum ya\u011fmuruna tutuldu. <\/p>\n","protected":false},"author":16,"featured_media":142018,"comment_status":"closed","ping_status":"closed","sticky":false,"template":"","format":"standard","meta":{"rank_math_lock_modified_date":false,"footnotes":""},"categories":[76],"tags":[12964,12963,12962],"class_list":["post-141984","post","type-post","status-publish","format-standard","has-post-thumbnail","hentry","category-magazin","tag-elif-buse-dogan-kimdir","tag-elif-buse-dogan-turkan-soray","tag-elif-buse-dogan-turkan-soray-akimi"],"_links":{"self":[{"href":"https:\/\/www.tgrthaber.com\/mavikadin\/wp-json\/wp\/v2\/posts\/141984"}],"collection":[{"href":"https:\/\/www.tgrthaber.com\/mavikadin\/wp-json\/wp\/v2\/posts"}],"about":[{"href":"https:\/\/www.tgrthaber.com\/mavikadin\/wp-json\/wp\/v2\/types\/post"}],"author":[{"embeddable":true,"href":"https:\/\/www.tgrthaber.com\/mavikadin\/wp-json\/wp\/v2\/users\/16"}],"replies":[{"embeddable":true,"href":"https:\/\/www.tgrthaber.com\/mavikadin\/wp-json\/wp\/v2\/comments?post=141984"}],"version-history":[{"count":1,"href":"https:\/\/www.tgrthaber.com\/mavikadin\/wp-json\/wp\/v2\/posts\/141984\/revisions"}],"predecessor-version":[{"id":142019,"href":"https:\/\/www.tgrthaber.com\/mavikadin\/wp-json\/wp\/v2\/posts\/141984\/revisions\/142019"}],"wp:featuredmedia":[{"embeddable":true,"href":"https:\/\/www.tgrthaber.com\/mavikadin\/wp-json\/wp\/v2\/media\/142018"}],"wp:attachment":[{"href":"https:\/\/www.tgrthaber.com\/mavikadin\/wp-json\/wp\/v2\/media?parent=141984"}],"wp:term":[{"taxonomy":"category","embeddable":true,"href":"https:\/\/www.tgrthaber.com\/mavikadin\/wp-json\/wp\/v2\/categories?post=141984"},{"taxonomy":"post_tag","embeddable":true,"href":"https:\/\/www.tgrthaber.com\/mavikadin\/wp-json\/wp\/v2\/tags?post=141984"}],"curies":[{"name":"wp","href":"https:\/\/api.w.org\/{rel}","templated":true}]}}