{"id":142021,"date":"2025-03-04T21:37:55","date_gmt":"2025-03-04T18:37:55","guid":{"rendered":"https:\/\/www.tgrthaber.com\/mavikadin\/?p=142021"},"modified":"2025-03-04T21:38:47","modified_gmt":"2025-03-04T18:38:47","slug":"akif-yaman-kimdir-kac-yasinda-akif-yaman-nerede-calisiyor","status":"publish","type":"post","link":"https:\/\/www.tgrthaber.com\/mavikadin\/akif-yaman-kimdir-kac-yasinda-akif-yaman-nerede-calisiyor\/","title":{"rendered":"Akif Yaman kimdir, ka\u00e7 ya\u015f\u0131nda? Akif Yaman nerede \u00e7al\u0131\u015f\u0131yor?"},"content":{"rendered":"<p>Akif Yaman ismi H\u00fclya Av\u015far ile yapt\u0131\u011f\u0131 diyalog ile g\u00fcndeme geldi. K\u00f6pe\u011fini gezdirmeye \u00e7\u0131karan H\u00fclya Av\u015far&#8217;a, &#8220;18&#8217;lik k\u0131zlar gibi seksek gibi sekiyorsunuz. Ma\u015fallah.&#8221; \u015feklinde bir yorumda bulunuyor. \u00dcnl\u00fc oyuncu sanat\u00e7\u0131 Av\u015far, &#8220;Senin gibi toy, soru sormay\u0131 bilmeyen gazetecilerle konu\u015fmak istemiyorum&#8221; \u015feklinde cevap veriyor. Peki, muhabir Akif Yaman kimdir, ka\u00e7 ya\u015f\u0131nda? Akif Yaman nerede \u00e7al\u0131\u015f\u0131yor?<\/p>\n<h3>AK\u0130F YAMAN K\u0130MD\u0130R?<\/h3>\n<p>Akif Yaman kimdir, ka\u00e7 ya\u015f\u0131nda? Akif Yaman nerede \u00e7al\u0131\u015f\u0131yor? sorular\u0131 bug\u00fcn g\u00fcndeme gelen ba\u015fl\u0131klar aras\u0131nda yer ald\u0131. Magazin muhabiri olarak g\u00f6rev yapan Akif Yaman, kendi sosyal medya kanallar\u0131 \u00fczerinden muhabirlik kariyerine devam etmektedir. \u00d6te yandan Show TV\u2019de \u00e7al\u0131\u015fma f\u0131rsat\u0131 bulmu\u015ftur.<\/p>\n<p><img loading=\"lazy\" decoding=\"async\" class=\"alignnone wp-image-142034\" src=\"https:\/\/www.tgrthaber.com\/mavikadin\/wp-content\/uploads\/akif-yaman-240x300.jpg\" alt=\"\" width=\"1280\" height=\"1600\" title=\"\" srcset=\"https:\/\/www.tgrthaber.com\/mavikadin\/wp-content\/uploads\/akif-yaman-240x300.jpg 240w, https:\/\/www.tgrthaber.com\/mavikadin\/wp-content\/uploads\/akif-yaman.jpg 736w\" sizes=\"(max-width: 1280px) 100vw, 1280px\" \/><\/p>\n<hr \/>\n<p>Daha \u00f6ncesinde Soramazs\u0131n adl\u0131 Youtube program\u0131na kat\u0131lm\u0131\u015ft\u0131r. Akif Yaman bu programda magazin muhabirli\u011fi mesle\u011fiyle ilgili deneyimlerini seyirci ile payla\u015fm\u0131\u015ft\u0131r. Muhabirin do\u011fum tarihi ve nereli oldu\u011fu hakk\u0131nda ise bir bilgi bulunmamaktad\u0131r.<\/p>\n<p><img loading=\"lazy\" decoding=\"async\" class=\"alignnone wp-image-142032\" src=\"https:\/\/www.tgrthaber.com\/mavikadin\/wp-content\/uploads\/akif-yaman-1-300x169.jpg\" alt=\"\" width=\"1280\" height=\"720\" title=\"\" srcset=\"https:\/\/www.tgrthaber.com\/mavikadin\/wp-content\/uploads\/akif-yaman-1-300x169.jpg 300w, https:\/\/www.tgrthaber.com\/mavikadin\/wp-content\/uploads\/akif-yaman-1.jpg 400w\" sizes=\"(max-width: 1280px) 100vw, 1280px\" \/><\/p>\n<hr \/>\n<h3>H\u00dcLYA AV\u015eAR VE AK\u0130F YAMAN ARASINDA GERG\u0130N ANLAR<\/h3>\n<p>\u00dcnl\u00fc sanat\u00e7\u0131 H\u00fclya Av\u015far k\u00f6pe\u011fini gezdirdi\u011fi s\u0131rada muhabir Akif Yaman\u2019\u0131n kameralar\u0131na tak\u0131ld\u0131. Yaman, &#8220;18&#8217;lik k\u0131zlar gibi seksek gibi sekiyorsunuz. Ma\u015fallah.&#8221; \u015feklinde konu\u015funca, Av\u015far sinirlendi.<\/p>\n<p>Ya \u015faka gibisiniz. B\u00f6yle garip yorumlar\u0131n\u0131z oluyor ya ona sinirleniyorum.&#8221; dedi. Akif Yaman&#8217;\u0131n &#8220;Ne anlama geliyor? Siz s\u00f6yleyin bende anlam\u0131\u015f olay\u0131m.&#8221; s\u00f6zleri \u00fczerine, &#8220;Ah can\u0131m benim, ben konu\u015fay\u0131m sen de keyif al.&#8221; ifadelerini kulland\u0131.<\/p>\n<p>H\u00fclya Av\u015far ise, &#8220;Senin gibi toy, soru sormay\u0131 bilmeyen ya da ne bileyim iyi bir \u015fey yapt\u0131\u011f\u0131n\u0131 zannedip ben konu\u015ftururum havas\u0131ndaki gazetecilerle konu\u015fmak istemiyorum.&#8221; dedi.<\/p>\n<p>&#8220;Ama ge\u00e7en sene bana evlenme teklifi etmi\u015ftiniz! Toy de\u011filim\u2026&#8221; \u015feklinde yan\u0131t verdi.<\/p>\n<p>Akif Yaman, \u00fcnl\u00fc \u015fark\u0131c\u0131 Reymen ile de s\u0131k\u0131nt\u0131l\u0131 bir an ya\u015fam\u0131\u015ft\u0131. 2019 y\u0131l\u0131nda Show TV&#8217;de muhabirlik yaparken\u00a0 Akif Yaman&#8217;\u0131n Reymen&#8217;in darp etti\u011fi iddialar\u0131 g\u00fcndeme gelmi\u015fti.<\/p>\n","protected":false},"excerpt":{"rendered":"<p>Akif Yaman kimdir? sorusu yo\u011fun olarak ara\u015ft\u0131r\u0131l\u0131yor. \u00dcnl\u00fcler ile girdi\u011fi polemik ile g\u00fcndeme gelen ismin kariyeri merak konusu oldu. \u0130\u015fte detaylar&#8230;<\/p>\n","protected":false},"author":33,"featured_media":142033,"comment_status":"closed","ping_status":"closed","sticky":false,"template":"","format":"standard","meta":{"rank_math_lock_modified_date":false,"footnotes":""},"categories":[76],"tags":[12970,12969,12968],"class_list":["post-142021","post","type-post","status-publish","format-standard","has-post-thumbnail","hentry","category-magazin","tag-akif-yaman-kac-yasinda","tag-akif-yaman-ne-is-yapiyor","tag-akif-yaman-nereli"],"_links":{"self":[{"href":"https:\/\/www.tgrthaber.com\/mavikadin\/wp-json\/wp\/v2\/posts\/142021"}],"collection":[{"href":"https:\/\/www.tgrthaber.com\/mavikadin\/wp-json\/wp\/v2\/posts"}],"about":[{"href":"https:\/\/www.tgrthaber.com\/mavikadin\/wp-json\/wp\/v2\/types\/post"}],"author":[{"embeddable":true,"href":"https:\/\/www.tgrthaber.com\/mavikadin\/wp-json\/wp\/v2\/users\/33"}],"replies":[{"embeddable":true,"href":"https:\/\/www.tgrthaber.com\/mavikadin\/wp-json\/wp\/v2\/comments?post=142021"}],"version-history":[{"count":2,"href":"https:\/\/www.tgrthaber.com\/mavikadin\/wp-json\/wp\/v2\/posts\/142021\/revisions"}],"predecessor-version":[{"id":142036,"href":"https:\/\/www.tgrthaber.com\/mavikadin\/wp-json\/wp\/v2\/posts\/142021\/revisions\/142036"}],"wp:featuredmedia":[{"embeddable":true,"href":"https:\/\/www.tgrthaber.com\/mavikadin\/wp-json\/wp\/v2\/media\/142033"}],"wp:attachment":[{"href":"https:\/\/www.tgrthaber.com\/mavikadin\/wp-json\/wp\/v2\/media?parent=142021"}],"wp:term":[{"taxonomy":"category","embeddable":true,"href":"https:\/\/www.tgrthaber.com\/mavikadin\/wp-json\/wp\/v2\/categories?post=142021"},{"taxonomy":"post_tag","embeddable":true,"href":"https:\/\/www.tgrthaber.com\/mavikadin\/wp-json\/wp\/v2\/tags?post=142021"}],"curies":[{"name":"wp","href":"https:\/\/api.w.org\/{rel}","templated":true}]}}