{"id":142040,"date":"2025-03-04T21:57:44","date_gmt":"2025-03-04T18:57:44","guid":{"rendered":"https:\/\/www.tgrthaber.com\/mavikadin\/?p=142040"},"modified":"2025-03-04T21:57:44","modified_gmt":"2025-03-04T18:57:44","slug":"acun-ilicali-tutuklanacak-mi-neden-sorusturma-baslatildi","status":"publish","type":"post","link":"https:\/\/www.tgrthaber.com\/mavikadin\/acun-ilicali-tutuklanacak-mi-neden-sorusturma-baslatildi\/","title":{"rendered":"Acun Il\u0131cal\u0131 tutuklanacak m\u0131? Neden soru\u015fturma ba\u015flat\u0131ld\u0131?"},"content":{"rendered":"<p>Acun Il\u0131cal\u0131 hakk\u0131nda bug\u00fcn \u0130stanbul Cumhuriyet Ba\u015fsavc\u0131l\u0131\u011f\u0131nca soru\u015fturma ba\u015flat\u0131ld\u0131. Bili\u015fim Su\u00e7lar Soru\u015fturma B\u00fcrosunca d\u00fczenlenen iddianamede Il\u0131cal\u0131 \u015f\u00fcpheli s\u0131fat\u0131nda yer ald\u0131. Asliye ceza mahkemesine de\u011ferlendirilmek \u00fczere g\u00f6nderilen iddianame sonras\u0131 Acun Il\u0131cal\u0131 hakk\u0131ndaki son durum merak edildi. Acun Il\u0131cal\u0131 tutuklanacak m\u0131? Neden soru\u015fturma ba\u015flat\u0131ld\u0131?<\/p>\n<h3>ACUN ILICALI&#8217;YA NEDEN SORU\u015eTURMA BA\u015eLATILDI?<\/h3>\n<p>Acun Il\u0131cal\u0131 ve i\u015f insan\u0131 Sadettin Saran hakk\u0131nda soru\u015fturma ba\u015flat\u0131ld\u0131\u011f\u0131 haberi sosyal medyada ve t\u00fcm T\u00fcrkiye&#8217;de ana g\u00fcndem konular\u0131ndan biri haline geldi. Bir\u00e7ok insan\u0131n konu\u015ftu\u011fu soru\u015fturman\u0131n neden ba\u015flat\u0131ld\u0131\u011f\u0131 merak konusu oldu.<\/p>\n<p><img loading=\"lazy\" decoding=\"async\" class=\"alignnone wp-image-142048\" src=\"https:\/\/www.tgrthaber.com\/mavikadin\/wp-content\/uploads\/acun4-300x169.jpg\" alt=\"\" width=\"1280\" height=\"720\" title=\"\" srcset=\"https:\/\/www.tgrthaber.com\/mavikadin\/wp-content\/uploads\/acun4-300x169.jpg 300w, https:\/\/www.tgrthaber.com\/mavikadin\/wp-content\/uploads\/acun4-1024x576.jpg 1024w, https:\/\/www.tgrthaber.com\/mavikadin\/wp-content\/uploads\/acun4-768x432.jpg 768w, https:\/\/www.tgrthaber.com\/mavikadin\/wp-content\/uploads\/acun4.jpg 1280w\" sizes=\"(max-width: 1280px) 100vw, 1280px\" \/><\/p>\n<p>Acun Il\u0131cal\u0131&#8217;ya, futbol m\u00fcsabakalar\u0131nda ruhsats\u0131z ve yasad\u0131\u015f\u0131 bahis sitelerinin reklamlar\u0131n\u0131 yapmaktan soru\u015fturma ba\u015flat\u0131ld\u0131. TV8 ve EXXEN platformlar\u0131nda yay\u0131nlanan futbol m\u00fcsabakalar\u0131nda s\u00f6z konusu yasa d\u0131\u015f\u0131 bahis sitelerinin reklamlar\u0131n\u0131n yer ald\u0131\u011f\u0131 iddias\u0131 \u00fczerine yap\u0131lan soru\u015fturma, \u0130stanbul Cumhuriyet Ba\u015fsavc\u0131l\u0131\u011f\u0131 Bili\u015fim Su\u00e7lar Soru\u015fturma B\u00fcrosunca ba\u015flat\u0131ld\u0131.<\/p>\n<p><img loading=\"lazy\" decoding=\"async\" class=\"alignnone wp-image-142047\" src=\"https:\/\/www.tgrthaber.com\/mavikadin\/wp-content\/uploads\/acun-ilicali3-300x169.jpg\" alt=\"\" width=\"1280\" height=\"720\" title=\"\" srcset=\"https:\/\/www.tgrthaber.com\/mavikadin\/wp-content\/uploads\/acun-ilicali3-300x169.jpg 300w, https:\/\/www.tgrthaber.com\/mavikadin\/wp-content\/uploads\/acun-ilicali3-1024x576.jpg 1024w, https:\/\/www.tgrthaber.com\/mavikadin\/wp-content\/uploads\/acun-ilicali3-768x432.jpg 768w, https:\/\/www.tgrthaber.com\/mavikadin\/wp-content\/uploads\/acun-ilicali3-1536x864.jpg 1536w, https:\/\/www.tgrthaber.com\/mavikadin\/wp-content\/uploads\/acun-ilicali3.jpg 1600w\" sizes=\"(max-width: 1280px) 100vw, 1280px\" \/><\/p>\n<p>Il\u0131cal\u0131 ad\u0131na a\u00e7\u0131lan soru\u015fturmaya ili\u015fkin iddianamede, &#8220;ki\u015fileri reklam vermek ve sair surette spor m\u00fcsabakalar\u0131na dayal\u0131 sabit ihtimalli veya m\u00fc\u015fterek bahis ya da \u015fans oyunlar\u0131n\u0131 oynamaya te\u015fvik etmek&#8221; ifadeleri yer ald\u0131.<\/p>\n<h3>ACUN ILICALI TUTUKLANACAK MI?<\/h3>\n<p>Hakk\u0131nda soru\u015fturma a\u00e7\u0131lan ve iddianamesi de\u011ferlendirilmek \u00fczere Asliye Ceza Mahkemesi&#8217;ne g\u00f6nderilen Acun Il\u0131cal\u0131&#8217;n\u0131n tutuklan\u0131p tutuklanmayaca\u011f\u0131 merak edildi.<\/p>\n<p><img loading=\"lazy\" decoding=\"async\" class=\"alignnone wp-image-142046\" src=\"https:\/\/www.tgrthaber.com\/mavikadin\/wp-content\/uploads\/acun-ilicali2-300x169.webp\" alt=\"\" width=\"1280\" height=\"720\" title=\"\" srcset=\"https:\/\/www.tgrthaber.com\/mavikadin\/wp-content\/uploads\/acun-ilicali2-300x169.webp 300w, https:\/\/www.tgrthaber.com\/mavikadin\/wp-content\/uploads\/acun-ilicali2-1024x576.webp 1024w, https:\/\/www.tgrthaber.com\/mavikadin\/wp-content\/uploads\/acun-ilicali2-768x432.webp 768w, https:\/\/www.tgrthaber.com\/mavikadin\/wp-content\/uploads\/acun-ilicali2.webp 1440w\" sizes=\"(max-width: 1280px) 100vw, 1280px\" \/><\/p>\n<p>A\u00e7\u0131lan soru\u015fturma kapsam\u0131nda Acun Il\u0131cal\u0131 i\u00e7in 1&#8217;er y\u0131ldan 3&#8217;er y\u0131la kadar hapis ve 3 bin g\u00fcne kadar adli para cezas\u0131yla cezaland\u0131r\u0131lmalar\u0131 talep edildi.<\/p>\n<p>\u015eu an Acun Il\u0131cal\u0131 hakk\u0131nda ba\u015flat\u0131lan soru\u015fturma mahkemeye de\u011ferlendirmek \u00fczere iletildi. Il\u0131cal\u0131\u2019n\u0131n bu konuya ili\u015fkin tutuklan\u0131p tutuklanmayaca\u011f\u0131 mahkemenin alaca\u011f\u0131 karar sonras\u0131nda belli olacak.<\/p>\n<p><img loading=\"lazy\" decoding=\"async\" class=\"alignnone wp-image-142044 size-full\" src=\"https:\/\/www.tgrthaber.com\/mavikadin\/wp-content\/uploads\/acun-5.webp\" alt=\"\" width=\"1280\" height=\"720\" title=\"\" srcset=\"https:\/\/www.tgrthaber.com\/mavikadin\/wp-content\/uploads\/acun-5.webp 1280w, https:\/\/www.tgrthaber.com\/mavikadin\/wp-content\/uploads\/acun-5-300x169.webp 300w, https:\/\/www.tgrthaber.com\/mavikadin\/wp-content\/uploads\/acun-5-1024x576.webp 1024w, https:\/\/www.tgrthaber.com\/mavikadin\/wp-content\/uploads\/acun-5-768x432.webp 768w\" sizes=\"(max-width: 1280px) 100vw, 1280px\" \/><\/p>\n<p>7258 Say\u0131l\u0131 Kanuna Muhalefet su\u00e7lamas\u0131yla yarg\u0131lanan Acun Il\u0131cal\u0131, sosyal medyada TT oldu. Il\u0131cal\u0131\u2019n\u0131n Fenerbah\u00e7e ile ilgili yapt\u0131\u011f\u0131 bir konu\u015fma s\u0131k s\u0131k payla\u015f\u0131ld\u0131. Il\u0131cal\u0131\u2019n\u0131n payla\u015f\u0131lan videolarda &#8220;Fenerbah\u00e7e art\u0131k benim damarlar\u0131ma i\u015flemi\u015f, yani ger\u00e7ek anlamda Fenerbah\u00e7e kazan\u0131nca \u00e7ok seviniyorum, kaybedince kahroluyorum.&#8221; dedi\u011fi g\u00f6r\u00fcld\u00fc.<\/p>\n","protected":false},"excerpt":{"rendered":"<p>\u0130stanbul Cumhuriyet Ba\u015fsavc\u0131l\u0131\u011f\u0131 Bili\u015fim Su\u00e7lar Soru\u015fturma B\u00fcrosunca Acun Il\u0131cal\u0131 hakk\u0131nda soru\u015fturma ba\u015flat\u0131ld\u0131. Yasa d\u0131\u015f\u0131 bahse te\u015fvik su\u00e7lamas\u0131yla ad\u0131na iddianeme d\u00fczenlenen Acun Il\u0131cal\u0131&#8217;ya neler olaca\u011f\u0131 merak konusu oldu. Acun Il\u0131cal\u0131 tutuklanacak m\u0131? Neden soru\u015fturma ba\u015flat\u0131ld\u0131?<\/p>\n","protected":false},"author":33,"featured_media":142045,"comment_status":"closed","ping_status":"closed","sticky":false,"template":"","format":"standard","meta":{"rank_math_lock_modified_date":false,"footnotes":""},"categories":[101],"tags":[],"class_list":["post-142040","post","type-post","status-publish","format-standard","has-post-thumbnail","hentry","category-kesfet"],"_links":{"self":[{"href":"https:\/\/www.tgrthaber.com\/mavikadin\/wp-json\/wp\/v2\/posts\/142040"}],"collection":[{"href":"https:\/\/www.tgrthaber.com\/mavikadin\/wp-json\/wp\/v2\/posts"}],"about":[{"href":"https:\/\/www.tgrthaber.com\/mavikadin\/wp-json\/wp\/v2\/types\/post"}],"author":[{"embeddable":true,"href":"https:\/\/www.tgrthaber.com\/mavikadin\/wp-json\/wp\/v2\/users\/33"}],"replies":[{"embeddable":true,"href":"https:\/\/www.tgrthaber.com\/mavikadin\/wp-json\/wp\/v2\/comments?post=142040"}],"version-history":[{"count":2,"href":"https:\/\/www.tgrthaber.com\/mavikadin\/wp-json\/wp\/v2\/posts\/142040\/revisions"}],"predecessor-version":[{"id":142050,"href":"https:\/\/www.tgrthaber.com\/mavikadin\/wp-json\/wp\/v2\/posts\/142040\/revisions\/142050"}],"wp:featuredmedia":[{"embeddable":true,"href":"https:\/\/www.tgrthaber.com\/mavikadin\/wp-json\/wp\/v2\/media\/142045"}],"wp:attachment":[{"href":"https:\/\/www.tgrthaber.com\/mavikadin\/wp-json\/wp\/v2\/media?parent=142040"}],"wp:term":[{"taxonomy":"category","embeddable":true,"href":"https:\/\/www.tgrthaber.com\/mavikadin\/wp-json\/wp\/v2\/categories?post=142040"},{"taxonomy":"post_tag","embeddable":true,"href":"https:\/\/www.tgrthaber.com\/mavikadin\/wp-json\/wp\/v2\/tags?post=142040"}],"curies":[{"name":"wp","href":"https:\/\/api.w.org\/{rel}","templated":true}]}}