{"id":142059,"date":"2025-03-04T22:54:52","date_gmt":"2025-03-04T19:54:52","guid":{"rendered":"https:\/\/www.tgrthaber.com\/mavikadin\/?p=142059"},"modified":"2025-03-04T22:54:52","modified_gmt":"2025-03-04T19:54:52","slug":"survivor-4-mart-2025-iletisim-oyununu-kim-kazandi-eleme-adayi-kim-oldu","status":"publish","type":"post","link":"https:\/\/www.tgrthaber.com\/mavikadin\/survivor-4-mart-2025-iletisim-oyununu-kim-kazandi-eleme-adayi-kim-oldu\/","title":{"rendered":"Survivor 4 Mart 2025 ileti\u015fim oyununu kim kazand\u0131? Eleme aday\u0131 kim oldu?"},"content":{"rendered":"<p class=\"p1\">Survivor All Star 2025\u2019te heyecan h\u0131z kesmeden devam ediyor. Dokunulmazl\u0131k oyununun ard\u0131ndan yar\u0131\u015fmac\u0131lar, sevdikleriyle ileti\u015fim kurma f\u0131rsat\u0131 sunan \u00f6d\u00fcl i\u00e7in k\u0131yas\u0131ya m\u00fccadele etti. All Star ve G\u00f6n\u00fcll\u00fcler tak\u0131mlar\u0131 aras\u0131nda ger\u00e7ekle\u015fen ileti\u015fim oyunu, izleyicileri ekrana kilitledi. Peki, 4 Mart 2025 Survivor \u00f6d\u00fcl oyununu hangi tak\u0131m kazand\u0131? Haftan\u0131n ilk eleme aday\u0131 kim oldu? \u0130\u015fte merak edilen detaylar\u2026<\/p>\n<h3>SURV\u0130VOR \u0130LET\u0130\u015e\u0130M OYUNUNU HANG\u0130 TAKIM KAZANDI? <b>(4 Mart 2025)<\/b><\/h3>\n<p class=\"p1\">\u00a0Yar\u0131\u015fmac\u0131lar i\u00e7in b\u00fcy\u00fck \u00f6nem ta\u015f\u0131yan bu oyun, sevdikleriyle haberle\u015fme \u015fans\u0131 sundu\u011fu i\u00e7in her zaman b\u00fcy\u00fck bir rekabete sahne oluyor. Survivor\u2019da ileti\u015fim oyununu kazanan tak\u0131m a\u00e7\u0131kland\u0131\u011f\u0131nda haberimize eklenecektir.<\/p>\n<p><img loading=\"lazy\" decoding=\"async\" class=\"alignnone wp-image-142066 \" src=\"https:\/\/www.tgrthaber.com\/mavikadin\/wp-content\/uploads\/Ekran-Resmi-2025-03-04-22.46.56.png\" alt=\"\" width=\"990\" height=\"579\" title=\"\" srcset=\"https:\/\/www.tgrthaber.com\/mavikadin\/wp-content\/uploads\/Ekran-Resmi-2025-03-04-22.46.56.png 944w, https:\/\/www.tgrthaber.com\/mavikadin\/wp-content\/uploads\/Ekran-Resmi-2025-03-04-22.46.56-300x175.png 300w, https:\/\/www.tgrthaber.com\/mavikadin\/wp-content\/uploads\/Ekran-Resmi-2025-03-04-22.46.56-768x449.png 768w\" sizes=\"(max-width: 990px) 100vw, 990px\" \/><\/p>\n<hr \/>\n<h3 class=\"p1\"><b>SURV\u0130VOR \u0130LK DOKUNULMAZLIK OYUNUNU HANG\u0130 TAKIM KAZANDI?<\/b><\/h3>\n<p class=\"p1\">Survivor\u2019da bu hafta oynanan ilk dokunulmazl\u0131k oyununda G\u00f6n\u00fcll\u00fcler tak\u0131m\u0131 \u00fcst\u00fcnl\u00fck sa\u011flad\u0131. Zorlu m\u00fccadelede parkurda ba\u015far\u0131l\u0131 olan G\u00f6n\u00fcll\u00fcler, dokunulmazl\u0131\u011f\u0131 alarak eleme potas\u0131na yar\u0131\u015fmac\u0131 g\u00f6ndermekten kurtuldu.<\/p>\n<h3 class=\"p1\"><b>SURV\u0130VOR \u0130LK ELEME ADAYI K\u0130M OLDU?\u00a0<\/b><b><\/b><\/h3>\n<p class=\"p1\">Survivor 2025\u2019in ilk eleme aday\u0131 belli oldu. Ada konseyinde yap\u0131lan oylama sonucunda haftan\u0131n ilk eleme aday\u0131 Sedat Kapurtu olarak belirlendi. Yar\u0131\u015fmada kalmak i\u00e7in di\u011fer eleme adaylar\u0131yla d\u00fcello yapmak zorunda kalacak.<\/p>\n<p><img loading=\"lazy\" decoding=\"async\" class=\"alignnone wp-image-142067 \" src=\"https:\/\/www.tgrthaber.com\/mavikadin\/wp-content\/uploads\/Ekran-Resmi-2025-03-04-22.47.10.png\" alt=\"\" width=\"991\" height=\"574\" title=\"\" srcset=\"https:\/\/www.tgrthaber.com\/mavikadin\/wp-content\/uploads\/Ekran-Resmi-2025-03-04-22.47.10.png 950w, https:\/\/www.tgrthaber.com\/mavikadin\/wp-content\/uploads\/Ekran-Resmi-2025-03-04-22.47.10-300x174.png 300w, https:\/\/www.tgrthaber.com\/mavikadin\/wp-content\/uploads\/Ekran-Resmi-2025-03-04-22.47.10-768x445.png 768w\" sizes=\"(max-width: 991px) 100vw, 991px\" \/><\/p>\n<hr \/>\n<h3 class=\"p1\"><b>SURV\u0130VOR&#8217;DA EN SON K\u0130M ELEND\u0130?\u00a0<\/b><b><\/b><\/h3>\n<p class=\"p1\">Survivor\u2019da en son adaya veda eden isim Senem oldu. Eleme d\u00fcellosunda Meryem ile kar\u015f\u0131 kar\u015f\u0131ya gelen Senem, m\u00fccadeleyi kaybederek Survivor\u2019a veda etti. Survivor All Star 2025\u2019te m\u00fccadele devam ederken, yar\u0131\u015fmac\u0131lar hem fiziksel hem de psikolojik olarak b\u00fcy\u00fck bir s\u0131navdan ge\u00e7iyor. Yeni geli\u015fmeler ve eleme adaylar\u0131yla ilgili detaylar a\u00e7\u0131kland\u0131k\u00e7a haberimize eklenecektir.<\/p>\n<p><img loading=\"lazy\" decoding=\"async\" class=\"alignnone wp-image-142076 \" src=\"https:\/\/www.tgrthaber.com\/mavikadin\/wp-content\/uploads\/Ekran-Resmi-2025-03-04-22.49.49.png\" alt=\"\" width=\"990\" height=\"674\" title=\"\" srcset=\"https:\/\/www.tgrthaber.com\/mavikadin\/wp-content\/uploads\/Ekran-Resmi-2025-03-04-22.49.49.png 878w, https:\/\/www.tgrthaber.com\/mavikadin\/wp-content\/uploads\/Ekran-Resmi-2025-03-04-22.49.49-300x204.png 300w, https:\/\/www.tgrthaber.com\/mavikadin\/wp-content\/uploads\/Ekran-Resmi-2025-03-04-22.49.49-768x523.png 768w\" sizes=\"(max-width: 990px) 100vw, 990px\" \/><\/p>\n<hr \/>\n<h3>AY\u015eE VE H\u0130KMET&#8217;\u0130N &#8216;K\u00d6YL\u00dc&#8217; KAVGASI GECEYE DAMGA VURDU<\/h3>\n<p class=\"p1\">Survivor All Star 2025\u2019te tansiyon giderek y\u00fckseliyor. Son olarak ileti\u015fim oyunu s\u0131ras\u0131nda ya\u015fanan bir tart\u0131\u015fma, yar\u0131\u015fman\u0131n g\u00fcndemine damga vurdu. Hikmet Tu\u011fsuz\u2019un, tak\u0131m arkada\u015f\u0131 Ay\u015fe Y\u00fcksel\u2019e \u201cK\u00f6yl\u00fc Ay\u015fe, sen kar\u0131\u015fma\u201d s\u00f6zleriyle \u00e7\u0131k\u0131\u015fmas\u0131, adada gergin anlara neden oldu. Ay\u015fe ise bu ifadeye sert bir kar\u015f\u0131l\u0131k vererek, \u201cK\u00f6yde ya\u015fayan sensin, ben sadece k\u00f6y\u00fcme gidip geliyorum. Hikmet abi, be\u015f farkl\u0131 yere yiyecek saklamak adalet mi?\u201d s\u00f6zleriyle tepki g\u00f6sterdi.<\/p>\n","protected":false},"excerpt":{"rendered":"<p>Survivor All Star 2025\u2019te rekabet giderek k\u0131z\u0131\u015f\u0131yor. Dokunulmazl\u0131k oyununun ard\u0131ndan yar\u0131\u015fmac\u0131lar, sevdikleriyle ileti\u015fim kurabilmek i\u00e7in k\u0131yas\u0131ya m\u00fccadele etti. All Star ve G\u00f6n\u00fcll\u00fcler tak\u0131mlar\u0131 aras\u0131nda ger\u00e7ekle\u015fen ileti\u015fim oyunu, heyecan dolu anlara sahne oldu. Peki, 4 Mart 2025 Survivor \u00f6d\u00fcl oyununu hangi tak\u0131m kazand\u0131? Haftan\u0131n 2. eleme aday\u0131 kim oldu? \u0130\u015fte detaylar\u2026<\/p>\n","protected":false},"author":16,"featured_media":142079,"comment_status":"closed","ping_status":"closed","sticky":false,"template":"","format":"standard","meta":{"rank_math_lock_modified_date":false,"footnotes":""},"categories":[101],"tags":[12979,12980,12978],"class_list":["post-142059","post","type-post","status-publish","format-standard","has-post-thumbnail","hentry","category-kesfet","tag-survivor-4-mart-2025-iletisim-oyunu-kazanani","tag-survivor-4-mart-2025-ilk-eleme-adayi-kim-oldu","tag-survivor-iletisim-oyunu-kim-kazandi"],"_links":{"self":[{"href":"https:\/\/www.tgrthaber.com\/mavikadin\/wp-json\/wp\/v2\/posts\/142059"}],"collection":[{"href":"https:\/\/www.tgrthaber.com\/mavikadin\/wp-json\/wp\/v2\/posts"}],"about":[{"href":"https:\/\/www.tgrthaber.com\/mavikadin\/wp-json\/wp\/v2\/types\/post"}],"author":[{"embeddable":true,"href":"https:\/\/www.tgrthaber.com\/mavikadin\/wp-json\/wp\/v2\/users\/16"}],"replies":[{"embeddable":true,"href":"https:\/\/www.tgrthaber.com\/mavikadin\/wp-json\/wp\/v2\/comments?post=142059"}],"version-history":[{"count":1,"href":"https:\/\/www.tgrthaber.com\/mavikadin\/wp-json\/wp\/v2\/posts\/142059\/revisions"}],"predecessor-version":[{"id":142080,"href":"https:\/\/www.tgrthaber.com\/mavikadin\/wp-json\/wp\/v2\/posts\/142059\/revisions\/142080"}],"wp:featuredmedia":[{"embeddable":true,"href":"https:\/\/www.tgrthaber.com\/mavikadin\/wp-json\/wp\/v2\/media\/142079"}],"wp:attachment":[{"href":"https:\/\/www.tgrthaber.com\/mavikadin\/wp-json\/wp\/v2\/media?parent=142059"}],"wp:term":[{"taxonomy":"category","embeddable":true,"href":"https:\/\/www.tgrthaber.com\/mavikadin\/wp-json\/wp\/v2\/categories?post=142059"},{"taxonomy":"post_tag","embeddable":true,"href":"https:\/\/www.tgrthaber.com\/mavikadin\/wp-json\/wp\/v2\/tags?post=142059"}],"curies":[{"name":"wp","href":"https:\/\/api.w.org\/{rel}","templated":true}]}}