{"id":142084,"date":"2025-03-04T23:23:12","date_gmt":"2025-03-04T20:23:12","guid":{"rendered":"https:\/\/www.tgrthaber.com\/mavikadin\/?p=142084"},"modified":"2025-03-04T23:23:12","modified_gmt":"2025-03-04T20:23:12","slug":"asirlik-osmanli-ramazan-serbeti-susuzlugu-aninda-gideriyor-enerji-veriyor","status":"publish","type":"post","link":"https:\/\/www.tgrthaber.com\/mavikadin\/asirlik-osmanli-ramazan-serbeti-susuzlugu-aninda-gideriyor-enerji-veriyor\/","title":{"rendered":"As\u0131rl\u0131k Osmanl\u0131 Ramazan \u015ferbeti! Susuzlu\u011fu an\u0131nda gideriyor, enerji veriyor!"},"content":{"rendered":"<p class=\"p1\">Ramazan ay\u0131nda uzun saatler s\u00fcren oru\u00e7 s\u00fcreci, v\u00fccudun s\u0131v\u0131 dengesini korumay\u0131 zorla\u015ft\u0131rabilir. Ancak Osmanl\u0131 mutfa\u011f\u0131ndan g\u00fcn\u00fcm\u00fcze ula\u015fan \u00f6zel bir \u015ferbet tarifi, susuzlu\u011fu an\u0131nda giderirken ayn\u0131 zamanda enerji vererek oru\u00e7 sonras\u0131 yorgunlu\u011fu hafifletiyor. Osmanl\u0131 saraylar\u0131nda s\u0131k\u00e7a t\u00fcketilen ve g\u00fcn\u00fcm\u00fczde de iftar sofralar\u0131nda yerini alan bu lezzetli i\u00e7ecek, do\u011fal i\u00e7eri\u011fiyle sa\u011fl\u0131k a\u00e7\u0131s\u0131ndan da olduk\u00e7a faydal\u0131. \u0130\u015fte, hem serinletici etkisi hem de \u015fifa kayna\u011f\u0131 olarak bilinen bu as\u0131rl\u0131k Osmanl\u0131 \u015ferbeti hakk\u0131nda t\u00fcm detaylar\u2026<\/p>\n<h3 class=\"p1\"><b>OSMANLI MUTFA\u011eININ RAMAZAN&#8217;DAK\u0130 VAZGE\u00c7\u0130LMEZ\u0130: KIZILCIK \u015eERBET\u0130\u00a0<\/b><b><\/b><\/h3>\n<p class=\"p1\">Osmanl\u0131 d\u00f6neminde \u015ferbetler yaln\u0131zca susuzlu\u011fu gidermek i\u00e7in de\u011fil, ayn\u0131 zamanda sa\u011fl\u0131k i\u00e7in de t\u00fcketiliyordu. Saray mutfa\u011f\u0131nda \u00f6zel olarak haz\u0131rlanan bu i\u00e7ecekler, do\u011fal meyveler, baharatlar ve bitkilerle zenginle\u015ftirilerek adeta birer \u015fifa kayna\u011f\u0131 haline getiriliyordu. K\u0131z\u0131lc\u0131k \u015ferbeti ise bu i\u00e7ecekler aras\u0131nda en pop\u00fcler olanlardan biri olarak \u00f6ne \u00e7\u0131k\u0131yor.<\/p>\n<p><img loading=\"lazy\" decoding=\"async\" class=\"alignnone wp-image-142091 size-large\" src=\"https:\/\/www.tgrthaber.com\/mavikadin\/wp-content\/uploads\/Ekran-Resmi-2025-03-04-23.12.44-1024x676.png\" alt=\"\" width=\"1024\" height=\"676\" title=\"\" srcset=\"https:\/\/www.tgrthaber.com\/mavikadin\/wp-content\/uploads\/Ekran-Resmi-2025-03-04-23.12.44-1024x676.png 1024w, https:\/\/www.tgrthaber.com\/mavikadin\/wp-content\/uploads\/Ekran-Resmi-2025-03-04-23.12.44-300x198.png 300w, https:\/\/www.tgrthaber.com\/mavikadin\/wp-content\/uploads\/Ekran-Resmi-2025-03-04-23.12.44-768x507.png 768w, https:\/\/www.tgrthaber.com\/mavikadin\/wp-content\/uploads\/Ekran-Resmi-2025-03-04-23.12.44-1536x1014.png 1536w, https:\/\/www.tgrthaber.com\/mavikadin\/wp-content\/uploads\/Ekran-Resmi-2025-03-04-23.12.44.png 1696w\" sizes=\"(max-width: 1024px) 100vw, 1024px\" \/><\/p>\n<hr \/>\n<p class=\"p1\">K\u0131z\u0131lc\u0131k, y\u00fcksek C vitamini i\u00e7eri\u011fiyle ba\u011f\u0131\u015f\u0131kl\u0131k sistemini g\u00fc\u00e7lendiren, antioksidan bak\u0131m\u0131ndan olduk\u00e7a zengin bir meyvedir. Ramazan ay\u0131nda oru\u00e7 s\u00fcrecinde v\u00fccudun kaybetti\u011fi s\u0131v\u0131y\u0131 dengelemek ve ba\u011f\u0131\u015f\u0131kl\u0131\u011f\u0131 desteklemek i\u00e7in k\u0131z\u0131lc\u0131k \u015ferbeti harika bir se\u00e7enek olabilir. \u00d6zellikle iftar sonras\u0131nda t\u00fcketildi\u011finde mideyi rahatlatan bu \u015ferbet, ayn\u0131 zamanda kan \u015fekerini dengede tutarak ani \u015feker y\u00fckselmelerinin \u00f6n\u00fcne ge\u00e7er.<\/p>\n<p><img loading=\"lazy\" decoding=\"async\" class=\"alignnone wp-image-142100 size-large\" src=\"https:\/\/www.tgrthaber.com\/mavikadin\/wp-content\/uploads\/Ekran-Resmi-2025-03-04-23.16.30-1024x683.png\" alt=\"\" width=\"1024\" height=\"683\" title=\"\" srcset=\"https:\/\/www.tgrthaber.com\/mavikadin\/wp-content\/uploads\/Ekran-Resmi-2025-03-04-23.16.30-1024x683.png 1024w, https:\/\/www.tgrthaber.com\/mavikadin\/wp-content\/uploads\/Ekran-Resmi-2025-03-04-23.16.30-300x200.png 300w, https:\/\/www.tgrthaber.com\/mavikadin\/wp-content\/uploads\/Ekran-Resmi-2025-03-04-23.16.30-768x513.png 768w, https:\/\/www.tgrthaber.com\/mavikadin\/wp-content\/uploads\/Ekran-Resmi-2025-03-04-23.16.30-1536x1025.png 1536w, https:\/\/www.tgrthaber.com\/mavikadin\/wp-content\/uploads\/Ekran-Resmi-2025-03-04-23.16.30.png 1714w\" sizes=\"(max-width: 1024px) 100vw, 1024px\" \/><\/p>\n<hr \/>\n<h3 class=\"p1\"><b>KIZILCIK \u015eERBET\u0130 NASIL YAPILIR?<\/b><\/h3>\n<p class=\"p1\">Ramazan aylar\u0131nda \u015ferbetlerin iftar sofralar\u0131nda \u00f6zel bir yeri vard\u0131r. Osmanl\u0131 mutfa\u011f\u0131ndan g\u00fcn\u00fcm\u00fcze ta\u015f\u0131nan bu \u015fifa kayna\u011f\u0131 i\u00e7ecekler, oru\u00e7 sonras\u0131 v\u00fccudun ihtiya\u00e7 duydu\u011fu s\u0131v\u0131y\u0131 sa\u011flarken, ayn\u0131 zamanda mideyi yormadan enerji verir. K\u0131z\u0131lc\u0131k \u015ferbeti de bu i\u00e7ecekler aras\u0131nda en pop\u00fcler olanlardan biri olarak, hem lezzetiyle hem de sa\u011fl\u0131\u011fa olan faydalar\u0131yla Ramazan sofralar\u0131nda kendine \u00f6nemli bir yer edinmeye devam ediyor. Siz de bu Ramazan ay\u0131nda Osmanl\u0131 mutfa\u011f\u0131n\u0131n e\u015fsiz lezzeti k\u0131z\u0131lc\u0131k \u015ferbetini deneyerek, hem ferahl\u0131k sa\u011flayabilir hem de oru\u00e7 sonras\u0131 sa\u011fl\u0131kl\u0131 bir i\u00e7ecek t\u00fcketebilirsiniz. \u00dcstelik bu \u015fifa dolu i\u00e7ece\u011fi evinizde haz\u0131rlamak olduk\u00e7a basit. \u0130\u015fte Osmanl\u0131 usul\u00fc k\u0131z\u0131lc\u0131k \u015ferbeti tarifi:<\/p>\n<p class=\"p1\"><b>Malzemeler:<\/b><b><\/b><\/p>\n<p class=\"p1\">500 gram taze k\u0131z\u0131lc\u0131k<\/p>\n<p class=\"p1\">1,5 litre su<\/p>\n<p class=\"p1\">1 su barda\u011f\u0131 toz \u015feker (iste\u011fe ba\u011fl\u0131 olarak ayarlanabilir)<\/p>\n<p class=\"p1\">Yar\u0131m limonun suyu<\/p>\n<p class=\"p1\">1 tatl\u0131 ka\u015f\u0131\u011f\u0131 g\u00fcl suyu (iste\u011fe ba\u011fl\u0131)<\/p>\n<p><img loading=\"lazy\" decoding=\"async\" class=\"alignnone wp-image-142094 size-large\" src=\"https:\/\/www.tgrthaber.com\/mavikadin\/wp-content\/uploads\/Ekran-Resmi-2025-03-04-23.12.52-1024x644.png\" alt=\"\" width=\"1024\" height=\"644\" title=\"\" srcset=\"https:\/\/www.tgrthaber.com\/mavikadin\/wp-content\/uploads\/Ekran-Resmi-2025-03-04-23.12.52-1024x644.png 1024w, https:\/\/www.tgrthaber.com\/mavikadin\/wp-content\/uploads\/Ekran-Resmi-2025-03-04-23.12.52-300x189.png 300w, https:\/\/www.tgrthaber.com\/mavikadin\/wp-content\/uploads\/Ekran-Resmi-2025-03-04-23.12.52-768x483.png 768w, https:\/\/www.tgrthaber.com\/mavikadin\/wp-content\/uploads\/Ekran-Resmi-2025-03-04-23.12.52.png 1432w\" sizes=\"(max-width: 1024px) 100vw, 1024px\" \/><\/p>\n<hr \/>\n<p class=\"p1\"><b>Haz\u0131rlan\u0131\u015f\u0131:<\/b><b><\/b><\/p>\n<p class=\"p1\">K\u0131z\u0131lc\u0131klar\u0131 g\u00fczelce y\u0131kay\u0131n ve saplar\u0131n\u0131 ay\u0131klay\u0131n.Tencereye al\u0131n ve \u00fczerine su ekleyerek kaynamaya b\u0131rak\u0131n. Kaynad\u0131ktan sonra k\u0131s\u0131k ate\u015fte 10-15 dakika pi\u015firin. K\u0131z\u0131lc\u0131klar iyice yumu\u015fad\u0131\u011f\u0131nda ocaktan al\u0131n. Pi\u015fen kar\u0131\u015f\u0131m\u0131 s\u00fczge\u00e7ten ge\u00e7irerek suyunu s\u00fcz\u00fcn. Posas\u0131n\u0131 bir ka\u015f\u0131k yard\u0131m\u0131yla ezerek t\u00fcm suyunu \u00e7\u0131karmaya \u00f6zen g\u00f6sterin. Elde edilen \u015ferbete toz \u015fekeri ekleyerek kar\u0131\u015ft\u0131r\u0131n ve tamamen erimesini sa\u011flay\u0131n. Limon suyu ve iste\u011fe ba\u011fl\u0131 olarak g\u00fcl suyunu ekleyin.Birka\u00e7 dakika daha kaynatt\u0131ktan sonra ocaktan al\u0131n ve so\u011fumaya b\u0131rak\u0131n. Oda s\u0131cakl\u0131\u011f\u0131nda dinlendirdikten sonra buzdolab\u0131na koyarak so\u011futun. Servis ederken nane yapra\u011f\u0131 veya limon dilimi ekleyerek ferah bir tat elde edebilirsiniz.<\/p>\n<p><img loading=\"lazy\" decoding=\"async\" class=\"alignnone wp-image-142097 size-large\" src=\"https:\/\/www.tgrthaber.com\/mavikadin\/wp-content\/uploads\/Ekran-Resmi-2025-03-04-23.13.13-1024x647.png\" alt=\"\" width=\"1024\" height=\"647\" title=\"\" srcset=\"https:\/\/www.tgrthaber.com\/mavikadin\/wp-content\/uploads\/Ekran-Resmi-2025-03-04-23.13.13-1024x647.png 1024w, https:\/\/www.tgrthaber.com\/mavikadin\/wp-content\/uploads\/Ekran-Resmi-2025-03-04-23.13.13-300x190.png 300w, https:\/\/www.tgrthaber.com\/mavikadin\/wp-content\/uploads\/Ekran-Resmi-2025-03-04-23.13.13-768x485.png 768w, https:\/\/www.tgrthaber.com\/mavikadin\/wp-content\/uploads\/Ekran-Resmi-2025-03-04-23.13.13-1536x971.png 1536w, https:\/\/www.tgrthaber.com\/mavikadin\/wp-content\/uploads\/Ekran-Resmi-2025-03-04-23.13.13.png 1718w\" sizes=\"(max-width: 1024px) 100vw, 1024px\" \/><\/p>\n<hr \/>\n<h3 class=\"p1\"><b>KIZILCIK \u015eERBET\u0130N\u0130N SA\u011eLI\u011eA FAYDALARI NELER?\u00a0<\/b><\/h3>\n<p class=\"p1\">K\u0131z\u0131lc\u0131k \u015ferbeti, yaln\u0131zca lezzetiyle de\u011fil, sa\u011fl\u0131\u011fa sundu\u011fu faydalarla da dikkat \u00e7eken geleneksel bir i\u00e7ecektir. \u0130\u00e7eri\u011findeki y\u00fcksek C vitamini sayesinde ba\u011f\u0131\u015f\u0131kl\u0131k sistemini g\u00fc\u00e7lendirerek v\u00fccudu hastal\u0131klara kar\u015f\u0131 daha diren\u00e7li hale getirir. \u00d6zellikle so\u011fuk alg\u0131nl\u0131\u011f\u0131 ve grip gibi rahats\u0131zl\u0131klara kar\u015f\u0131 koruyucu etkisiyle bilinir. Bunun yan\u0131 s\u0131ra, oru\u00e7 sonras\u0131 ya\u015fanabilecek ani \u015feker y\u00fckselmelerini dengeleyerek v\u00fccudun sa\u011fl\u0131kl\u0131 bir \u015fekilde tepki vermesini sa\u011flar.<\/p>\n<p><img loading=\"lazy\" decoding=\"async\" class=\"alignnone wp-image-142096 size-large\" src=\"https:\/\/www.tgrthaber.com\/mavikadin\/wp-content\/uploads\/Ekran-Resmi-2025-03-04-23.12.59-1024x585.png\" alt=\"\" width=\"1024\" height=\"585\" title=\"\" srcset=\"https:\/\/www.tgrthaber.com\/mavikadin\/wp-content\/uploads\/Ekran-Resmi-2025-03-04-23.12.59-1024x585.png 1024w, https:\/\/www.tgrthaber.com\/mavikadin\/wp-content\/uploads\/Ekran-Resmi-2025-03-04-23.12.59-300x172.png 300w, https:\/\/www.tgrthaber.com\/mavikadin\/wp-content\/uploads\/Ekran-Resmi-2025-03-04-23.12.59-768x439.png 768w, https:\/\/www.tgrthaber.com\/mavikadin\/wp-content\/uploads\/Ekran-Resmi-2025-03-04-23.12.59-1536x878.png 1536w, https:\/\/www.tgrthaber.com\/mavikadin\/wp-content\/uploads\/Ekran-Resmi-2025-03-04-23.12.59.png 1742w\" sizes=\"(max-width: 1024px) 100vw, 1024px\" \/><\/p>\n<hr \/>\n<p class=\"p1\">Uzun saatler s\u00fcren a\u00e7l\u0131k ve susuzluk nedeniyle v\u00fccuttaki s\u0131v\u0131 kayb\u0131n\u0131 \u00f6nleyerek g\u00fcn boyu ihtiya\u00e7 duyulan elektrolitleri geri kazand\u0131r\u0131r. Ramazan sofralar\u0131nda iftar sonras\u0131 t\u00fcketildi\u011finde sindirim sistemine destek olur, mideyi rahatlat\u0131r ve ba\u011f\u0131rsaklar\u0131n daha d\u00fczenli \u00e7al\u0131\u015fmas\u0131na katk\u0131da bulunur. Ayr\u0131ca, i\u00e7erdi\u011fi g\u00fc\u00e7l\u00fc antioksidanlar sayesinde v\u00fccudu toksinlerden ar\u0131nd\u0131rarak detoks etkisi sa\u011flar ve h\u00fccrelerin yenilenmesini destekler. T\u00fcm bu faydalar\u0131yla k\u0131z\u0131lc\u0131k \u015ferbeti, hem ferahlat\u0131c\u0131 hem de sa\u011fl\u0131kl\u0131 bir i\u00e7ecek olarak Ramazan sofralar\u0131n\u0131n vazge\u00e7ilmezleri aras\u0131nda yer al\u0131r.<\/p>\n<p class=\"p1\">\n","protected":false},"excerpt":{"rendered":"<p>Ramazan ay\u0131nda v\u00fccudun s\u0131v\u0131 dengesini korumak b\u00fcy\u00fck \u00f6nem ta\u015f\u0131rken, Osmanl\u0131 mutfa\u011f\u0131ndan g\u00fcn\u00fcm\u00fcze ula\u015fan \u015ferbet tarifleri, hem susuzlu\u011fu gidermesi hem de enerji vermesiyle dikkat \u00e7ekiyor. \u0130\u015fte Ramazan\u2019da enerji verip susuzlu\u011funuzu giderecek as\u0131rl\u0131k \u015ferbet tarifi\u2026 <\/p>\n","protected":false},"author":16,"featured_media":142115,"comment_status":"closed","ping_status":"closed","sticky":false,"template":"","format":"standard","meta":{"rank_math_lock_modified_date":false,"footnotes":""},"categories":[101],"tags":[12991,12988,12989,12990],"class_list":["post-142084","post","type-post","status-publish","format-standard","has-post-thumbnail","hentry","category-kesfet","tag-enerji-veren-serbet","tag-osmanli-ramazan-serbeti","tag-ramazan-serbeti","tag-susuzlugu-gideren-serbet"],"_links":{"self":[{"href":"https:\/\/www.tgrthaber.com\/mavikadin\/wp-json\/wp\/v2\/posts\/142084"}],"collection":[{"href":"https:\/\/www.tgrthaber.com\/mavikadin\/wp-json\/wp\/v2\/posts"}],"about":[{"href":"https:\/\/www.tgrthaber.com\/mavikadin\/wp-json\/wp\/v2\/types\/post"}],"author":[{"embeddable":true,"href":"https:\/\/www.tgrthaber.com\/mavikadin\/wp-json\/wp\/v2\/users\/16"}],"replies":[{"embeddable":true,"href":"https:\/\/www.tgrthaber.com\/mavikadin\/wp-json\/wp\/v2\/comments?post=142084"}],"version-history":[{"count":1,"href":"https:\/\/www.tgrthaber.com\/mavikadin\/wp-json\/wp\/v2\/posts\/142084\/revisions"}],"predecessor-version":[{"id":142116,"href":"https:\/\/www.tgrthaber.com\/mavikadin\/wp-json\/wp\/v2\/posts\/142084\/revisions\/142116"}],"wp:featuredmedia":[{"embeddable":true,"href":"https:\/\/www.tgrthaber.com\/mavikadin\/wp-json\/wp\/v2\/media\/142115"}],"wp:attachment":[{"href":"https:\/\/www.tgrthaber.com\/mavikadin\/wp-json\/wp\/v2\/media?parent=142084"}],"wp:term":[{"taxonomy":"category","embeddable":true,"href":"https:\/\/www.tgrthaber.com\/mavikadin\/wp-json\/wp\/v2\/categories?post=142084"},{"taxonomy":"post_tag","embeddable":true,"href":"https:\/\/www.tgrthaber.com\/mavikadin\/wp-json\/wp\/v2\/tags?post=142084"}],"curies":[{"name":"wp","href":"https:\/\/api.w.org\/{rel}","templated":true}]}}