{"id":142086,"date":"2025-03-04T23:18:50","date_gmt":"2025-03-04T20:18:50","guid":{"rendered":"https:\/\/www.tgrthaber.com\/mavikadin\/?p=142086"},"modified":"2025-03-04T23:20:00","modified_gmt":"2025-03-04T20:20:00","slug":"iste-ramazan-ayina-ozel-sarkuteri-listesi-en-iyi-urunler-nereden-alinir","status":"publish","type":"post","link":"https:\/\/www.tgrthaber.com\/mavikadin\/iste-ramazan-ayina-ozel-sarkuteri-listesi-en-iyi-urunler-nereden-alinir\/","title":{"rendered":"\u0130\u015fte Ramazan ay\u0131na \u00f6zel \u015fark\u00fcteri listesi! En iyi \u00fcr\u00fcnler nereden al\u0131n\u0131r?"},"content":{"rendered":"<p>\u015eark\u00fcteri \u00fcr\u00fcnleri, iftar ve sahur sofralar\u0131n\u0131n vazge\u00e7ilmezleri aras\u0131nda yer al\u0131r. Ramazan d\u0131\u015f\u0131nda da temel besin maddelerinin sat\u0131ld\u0131\u011f\u0131 \u015fark\u00fcteriler Ramazan ve oru\u00e7larla birlikte daha da ra\u011fbet g\u00f6ren mekanlar aras\u0131nda yer al\u0131r. Peki Ramazan sofralar\u0131n\u0131 s\u00fcsleyecek \u00fcr\u00fcnleri bulabilece\u011finiz en iyi \u015fark\u00fcteri mekanlar\u0131 nereler?<\/p>\n<h3>\u0130\u015eTE EN \u0130Y\u0130 \u015eARK\u00dcTER\u0130 MEKANLARI L\u0130STES\u0130<\/h3>\n<p>Peynirden kahvalt\u0131l\u0131klara, f\u00fcme ve et \u00e7e\u015fitlerinden zeytinlere ve bal, re\u00e7el gibi tatl\u0131lara onlarca \u00e7e\u015fit lezzetli \u00fcr\u00fcn\u00fc b\u00fcnyesinde bar\u0131nd\u0131ran \u015fark\u00fcteriler, \u015f\u00fcphesiz Ramazan sofralar\u0131n\u0131n vazge\u00e7ilmez yiyeceklerini sunmaktad\u0131r. Peki en iyi \u015fark\u00fcteri \u00fcr\u00fcnleri nerelerden al\u0131n\u0131r?<\/p>\n<p><img loading=\"lazy\" decoding=\"async\" class=\"alignnone wp-image-142087\" src=\"https:\/\/www.tgrthaber.com\/mavikadin\/wp-content\/uploads\/namli-gurme-300x150.jpg\" alt=\"\" width=\"1280\" height=\"640\" title=\"\" srcset=\"https:\/\/www.tgrthaber.com\/mavikadin\/wp-content\/uploads\/namli-gurme-300x150.jpg 300w, https:\/\/www.tgrthaber.com\/mavikadin\/wp-content\/uploads\/namli-gurme-1024x512.jpg 1024w, https:\/\/www.tgrthaber.com\/mavikadin\/wp-content\/uploads\/namli-gurme-768x384.jpg 768w, https:\/\/www.tgrthaber.com\/mavikadin\/wp-content\/uploads\/namli-gurme-1536x768.jpg 1536w, https:\/\/www.tgrthaber.com\/mavikadin\/wp-content\/uploads\/namli-gurme.jpg 1920w\" sizes=\"(max-width: 1280px) 100vw, 1280px\" \/><\/p>\n<h3>1. Naml\u0131 Gurme<\/h3>\n<p>Yurt i\u00e7inde ve yurt d\u0131\u015f\u0131nda faaliyet g\u00f6steren, kaliteli \u00fcr\u00fcnleriyle nam salm\u0131\u015f olan Naml\u0131 Gurme&#8217;nin \u0130stanbul&#8217;da Karak\u00f6y, Ni\u015fanta\u015f\u0131 ve G\u00f6kt\u00fcrk&#8217;te yerleri bulunuyor. Naml\u0131 Gurme ayr\u0131ca yurt d\u0131\u015f\u0131nda Bahreyn&#8217;de de lezzetlerini sergiliyor. Naml\u0131 Gurme, hem kahvalt\u0131 hem de \u015fark\u00fcteri \u00fcr\u00fcnlerini bir arada b\u00fcnyesinde bulunduruyor. \u015eark\u00fcteri-restoran konseptiyle m\u00fc\u015fterilerine hizmet veren mekan, akla gelen t\u00fcm \u00fcr\u00fcnlerden daha fazlas\u0131n\u0131 sunuyor.<\/p>\n<p><img loading=\"lazy\" decoding=\"async\" class=\"alignnone wp-image-142088\" src=\"https:\/\/www.tgrthaber.com\/mavikadin\/wp-content\/uploads\/sutte-300x207.jpg\" alt=\"\" width=\"1280\" height=\"885\" title=\"\" srcset=\"https:\/\/www.tgrthaber.com\/mavikadin\/wp-content\/uploads\/sutte-300x207.jpg 300w, https:\/\/www.tgrthaber.com\/mavikadin\/wp-content\/uploads\/sutte.jpg 512w\" sizes=\"(max-width: 1280px) 100vw, 1280px\" \/><\/p>\n<h3>2. \u015e\u00fctte<\/h3>\n<p>1918 y\u0131l\u0131ndan beri lezzeti ve kaliteli \u00fcr\u00fcnleriyle hizmet veren \u015e\u00fctte, \u015fark\u00fcteri denince ilk akla gelen mekanlar aras\u0131nda yer al\u0131yor. Macar salam, hindi kuru et, \u0130talyan salam, dana bacon gibi birbirinden lezzetli \u00fcr\u00fcnleri b\u00fcnyesinde bar\u0131nd\u0131ran ve olduk\u00e7a \u00e7e\u015fitli \u00fcr\u00fcn yelpazesine sahip \u015e\u00fctte, Ni\u015fanta\u015f\u0131 Te\u015fvikiye Caddesi&#8217;nde hizmet veriyor.<\/p>\n<p><img loading=\"lazy\" decoding=\"async\" class=\"alignnone wp-image-142089\" src=\"https:\/\/www.tgrthaber.com\/mavikadin\/wp-content\/uploads\/antre-300x296.jpeg\" alt=\"\" width=\"1280\" height=\"1262\" title=\"\" srcset=\"https:\/\/www.tgrthaber.com\/mavikadin\/wp-content\/uploads\/antre-300x296.jpeg 300w, https:\/\/www.tgrthaber.com\/mavikadin\/wp-content\/uploads\/antre-768x757.jpeg 768w, https:\/\/www.tgrthaber.com\/mavikadin\/wp-content\/uploads\/antre.jpeg 1005w\" sizes=\"(max-width: 1280px) 100vw, 1280px\" \/><\/p>\n<h3>3. Antre Gourmet<\/h3>\n<p>2000&#8217;li y\u0131llar\u0131n ba\u015flar\u0131nda 30 metrekare d\u00fckkan ile peynir sat\u0131\u015f\u0131na ba\u015flayan Antre Gourmet, d\u00fcnyan\u0131n ve T\u00fcrkiye&#8217;nin \u00e7e\u015fitli peynirleri \u00fczerine \u00e7al\u0131\u015fmalar yapm\u0131\u015f, bu \u00e7al\u0131\u015fmalar neticesinde T\u00fcrkiye&#8217;nin tan\u0131t\u0131m\u0131 konusunda da b\u00fcy\u00fck emek vermi\u015ftir. T\u00fcrkiye&#8217;nin her bir k\u00f6\u015fesinden en lezzetli peynirleri tek bir \u00e7at\u0131 alt\u0131nda bulabilece\u011finiz Antre Gourmet, peynirin yan\u0131nda re\u00e7el, tereya\u011f\u0131, pekmez, yo\u011furt, tur\u015fu, eri\u015fte, granola gibi \u00fcr\u00fcnleri de b\u00fcnyesinde bar\u0131nd\u0131r\u0131yor. Beyo\u011flu Cihangir&#8217;de faaliyet g\u00f6steren Antre Gourmet, T\u00fcrk peynirlerini d\u00fcnyaya tan\u0131tma konusundaki \u00e7al\u0131\u015fmalar\u0131yla da biliniyor.<\/p>\n<p><img loading=\"lazy\" decoding=\"async\" class=\"alignnone wp-image-142090\" src=\"https:\/\/www.tgrthaber.com\/mavikadin\/wp-content\/uploads\/ecevitler-300x300.jpg\" alt=\"\" width=\"1280\" height=\"1280\" title=\"\" srcset=\"https:\/\/www.tgrthaber.com\/mavikadin\/wp-content\/uploads\/ecevitler-300x300.jpg 300w, https:\/\/www.tgrthaber.com\/mavikadin\/wp-content\/uploads\/ecevitler-1024x1024.jpg 1024w, https:\/\/www.tgrthaber.com\/mavikadin\/wp-content\/uploads\/ecevitler-150x150.jpg 150w, https:\/\/www.tgrthaber.com\/mavikadin\/wp-content\/uploads\/ecevitler-768x768.jpg 768w, https:\/\/www.tgrthaber.com\/mavikadin\/wp-content\/uploads\/ecevitler.jpg 1066w\" sizes=\"(max-width: 1280px) 100vw, 1280px\" \/><\/p>\n<h3>4. Ecevitler G\u0131da Pazar\u0131<\/h3>\n<p>1968 y\u0131l\u0131nda faaliyete ba\u015flayan ve o g\u00fcnden beri kaliteden \u00f6d\u00fcn vermeden m\u00fc\u015fterilerine lezzetli \u00fcr\u00fcnler sunmaya devam eden Ecevitler G\u0131da Pazar\u0131, Kad\u0131k\u00f6y \u00c7ar\u015f\u0131s\u0131&#8217;nda yer al\u0131yor. Ramazan sofralar\u0131n\u0131 \u015fenlendiren \u00fcr\u00fcnleriyle \u00fcnl\u00fc mekan\u0131n bu aylarda \u00f6n\u00fcnde metrelerce kuyruk olabiliyor. Anadolu&#8217;nun her bir yan\u0131ndan gelen taze peynirlerin, kayma\u011f\u0131n, past\u0131rman\u0131n, sucu\u011fun ve onlarca \u00e7e\u015fit \u015fark\u00fcteri \u00fcr\u00fcn\u00fcn\u00fcn tek \u00e7at\u0131 alt\u0131nda topland\u0131\u011f\u0131 Ecevitler G\u0131da Pazar\u0131&#8217;nda akla gelen her t\u00fcrl\u00fc \u00fcr\u00fcn\u00fc bulabilirsiniz.<\/p>\n<p><img loading=\"lazy\" decoding=\"async\" class=\"alignnone wp-image-142092\" src=\"https:\/\/www.tgrthaber.com\/mavikadin\/wp-content\/uploads\/santral-300x200.jpg\" alt=\"\" width=\"1280\" height=\"853\" title=\"\" srcset=\"https:\/\/www.tgrthaber.com\/mavikadin\/wp-content\/uploads\/santral-300x200.jpg 300w, https:\/\/www.tgrthaber.com\/mavikadin\/wp-content\/uploads\/santral-1024x683.jpg 1024w, https:\/\/www.tgrthaber.com\/mavikadin\/wp-content\/uploads\/santral-768x512.jpg 768w, https:\/\/www.tgrthaber.com\/mavikadin\/wp-content\/uploads\/santral.jpg 1200w\" sizes=\"(max-width: 1280px) 100vw, 1280px\" \/><\/p>\n<h3>5. Santral<\/h3>\n<p>\u0130stanbul&#8217;un Bebek semtinin en eski \u015fark\u00fcterilerinden olan Santral, yerli ve ithal peynirlerden deniz mahs\u00fcllerine onlarca \u00e7e\u015fit \u00fcr\u00fcn\u00fc bulabilece\u011finiz mekanlardan biri. Santral, \u00f6zel g\u00fcn ve davetler i\u00e7in \u015fark\u00fcteri tabaklar\u0131 da haz\u0131rl\u0131yor.<\/p>\n<p><img loading=\"lazy\" decoding=\"async\" class=\"alignnone wp-image-142093\" src=\"https:\/\/www.tgrthaber.com\/mavikadin\/wp-content\/uploads\/cemes-300x300.jpg\" alt=\"\" width=\"1280\" height=\"1280\" title=\"\" srcset=\"https:\/\/www.tgrthaber.com\/mavikadin\/wp-content\/uploads\/cemes-300x300.jpg 300w, https:\/\/www.tgrthaber.com\/mavikadin\/wp-content\/uploads\/cemes-1024x1024.jpg 1024w, https:\/\/www.tgrthaber.com\/mavikadin\/wp-content\/uploads\/cemes-150x150.jpg 150w, https:\/\/www.tgrthaber.com\/mavikadin\/wp-content\/uploads\/cemes-768x768.jpg 768w, https:\/\/www.tgrthaber.com\/mavikadin\/wp-content\/uploads\/cemes-1536x1536.jpg 1536w, https:\/\/www.tgrthaber.com\/mavikadin\/wp-content\/uploads\/cemes.jpg 1600w\" sizes=\"(max-width: 1280px) 100vw, 1280px\" \/><\/p>\n<h3>6.\u00c7emen&#8217;s Gurme \u015eark\u00fcteri<\/h3>\n<p>Kayseri&#8217;nin en lezzetli \u00fcr\u00fcnlerini bulabilece\u011finiz \u00c7emen&#8217;s Gurme \u015eark\u00fcteri, Kayseri&#8217;de hizmet veriyor. T\u00fcrkiye&#8217;nin d\u00f6rt bir noktas\u0131na \u00f6zel paketlerle kargo da g\u00f6nderen \u00c7emen&#8217;s Gurme \u015eark\u00fcteri&#8217;de kaymak, peynir, zeytin, kahvalt\u0131l\u0131k sos, tur\u015fu, pekmez ve bir\u00e7ok \u00e7e\u015fit \u00fcr\u00fcn yer al\u0131yor.<\/p>\n<p><img loading=\"lazy\" decoding=\"async\" class=\"alignnone wp-image-142095\" src=\"https:\/\/www.tgrthaber.com\/mavikadin\/wp-content\/uploads\/karkas-200x300.jpg\" alt=\"\" width=\"1280\" height=\"1920\" title=\"\" srcset=\"https:\/\/www.tgrthaber.com\/mavikadin\/wp-content\/uploads\/karkas-200x300.jpg 200w, https:\/\/www.tgrthaber.com\/mavikadin\/wp-content\/uploads\/karkas-682x1024.jpg 682w, https:\/\/www.tgrthaber.com\/mavikadin\/wp-content\/uploads\/karkas-768x1152.jpg 768w, https:\/\/www.tgrthaber.com\/mavikadin\/wp-content\/uploads\/karkas-1024x1536.jpg 1024w, https:\/\/www.tgrthaber.com\/mavikadin\/wp-content\/uploads\/karkas.jpg 1333w\" sizes=\"(max-width: 1280px) 100vw, 1280px\" \/><\/p>\n<h3>7. Karkas \u00c7iftli\u011fi<\/h3>\n<p>T\u00fcrkiye&#8217;nin \u00e7e\u015fitli illerinde kendi \u00fcretim tesisleri bulunan Karkas \u00c7iftli\u011fi, kendi hayvanlar\u0131n\u0131 besleyip o hayvanlardan elde edilen \u00fcr\u00fcnleri taze olarak m\u00fc\u015fterilerine sunuyor. Bebeklere \u00f6zel \u00fcr\u00fcnlerden \u015fark\u00fcteri ve sakatat \u00fcr\u00fcnlerine kadar \u00e7e\u015fitli yiyecekleri b\u00fcnyesinde bar\u0131nd\u0131ran Karkas \u00c7iftli\u011fi, sipari\u015fleri kendi ekibiyle so\u011fuk zinciri hi\u00e7 bozmadan adrese teslim ediyor.<\/p>\n","protected":false},"excerpt":{"rendered":"<p>Ramazan ay\u0131n\u0131n gelmesiyle birlikte iftar ve sahur sofralar\u0131n\u0131n vazge\u00e7ilmezleri aras\u0131nda \u015fark\u00fcteri \u00fcr\u00fcnleri yer al\u0131yor. Peynir \u00e7e\u015fitlerinden f\u00fcme ve et \u00fcr\u00fcnlerine, kurutulmu\u015f \u00fcr\u00fcnlerden zeytinlere bir\u00e7ok \u00e7e\u015fit \u00fcr\u00fcn\u00fcn bulunabildi\u011fi en iyi \u015fark\u00fcteri \u00fcr\u00fcnleri nerelerden al\u0131n\u0131r?<\/p>\n","protected":false},"author":33,"featured_media":142110,"comment_status":"closed","ping_status":"closed","sticky":false,"template":"","format":"standard","meta":{"rank_math_lock_modified_date":false,"footnotes":""},"categories":[101],"tags":[12983,12984,12985,12982],"class_list":["post-142086","post","type-post","status-publish","format-standard","has-post-thumbnail","hentry","category-kesfet","tag-en-iyi-sarkuteri-dukkanlari","tag-namli-gurme-nerede","tag-sarkuteri-nedir","tag-sarkuteri-urunleri"],"_links":{"self":[{"href":"https:\/\/www.tgrthaber.com\/mavikadin\/wp-json\/wp\/v2\/posts\/142086"}],"collection":[{"href":"https:\/\/www.tgrthaber.com\/mavikadin\/wp-json\/wp\/v2\/posts"}],"about":[{"href":"https:\/\/www.tgrthaber.com\/mavikadin\/wp-json\/wp\/v2\/types\/post"}],"author":[{"embeddable":true,"href":"https:\/\/www.tgrthaber.com\/mavikadin\/wp-json\/wp\/v2\/users\/33"}],"replies":[{"embeddable":true,"href":"https:\/\/www.tgrthaber.com\/mavikadin\/wp-json\/wp\/v2\/comments?post=142086"}],"version-history":[{"count":1,"href":"https:\/\/www.tgrthaber.com\/mavikadin\/wp-json\/wp\/v2\/posts\/142086\/revisions"}],"predecessor-version":[{"id":142108,"href":"https:\/\/www.tgrthaber.com\/mavikadin\/wp-json\/wp\/v2\/posts\/142086\/revisions\/142108"}],"wp:featuredmedia":[{"embeddable":true,"href":"https:\/\/www.tgrthaber.com\/mavikadin\/wp-json\/wp\/v2\/media\/142110"}],"wp:attachment":[{"href":"https:\/\/www.tgrthaber.com\/mavikadin\/wp-json\/wp\/v2\/media?parent=142086"}],"wp:term":[{"taxonomy":"category","embeddable":true,"href":"https:\/\/www.tgrthaber.com\/mavikadin\/wp-json\/wp\/v2\/categories?post=142086"},{"taxonomy":"post_tag","embeddable":true,"href":"https:\/\/www.tgrthaber.com\/mavikadin\/wp-json\/wp\/v2\/tags?post=142086"}],"curies":[{"name":"wp","href":"https:\/\/api.w.org\/{rel}","templated":true}]}}