{"id":142123,"date":"2025-03-04T23:52:14","date_gmt":"2025-03-04T20:52:14","guid":{"rendered":"https:\/\/www.tgrthaber.com\/mavikadin\/?p=142123"},"modified":"2025-03-05T10:47:46","modified_gmt":"2025-03-05T07:47:46","slug":"alizade-kimdir-gercek-ismi-ne-nerede-yasiyor-hakkinda-sorusturma-baslatildi","status":"publish","type":"post","link":"https:\/\/www.tgrthaber.com\/mavikadin\/alizade-kimdir-gercek-ismi-ne-nerede-yasiyor-hakkinda-sorusturma-baslatildi\/","title":{"rendered":"Alizade kimdir ger\u00e7ek ismi ne nerede ya\u015f\u0131yor? Hakk\u0131nda soru\u015fturma ba\u015flat\u0131ld\u0131!"},"content":{"rendered":"<p>T\u00fcrk rap d\u00fcnyas\u0131na ad\u0131m att\u0131ktan sonra hakk\u0131nda bir\u00e7ok kez inceleme ve soru\u015fturma a\u00e7\u0131lan \u00fcnl\u00fc rap\u00e7i Alizade&#8217;ye yay\u0131nlad\u0131\u011f\u0131 bir klip nedeniyle yeniden inceleme ba\u015flat\u0131ld\u0131. Bu olay sonras\u0131nda \u00fcnl\u00fc rap\u00e7i Alizade&#8217;nin kim oldu\u011fu, ger\u00e7ek ismi, nerede ya\u015fad\u0131\u011f\u0131 merak edildi. Alizade kimdir ger\u00e7ek ismi ne nerede ya\u015f\u0131yor?<\/p>\n<h3>AL\u0130ZADE K\u0130MD\u0130R?<\/h3>\n<p>\u00dcnl\u00fc rap\u00e7i Alizade, 28 Ekim 2000 y\u0131l\u0131nda Azerbaycan Nah\u00e7\u0131van&#8217;da do\u011fmu\u015ftur. Aslen Azeri olan Alizade, m\u00fczik kariyerine 2018 y\u0131l\u0131nda Rus rap\u00e7i Big Baby Tape&#8217;in geri vokalisti olarak ba\u015flam\u0131\u015ft\u0131r.<\/p>\n<p><img loading=\"lazy\" decoding=\"async\" class=\"alignnone wp-image-142131\" src=\"https:\/\/www.tgrthaber.com\/mavikadin\/wp-content\/uploads\/alizade-inceleme-300x169.jpg\" alt=\"\" width=\"1280\" height=\"720\" title=\"\" srcset=\"https:\/\/www.tgrthaber.com\/mavikadin\/wp-content\/uploads\/alizade-inceleme-300x169.jpg 300w, https:\/\/www.tgrthaber.com\/mavikadin\/wp-content\/uploads\/alizade-inceleme-1024x576.jpg 1024w, https:\/\/www.tgrthaber.com\/mavikadin\/wp-content\/uploads\/alizade-inceleme-768x432.jpg 768w, https:\/\/www.tgrthaber.com\/mavikadin\/wp-content\/uploads\/alizade-inceleme.jpg 1280w\" sizes=\"(max-width: 1280px) 100vw, 1280px\" \/><\/p>\n<hr \/>\n<p>YouTuber ve m\u00fczisyen Berkcan G\u00fcven (BEGE) ile birlikte \u00e7\u0131kard\u0131\u011f\u0131 &#8220;24\/7&#8221; adl\u0131 par\u00e7a ile t\u00fcm T\u00fcrkiye&#8217;de tan\u0131nan rap\u00e7i Alizade, geni\u015f kitlelere ula\u015fm\u0131\u015ft\u0131r. 2019 y\u0131l\u0131nda &#8220;Anormal&#8221; ve &#8220;Kalbin Bana Kald\u0131&#8221; gibi solo \u00e7al\u0131\u015fmalar\u0131n\u0131 yay\u0131mlayan Alizade bu \u015fark\u0131lar\u0131yla tan\u0131n\u0131rl\u0131k kazanm\u0131\u015ft\u0131r.<\/p>\n<p><img loading=\"lazy\" decoding=\"async\" class=\"alignnone wp-image-142132\" src=\"https:\/\/www.tgrthaber.com\/mavikadin\/wp-content\/uploads\/alizade-kimdir-300x164.webp\" alt=\"\" width=\"1280\" height=\"700\" title=\"\" srcset=\"https:\/\/www.tgrthaber.com\/mavikadin\/wp-content\/uploads\/alizade-kimdir-300x164.webp 300w, https:\/\/www.tgrthaber.com\/mavikadin\/wp-content\/uploads\/alizade-kimdir-1024x560.webp 1024w, https:\/\/www.tgrthaber.com\/mavikadin\/wp-content\/uploads\/alizade-kimdir-768x420.webp 768w, https:\/\/www.tgrthaber.com\/mavikadin\/wp-content\/uploads\/alizade-kimdir.webp 1280w\" sizes=\"(max-width: 1280px) 100vw, 1280px\" \/><\/p>\n<hr \/>\n<h3>AL\u0130ZADE&#8217;N\u0130N GER\u00c7EK ADI NE?<\/h3>\n<p>Son d\u00f6nemlerde ad\u0131ndan s\u0131k\u00e7a s\u00f6z ettiren rap\u00e7i Alizade, \u00e7\u0131kard\u0131\u011f\u0131 \u015fark\u0131lar kadar klipleriyle de g\u00fcndeme geliyor. Yapt\u0131\u011f\u0131 sansasyonel a\u00e7\u0131klamalar\u0131yla, \u00f6zel hayat\u0131yla da bolca g\u00fcndeme gelen \u00fcnl\u00fc rap\u00e7inin ger\u00e7ek ad\u0131 merak edildi.<\/p>\n<p><img loading=\"lazy\" decoding=\"async\" class=\"alignnone wp-image-142133\" src=\"https:\/\/www.tgrthaber.com\/mavikadin\/wp-content\/uploads\/alizade-nereli-300x169.webp\" alt=\"\" width=\"1280\" height=\"720\" title=\"\" srcset=\"https:\/\/www.tgrthaber.com\/mavikadin\/wp-content\/uploads\/alizade-nereli-300x169.webp 300w, https:\/\/www.tgrthaber.com\/mavikadin\/wp-content\/uploads\/alizade-nereli-1024x576.webp 1024w, https:\/\/www.tgrthaber.com\/mavikadin\/wp-content\/uploads\/alizade-nereli-768x432.webp 768w, https:\/\/www.tgrthaber.com\/mavikadin\/wp-content\/uploads\/alizade-nereli.webp 1280w\" sizes=\"(max-width: 1280px) 100vw, 1280px\" \/><\/p>\n<hr \/>\n<p>Yapt\u0131\u011f\u0131 \u015fark\u0131lar ve klipleriyle hakk\u0131nda soru\u015fturma ve incelemeler ba\u015flat\u0131lan Alizade \u00e7o\u011fu zaman tepkiyle de kar\u015f\u0131lan\u0131yor. Rap d\u00fcnyas\u0131nda zirveye ad\u0131n\u0131 yazd\u0131ran \u015fark\u0131c\u0131lardan biri olan Alizade&#8217;nin ger\u00e7ek ad\u0131 Asya Alizade&#8217;dir.<\/p>\n<h3>AL\u0130ZADE NEREDE YA\u015eIYOR?<\/h3>\n<p>Sahne ad\u0131yla Alizade olarak bilinen Asya Alizade aslen Azerbaycanl\u0131d\u0131r. 11 ya\u015f\u0131nda Moskova&#8217;ya gitti\u011fi ve burada rap hayat\u0131na ba\u015flad\u0131\u011f\u0131 bilinen \u00fcnl\u00fc rap\u00e7i T\u00fcrkiye piyasas\u0131na BEGE ile yapt\u0131\u011f\u0131 24\/7 \u015fark\u0131s\u0131yla girmi\u015ftir.<\/p>\n<p><img loading=\"lazy\" decoding=\"async\" class=\"alignnone wp-image-142135\" src=\"https:\/\/www.tgrthaber.com\/mavikadin\/wp-content\/uploads\/alizade1-300x168.webp\" alt=\"\" width=\"1280\" height=\"719\" title=\"\" srcset=\"https:\/\/www.tgrthaber.com\/mavikadin\/wp-content\/uploads\/alizade1-300x168.webp 300w, https:\/\/www.tgrthaber.com\/mavikadin\/wp-content\/uploads\/alizade1-1024x575.webp 1024w, https:\/\/www.tgrthaber.com\/mavikadin\/wp-content\/uploads\/alizade1-768x431.webp 768w, https:\/\/www.tgrthaber.com\/mavikadin\/wp-content\/uploads\/alizade1.webp 1202w\" sizes=\"(max-width: 1280px) 100vw, 1280px\" \/><\/p>\n<hr \/>\n<p>Alizade&#8217;nin \u015fu anda \u0130stanbul&#8217;da ya\u015fad\u0131\u011f\u0131 bilinmektedir.<\/p>\n<h3>AL\u0130ZADE HAKKINDA \u0130NCELEME BA\u015eLATILDI<\/h3>\n<p>Son d\u00f6nemlerde \u015fark\u0131lar\u0131na \u00e7ekti\u011fi kliplerle s\u0131k\u00e7a g\u00fcndeme gelen \u00fcnl\u00fc rap\u00e7i Alizade hakk\u0131nda inceleme ba\u015flat\u0131ld\u0131.<\/p>\n<p>Lvbel C5 ad\u0131yla bilinen S\u00fcleyman Burak Bodur ve Asya Alizade&#8217;nin birlikte yay\u0131nlad\u0131\u011f\u0131 klip izleyicilerden tepki ald\u0131. Sosyal medyada tart\u0131\u015fmalara neden olan kliple alakal\u0131 inceleme ba\u015flat\u0131ld\u0131.<\/p>\n","protected":false},"excerpt":{"rendered":"<p>T\u00fcrk rap\u00e7ileri aras\u0131nda AL\u0130ZADE lakab\u0131yla bilinen \u015fark\u0131c\u0131 Asya Alizade&#8217;ye, 28 \u015eubat&#8217;ta rap\u00e7i LvbelC5 ile \u00e7\u0131kard\u0131\u011f\u0131 bir klip y\u00fcz\u00fcnden inceleme ba\u015flat\u0131ld\u0131. Hakk\u0131nda ba\u015flat\u0131lan soru\u015fturma sonras\u0131, Alizade&#8217;nin kim oldu\u011fu, ger\u00e7ek ismi ve nerede ya\u015fad\u0131\u011f\u0131 merak edildi. Peki, Alizade kimdir ger\u00e7ek ismi ne nerede ya\u015f\u0131yor?<\/p>\n","protected":false},"author":33,"featured_media":142134,"comment_status":"closed","ping_status":"closed","sticky":false,"template":"","format":"standard","meta":{"rank_math_lock_modified_date":false,"footnotes":""},"categories":[491],"tags":[12998,12997,12999],"class_list":["post-142123","post","type-post","status-publish","format-standard","has-post-thumbnail","hentry","category-biyografi","tag-alizade-gercek-ismi","tag-alizade-kimdir","tag-alizade-nerede-yasiyor"],"_links":{"self":[{"href":"https:\/\/www.tgrthaber.com\/mavikadin\/wp-json\/wp\/v2\/posts\/142123"}],"collection":[{"href":"https:\/\/www.tgrthaber.com\/mavikadin\/wp-json\/wp\/v2\/posts"}],"about":[{"href":"https:\/\/www.tgrthaber.com\/mavikadin\/wp-json\/wp\/v2\/types\/post"}],"author":[{"embeddable":true,"href":"https:\/\/www.tgrthaber.com\/mavikadin\/wp-json\/wp\/v2\/users\/33"}],"replies":[{"embeddable":true,"href":"https:\/\/www.tgrthaber.com\/mavikadin\/wp-json\/wp\/v2\/comments?post=142123"}],"version-history":[{"count":2,"href":"https:\/\/www.tgrthaber.com\/mavikadin\/wp-json\/wp\/v2\/posts\/142123\/revisions"}],"predecessor-version":[{"id":142137,"href":"https:\/\/www.tgrthaber.com\/mavikadin\/wp-json\/wp\/v2\/posts\/142123\/revisions\/142137"}],"wp:featuredmedia":[{"embeddable":true,"href":"https:\/\/www.tgrthaber.com\/mavikadin\/wp-json\/wp\/v2\/media\/142134"}],"wp:attachment":[{"href":"https:\/\/www.tgrthaber.com\/mavikadin\/wp-json\/wp\/v2\/media?parent=142123"}],"wp:term":[{"taxonomy":"category","embeddable":true,"href":"https:\/\/www.tgrthaber.com\/mavikadin\/wp-json\/wp\/v2\/categories?post=142123"},{"taxonomy":"post_tag","embeddable":true,"href":"https:\/\/www.tgrthaber.com\/mavikadin\/wp-json\/wp\/v2\/tags?post=142123"}],"curies":[{"name":"wp","href":"https:\/\/api.w.org\/{rel}","templated":true}]}}