{"id":142127,"date":"2025-03-04T23:47:34","date_gmt":"2025-03-04T20:47:34","guid":{"rendered":"https:\/\/www.tgrthaber.com\/mavikadin\/?p=142127"},"modified":"2025-03-04T23:47:35","modified_gmt":"2025-03-04T20:47:35","slug":"hande-ercelin-yegeni-yine-kahkahalara-bogdu-baba-merdiven-agliyor","status":"publish","type":"post","link":"https:\/\/www.tgrthaber.com\/mavikadin\/hande-ercelin-yegeni-yine-kahkahalara-bogdu-baba-merdiven-agliyor\/","title":{"rendered":"Hande Er\u00e7el\u2019in ye\u011feni yine kahkahalara bo\u011fdu! \u201cBaba merdiven a\u011fl\u0131yor\u201d"},"content":{"rendered":"<p>Hande Er\u00e7el&#8217;in k\u0131z karde\u015fi Gamze Er\u00e7el ve Caner Y\u0131ld\u0131r\u0131m&#8217;\u0131n k\u0131zlar\u0131 Mavi, tatl\u0131 halleriyle magazin d\u00fcnyas\u0131nda ad\u0131ndan s\u00f6z ettiriyor. Babas\u0131 ile birlikte merdiven \u00e7\u0131karken \u201c Baba merdiven a\u011fl\u0131yor\u201d s\u00f6zleriyle sosyal medyada be\u011feni toplad\u0131. Mavi\u2019nin babas\u0131yla yapt\u0131\u011f\u0131 tatl\u0131 sohbet izleyenlerin y\u00fcz\u00fcnde tebess\u00fcm ettirdi.<\/p>\n<h3>\u201cBABA MERD\u0130VEN A\u011eLIYOR\u201d<\/h3>\n<p>Gamze Er\u00e7el ve Caner Y\u0131ld\u0131r\u0131m&#8217;\u0131n k\u0131zlar\u0131 Mavi, sosyal medyadaki videolar\u0131yla izleyenleri kendine hayran b\u0131rakmaya devam ediyor. Mavi, babas\u0131yla d\u0131\u015farda gezerken \u00e7\u0131kt\u0131\u011f\u0131 bir merdivenden ya\u011fmur sular\u0131n\u0131n akt\u0131\u011f\u0131n\u0131 g\u00f6rmesi \u00fczerine s\u00f6yledi\u011fi c\u00fcmle babas\u0131na kahkaha att\u0131rd\u0131. \u201c Baba bak merdiven a\u011fl\u0131yor\u201d s\u00f6zleri \u00fczerine Caner Y\u0131ld\u0131r\u0131m k\u0131z\u0131 Mavi aras\u0131ndaki o tatl\u0131 diyalogu videoya \u00e7ekti. Sosyal medyada payla\u015ft\u0131\u011f\u0131 o anlar takip\u00e7ileri taraf\u0131ndan be\u011feni yoruma tutuldu.<\/p>\n<div style=\"width: 640px;\" class=\"wp-video\"><!--[if lt IE 9]><script>document.createElement('video');<\/script><![endif]-->\n<video class=\"wp-video-shortcode\" id=\"video-142127-1\" width=\"640\" height=\"1138\" preload=\"metadata\" controls=\"controls\"><source type=\"video\/mp4\" src=\"https:\/\/www.tgrthaber.com\/mavikadin\/wp-content\/uploads\/hande-ercel-yegeni-maviden-gulduren-video-baba-merdiven-agliyor.mp4?_=1\" \/><a href=\"https:\/\/www.tgrthaber.com\/mavikadin\/wp-content\/uploads\/hande-ercel-yegeni-maviden-gulduren-video-baba-merdiven-agliyor.mp4\">https:\/\/www.tgrthaber.com\/mavikadin\/wp-content\/uploads\/hande-ercel-yegeni-maviden-gulduren-video-baba-merdiven-agliyor.mp4<\/a><\/video><\/div>\n<hr \/>\n<h3>\u201cG\u00d6RD\u00dcKLER\u0130N\u0130 \u00c7OK G\u00dcZEL YORUMLUYORSUN\u201d<\/h3>\n<p>Caner Y\u0131ld\u0131r\u0131m k\u0131z\u0131 Mavi ile aras\u0131nda ge\u00e7en diyalog baba ve k\u0131z\u0131n aras\u0131ndaki o s\u0131cac\u0131k ba\u011f izleyenlerin y\u00fcreklerini \u0131s\u0131tt\u0131. Mavi\u2019nin babas\u0131na bir \u015feyler \u00f6\u011fretmeye \u00e7al\u0131\u015fmas\u0131 ve konu\u015furken ki sevimli halleri kahkahalara bo\u011fdu. Babas\u0131 ile kulaktan kula\u011fa oynayarak, beyninin ona oynad\u0131\u011f\u0131 betimlemeleri s\u00f6yleyerek, bilgi payla\u015f\u0131m\u0131n kulaktan kula\u011fa ge\u00e7ti\u011fini dile getiriyor. Zekas\u0131yla, konu\u015fmas\u0131yla, \u015firin halleriyle sosyal medyada geni\u015f kitle taraf\u0131ndan takip edilen Mavi, izleyenleri kendisine hayran b\u0131rakt\u0131.<\/p>\n","protected":false},"excerpt":{"rendered":"<p>Hande Er\u00e7el&#8217;in k\u0131z karde\u015fi Gamze Er\u00e7el ve Caner Y\u0131ld\u0131r\u0131m&#8217;\u0131n k\u0131zlar\u0131 Mavi, tatl\u0131 halleriyle magazin d\u00fcnyas\u0131nda ad\u0131ndan s\u00f6z ettiriyor. Babas\u0131 ile birlikte merdiven \u00e7\u0131karken \u201c Baba merdiven a\u011fl\u0131yor\u201d s\u00f6zleriyle sosyal medyada be\u011feni toplad\u0131. Mavi\u2019nin babas\u0131yla yapt\u0131\u011f\u0131 tatl\u0131 sohbet izleyenlerin y\u00fcz\u00fcnde tebess\u00fcm ettirdi. <\/p>\n","protected":false},"author":10,"featured_media":142129,"comment_status":"closed","ping_status":"closed","sticky":false,"template":"","format":"standard","meta":{"rank_math_lock_modified_date":false,"footnotes":""},"categories":[76],"tags":[12996,133,2218],"class_list":["post-142127","post","type-post","status-publish","format-standard","has-post-thumbnail","hentry","category-magazin","tag-hande-ercelin-yegeni-mavi","tag-magazin","tag-magazin-haberleri"],"_links":{"self":[{"href":"https:\/\/www.tgrthaber.com\/mavikadin\/wp-json\/wp\/v2\/posts\/142127"}],"collection":[{"href":"https:\/\/www.tgrthaber.com\/mavikadin\/wp-json\/wp\/v2\/posts"}],"about":[{"href":"https:\/\/www.tgrthaber.com\/mavikadin\/wp-json\/wp\/v2\/types\/post"}],"author":[{"embeddable":true,"href":"https:\/\/www.tgrthaber.com\/mavikadin\/wp-json\/wp\/v2\/users\/10"}],"replies":[{"embeddable":true,"href":"https:\/\/www.tgrthaber.com\/mavikadin\/wp-json\/wp\/v2\/comments?post=142127"}],"version-history":[{"count":1,"href":"https:\/\/www.tgrthaber.com\/mavikadin\/wp-json\/wp\/v2\/posts\/142127\/revisions"}],"predecessor-version":[{"id":142130,"href":"https:\/\/www.tgrthaber.com\/mavikadin\/wp-json\/wp\/v2\/posts\/142127\/revisions\/142130"}],"wp:featuredmedia":[{"embeddable":true,"href":"https:\/\/www.tgrthaber.com\/mavikadin\/wp-json\/wp\/v2\/media\/142129"}],"wp:attachment":[{"href":"https:\/\/www.tgrthaber.com\/mavikadin\/wp-json\/wp\/v2\/media?parent=142127"}],"wp:term":[{"taxonomy":"category","embeddable":true,"href":"https:\/\/www.tgrthaber.com\/mavikadin\/wp-json\/wp\/v2\/categories?post=142127"},{"taxonomy":"post_tag","embeddable":true,"href":"https:\/\/www.tgrthaber.com\/mavikadin\/wp-json\/wp\/v2\/tags?post=142127"}],"curies":[{"name":"wp","href":"https:\/\/api.w.org\/{rel}","templated":true}]}}