{"id":142154,"date":"2025-03-05T00:18:35","date_gmt":"2025-03-04T21:18:35","guid":{"rendered":"https:\/\/www.tgrthaber.com\/mavikadin\/?p=142154"},"modified":"2025-03-05T00:18:35","modified_gmt":"2025-03-04T21:18:35","slug":"hande-soral-kardeslerini-topladi-gassal-dizisinin-yeni-yuzu-kar-tatilinde","status":"publish","type":"post","link":"https:\/\/www.tgrthaber.com\/mavikadin\/hande-soral-kardeslerini-topladi-gassal-dizisinin-yeni-yuzu-kar-tatilinde\/","title":{"rendered":"Hande Soral karde\u015flerini toplad\u0131! Gassal dizisinin yeni y\u00fcz\u00fc kar tatilinde"},"content":{"rendered":"<p>Gassal dizisinin 2. sezonunda kad\u0131n gassal rol\u00fc oynayan Hande Soral, ailesi ve karde\u015fleriyle kar tatiline \u00e7\u0131kt\u0131. \u00dcnl\u00fc oyuncu Hande Soral, sosyal medyada yay\u0131nlad\u0131\u011f\u0131 kar pozlar\u0131n\u0131 &#8220;1. geleneksel kar tatilimiz&#8221; notuyla takip\u00e7ileriyle payla\u015ft\u0131.<\/p>\n<h3>\u201cKOLAY B\u0130R KARAKTER DE\u011e\u0130L\u201d<\/h3>\n<p>Hande Soral, Gassal 2.sezon dizisinde kad\u0131n gassal rol\u00fcyle adeta hayranlar\u0131n\u0131 \u015fa\u015fk\u0131na \u00e7evirdi. G\u00fczel oyuncu farkl\u0131 bir karakterle hayranlar\u0131n\u0131n kar\u015f\u0131s\u0131na \u00e7\u0131kt\u0131. Soral, d\u00fczenlenen bir etkinlikte oynad\u0131\u011f\u0131 kad\u0131n gassal rol\u00fc i\u00e7in \u201c \u201cAra\u015ft\u0131rmalar yapt\u0131m ama onun d\u0131\u015f\u0131nda gassal bir han\u0131mefendiyle birlikte uzun uzun \u00e7al\u0131\u015ft\u0131m da. Gasilhanede \u00e7al\u0131\u015ft\u0131m. Bir cans\u0131z manken \u00fczerinden y\u0131kamay\u0131 da onunla birlikte \u00f6\u011frendim. Rit\u00fcellerini \u00f6\u011frendim, videolar izledim. \u00c7ok farkl\u0131 gassallardan farkl\u0131 hikayeler dinledim. Valla b\u00f6yle bir rol\u00fc oynamak, kolay kolay her an kar\u015f\u0131m\u0131za \u00e7\u0131kabilecek bir karakter de\u011fil. O y\u00fczden \u00e7ok keyifliydi benim i\u00e7in. Bende Baki\u2019nin yan\u0131na bir kad\u0131n gassal olarak kat\u0131l\u0131yorum.\u201d s\u00f6zlerine yer vermi\u015fti.<\/p>\n<p><img loading=\"lazy\" decoding=\"async\" class=\"alignnone wp-image-142159\" src=\"https:\/\/www.tgrthaber.com\/mavikadin\/wp-content\/uploads\/hande-soral-ailesiyle-kar-tatilinde-300x169.jpg\" alt=\"hande soral ailesiyle kar tatilinde\" width=\"1208\" height=\"680\" title=\"\" srcset=\"https:\/\/www.tgrthaber.com\/mavikadin\/wp-content\/uploads\/hande-soral-ailesiyle-kar-tatilinde-300x169.jpg 300w, https:\/\/www.tgrthaber.com\/mavikadin\/wp-content\/uploads\/hande-soral-ailesiyle-kar-tatilinde-1024x576.jpg 1024w, https:\/\/www.tgrthaber.com\/mavikadin\/wp-content\/uploads\/hande-soral-ailesiyle-kar-tatilinde-768x432.jpg 768w, https:\/\/www.tgrthaber.com\/mavikadin\/wp-content\/uploads\/hande-soral-ailesiyle-kar-tatilinde-1536x864.jpg 1536w, https:\/\/www.tgrthaber.com\/mavikadin\/wp-content\/uploads\/hande-soral-ailesiyle-kar-tatilinde.jpg 1920w\" sizes=\"(max-width: 1208px) 100vw, 1208px\" \/><\/p>\n<hr \/>\n<h3>HANDE SORAL A\u0130LES\u0130 KAR TAT\u0130L\u0130NDE!<\/h3>\n<p>Hande Soral, Gassal \u00e7ekimlerinin bitmesinin ard\u0131ndan dinlenmeye \u00e7ekildi. Gassal dizisinin 2.sezonu ne zaman yay\u0131nlanaca\u011f\u0131 belli de\u011filken, \u00fcnl\u00fc oyuncunun kad\u0131n gassal rol\u00fcnde g\u00f6sterdi\u011fi performans merak konusu oldu. Soral, Gassal\u2019in \u00e7ekimleri bittikten sonra ailesiyle ve arkada\u015flar\u0131yla birlikte kar tatiline \u00e7\u0131kt\u0131. Hande Soral, oyuncu e\u015fi \u0130smail Demirci ve o\u011flu Ali&#8217;yle kar keyfinin tad\u0131n\u0131 \u00e7\u0131kard\u0131. Erciyes da\u011f\u0131na giden g\u00fczel oyuncu e\u015fi, o\u011flu ve karde\u015fleriyle karda kayak keyfi yapt\u0131. Soral, ailesiyle ge\u00e7irdi\u011fi keyifli anlar\u0131, \u201c &#8220;1. geleneksel kar tatilimiz&#8221; notuyla takp\u00e7ileriyle payla\u015ft\u0131. Hande Soral\u2019\u0131n payla\u015ft\u0131\u011f\u0131 foto\u011fraf saniyeler i\u00e7erisinde be\u011feni ve yorum ald\u0131.<\/p>\n","protected":false},"excerpt":{"rendered":"<p>Gassal dizisinin 2. sezonunda kad\u0131n gassal rol\u00fc oynayan Hande Soral, ailesi ve karde\u015fleriyle kar tatiline \u00e7\u0131kt\u0131. \u00dcnl\u00fc oyuncu Hande Soral, sosyal medyada yay\u0131nlad\u0131\u011f\u0131 kar pozlar\u0131n\u0131 &#8220;1. geleneksel kar tatilimiz&#8221; notuyla takip\u00e7ileriyle payla\u015ft\u0131. <\/p>\n","protected":false},"author":10,"featured_media":142162,"comment_status":"closed","ping_status":"closed","sticky":false,"template":"","format":"standard","meta":{"rank_math_lock_modified_date":false,"footnotes":""},"categories":[76],"tags":[4102,4103,133,2218],"class_list":["post-142154","post","type-post","status-publish","format-standard","has-post-thumbnail","hentry","category-magazin","tag-hande-soral","tag-ismail-demirci","tag-magazin","tag-magazin-haberleri"],"_links":{"self":[{"href":"https:\/\/www.tgrthaber.com\/mavikadin\/wp-json\/wp\/v2\/posts\/142154"}],"collection":[{"href":"https:\/\/www.tgrthaber.com\/mavikadin\/wp-json\/wp\/v2\/posts"}],"about":[{"href":"https:\/\/www.tgrthaber.com\/mavikadin\/wp-json\/wp\/v2\/types\/post"}],"author":[{"embeddable":true,"href":"https:\/\/www.tgrthaber.com\/mavikadin\/wp-json\/wp\/v2\/users\/10"}],"replies":[{"embeddable":true,"href":"https:\/\/www.tgrthaber.com\/mavikadin\/wp-json\/wp\/v2\/comments?post=142154"}],"version-history":[{"count":1,"href":"https:\/\/www.tgrthaber.com\/mavikadin\/wp-json\/wp\/v2\/posts\/142154\/revisions"}],"predecessor-version":[{"id":142170,"href":"https:\/\/www.tgrthaber.com\/mavikadin\/wp-json\/wp\/v2\/posts\/142154\/revisions\/142170"}],"wp:featuredmedia":[{"embeddable":true,"href":"https:\/\/www.tgrthaber.com\/mavikadin\/wp-json\/wp\/v2\/media\/142162"}],"wp:attachment":[{"href":"https:\/\/www.tgrthaber.com\/mavikadin\/wp-json\/wp\/v2\/media?parent=142154"}],"wp:term":[{"taxonomy":"category","embeddable":true,"href":"https:\/\/www.tgrthaber.com\/mavikadin\/wp-json\/wp\/v2\/categories?post=142154"},{"taxonomy":"post_tag","embeddable":true,"href":"https:\/\/www.tgrthaber.com\/mavikadin\/wp-json\/wp\/v2\/tags?post=142154"}],"curies":[{"name":"wp","href":"https:\/\/api.w.org\/{rel}","templated":true}]}}