{"id":142182,"date":"2025-03-05T01:11:13","date_gmt":"2025-03-04T22:11:13","guid":{"rendered":"https:\/\/www.tgrthaber.com\/mavikadin\/?p=142182"},"modified":"2025-03-05T01:11:13","modified_gmt":"2025-03-04T22:11:13","slug":"sakir-pasa-ailesi-fahrunnisa-kimdir-tarihte-fahrunnisaya-ne-oldu","status":"publish","type":"post","link":"https:\/\/www.tgrthaber.com\/mavikadin\/sakir-pasa-ailesi-fahrunnisa-kimdir-tarihte-fahrunnisaya-ne-oldu\/","title":{"rendered":"\u015eakir Pa\u015fa Ailesi Fahr\u00fcnnisa kimdir? Tarihte Fahr\u00fcnnisa&#8217;ya ne oldu?"},"content":{"rendered":"<p>\u015eakir Pa\u015fa Ailesi dizisi ile merak edilen Fahr\u00fcnnisa merak edilen ki\u015filer aras\u0131nda yerini ald\u0131. Sanat d\u00fcnyas\u0131nda iz b\u0131rakan isimlerden biri olan Fahr\u00fcnnisa Zeyd, yaln\u0131zca T\u00fcrkiye\u2019de de\u011fil, uluslararas\u0131 arenada da b\u00fcy\u00fck yank\u0131 uyand\u0131rm\u0131\u015f bir sanat\u00e7\u0131d\u0131r. Osmanl\u0131\u2019n\u0131n k\u00f6kl\u00fc ailelerinden \u015eakir Pa\u015fa Ailesi\u2019nin bir ferdi olarak d\u00fcnyaya gelen Fahr\u00fcnnisa, sanata olan tutkusu, kendine \u00f6zg\u00fc \u00fcslubu ve renkli eserleriyle modern T\u00fcrk resim sanat\u0131n\u0131n \u00f6nemli isimlerinden biri olmu\u015ftur. Peki, \u015eakir Pa\u015fa Ailesi Fahr\u00fcnnisa kimdir? Tarihte Fahr\u00fcnnisa ne oldu? Sorular\u0131n\u0131 sizler i\u00e7in ara\u015ft\u0131rd\u0131k. Merak edilenler ve daha fazlas\u0131 haberimizde\u2026<\/p>\n<h3><strong>\u015eAK\u0130R PA\u015eA A\u0130LES\u0130 FAHR\u00dcNN\u0130SA K\u0130MD\u0130R<\/strong><\/h3>\n<p>7 Ocak 1901\u2019de \u0130stanbul B\u00fcy\u00fckada\u2019da do\u011fan Fahr\u00fcnnisa Zeyd, sanatla i\u00e7 i\u00e7e b\u00fcy\u00fcd\u00fc. Babas\u0131 Osmanl\u0131 diplomat\u0131 ve tarih\u00e7i \u015eakir Pa\u015fa, annesi ise Girit as\u0131ll\u0131 Sare \u0130smet Han\u0131md\u0131r. Sanata olan ilgisi k\u00fc\u00e7\u00fck ya\u015flarda ba\u015flad\u0131 ve ailesindeki di\u011fer bireyler de farkl\u0131 alanlarda sanatla ilgileniyordu.<\/p>\n<p><img loading=\"lazy\" decoding=\"async\" class=\"alignnone wp-image-142191\" src=\"https:\/\/www.tgrthaber.com\/mavikadin\/wp-content\/uploads\/fahrunnisa-1-1024x576.jpg\" alt=\"fahr\u00fcnnisa\" width=\"1208\" height=\"680\" title=\"\" srcset=\"https:\/\/www.tgrthaber.com\/mavikadin\/wp-content\/uploads\/fahrunnisa-1-1024x576.jpg 1024w, https:\/\/www.tgrthaber.com\/mavikadin\/wp-content\/uploads\/fahrunnisa-1-300x169.jpg 300w, https:\/\/www.tgrthaber.com\/mavikadin\/wp-content\/uploads\/fahrunnisa-1-768x432.jpg 768w, https:\/\/www.tgrthaber.com\/mavikadin\/wp-content\/uploads\/fahrunnisa-1-1536x864.jpg 1536w, https:\/\/www.tgrthaber.com\/mavikadin\/wp-content\/uploads\/fahrunnisa-1.jpg 1600w\" sizes=\"(max-width: 1208px) 100vw, 1208px\" \/><\/p>\n<hr \/>\n<p>A\u011fabeyi Cevat \u015eakir Kabaa\u011fa\u00e7l\u0131, nam\u0131 di\u011fer Halikarnas Bal\u0131k\u00e7\u0131s\u0131, T\u00fcrk edebiyat\u0131nda \u00f6nemli bir yer edinirken, k\u0131z karde\u015fi Aliye Berger de T\u00fcrkiye\u2019nin \u00f6nde gelen kad\u0131n \u00e7ukur bask\u0131 sanat\u00e7\u0131lar\u0131ndan biri oldu. Fahr\u00fcnnisa, sanat e\u011fitimi almak i\u00e7in Sanayi-i Nefise Mektebi\u2019ne g\u00fcn\u00fcm\u00fczdeki Mimar Sinan G\u00fczel Sanatlar \u00dcniversitesi\u2019ne girdi.<\/p>\n<figure id=\"attachment_142190\" aria-describedby=\"caption-attachment-142190\" style=\"width: 1208px\" class=\"wp-caption alignnone\"><img loading=\"lazy\" decoding=\"async\" class=\"wp-image-142190\" src=\"https:\/\/www.tgrthaber.com\/mavikadin\/wp-content\/uploads\/fahrunnisa-5-1024x576.jpg\" alt=\"fahr\u00fcnnisa\" width=\"1208\" height=\"680\" title=\"\" srcset=\"https:\/\/www.tgrthaber.com\/mavikadin\/wp-content\/uploads\/fahrunnisa-5-1024x576.jpg 1024w, https:\/\/www.tgrthaber.com\/mavikadin\/wp-content\/uploads\/fahrunnisa-5-300x169.jpg 300w, https:\/\/www.tgrthaber.com\/mavikadin\/wp-content\/uploads\/fahrunnisa-5-768x432.jpg 768w, https:\/\/www.tgrthaber.com\/mavikadin\/wp-content\/uploads\/fahrunnisa-5-1536x864.jpg 1536w, https:\/\/www.tgrthaber.com\/mavikadin\/wp-content\/uploads\/fahrunnisa-5.jpg 1600w\" sizes=\"(max-width: 1208px) 100vw, 1208px\" \/><figcaption id=\"caption-attachment-142190\" class=\"wp-caption-text\">\u00a0<\/figcaption><\/figure>\n<hr \/>\n<h3><strong>TAR\u0130HTE FAHR\u00dcNN\u0130SA\u2019YA NE OLDU<\/strong><\/h3>\n<p>Fahr\u00fcnnisa Zeyd, ilk evlili\u011fini \u00fcnl\u00fc yazar \u0130zzet Melih Devrim ile yapt\u0131. Bu evlilikten, tiyatro sanat\u00e7\u0131s\u0131 \u015eirin Devrim ad\u0131nda bir k\u0131z\u0131 d\u00fcnyaya geldi. Daha sonra Irak Kral\u0131 Faysal\u2019\u0131n karde\u015fi Prens Emir Zeyd ile evlenerek \u00dcrd\u00fcn Kraliyet Ailesi\u2019ne gelin gitti. Bu evlilikten ise, ressam Nejad Devrim d\u00fcnyaya geldi. O\u011flu da annesi gibi sanatla ilgilenerek uluslararas\u0131 bir sanat\u00e7\u0131 oldu.<\/p>\n<p><img loading=\"lazy\" decoding=\"async\" class=\"alignnone wp-image-142192\" src=\"https:\/\/www.tgrthaber.com\/mavikadin\/wp-content\/uploads\/fahrunnisa-2-1024x576.jpg\" alt=\"fahr\u00fcnnisa\" width=\"1208\" height=\"680\" title=\"\" srcset=\"https:\/\/www.tgrthaber.com\/mavikadin\/wp-content\/uploads\/fahrunnisa-2-1024x576.jpg 1024w, https:\/\/www.tgrthaber.com\/mavikadin\/wp-content\/uploads\/fahrunnisa-2-300x169.jpg 300w, https:\/\/www.tgrthaber.com\/mavikadin\/wp-content\/uploads\/fahrunnisa-2-768x432.jpg 768w, https:\/\/www.tgrthaber.com\/mavikadin\/wp-content\/uploads\/fahrunnisa-2-1536x864.jpg 1536w, https:\/\/www.tgrthaber.com\/mavikadin\/wp-content\/uploads\/fahrunnisa-2.jpg 1600w\" sizes=\"(max-width: 1208px) 100vw, 1208px\" \/><\/p>\n<hr \/>\n<p>Sanat kariyerinde Bat\u0131 ve Do\u011fu k\u00fclt\u00fcrlerini harmanlayan eserler \u00fcreten Fahr\u00fcnnisa, soyut sanat\u0131n T\u00fcrkiye\u2019deki \u00f6nc\u00fclerinden biri olarak kabul edilir. B\u00fcy\u00fck boyutlu ve renklerin \u00f6n planda oldu\u011fu eserleri, onun sanat anlay\u0131\u015f\u0131n\u0131n temel ta\u015flar\u0131ndan biri oldu. F\u0131r\u00e7a darbeleriyle olu\u015fturdu\u011fu dinamik formlar, onu geleneksel sanat anlay\u0131\u015f\u0131ndan farkl\u0131 bir noktaya ta\u015f\u0131d\u0131.<\/p>\n<p><img loading=\"lazy\" decoding=\"async\" class=\"alignnone wp-image-142193\" src=\"https:\/\/www.tgrthaber.com\/mavikadin\/wp-content\/uploads\/fahrunnisa-3-1024x576.jpg\" alt=\"fahr\u00fcnnisa\" width=\"1208\" height=\"680\" title=\"\" srcset=\"https:\/\/www.tgrthaber.com\/mavikadin\/wp-content\/uploads\/fahrunnisa-3-1024x576.jpg 1024w, https:\/\/www.tgrthaber.com\/mavikadin\/wp-content\/uploads\/fahrunnisa-3-300x169.jpg 300w, https:\/\/www.tgrthaber.com\/mavikadin\/wp-content\/uploads\/fahrunnisa-3-768x432.jpg 768w, https:\/\/www.tgrthaber.com\/mavikadin\/wp-content\/uploads\/fahrunnisa-3-1536x864.jpg 1536w, https:\/\/www.tgrthaber.com\/mavikadin\/wp-content\/uploads\/fahrunnisa-3.jpg 1600w\" sizes=\"(max-width: 1208px) 100vw, 1208px\" \/><\/p>\n<hr \/>\n<p>Avrupa, Orta Do\u011fu ve Amerika\u2019da bir\u00e7ok sergi a\u00e7an sanat\u00e7\u0131, Paris, Londra ve New York gibi sanat merkezlerinde b\u00fcy\u00fck ilgi g\u00f6rd\u00fc. 1940\u2019l\u0131 y\u0131llarda Paris ekol\u00fcne yak\u0131n bir tarz benimsese de sonras\u0131nda kendi \u00f6zg\u00fcn \u00fcslubunu ortaya \u00e7\u0131kard\u0131.<\/p>\n","protected":false},"excerpt":{"rendered":"<p>\u015eakir Pa\u015fa Ailesi dizisi ile merak edilen Fahr\u00fcnnisa merak edilen ki\u015filer aras\u0131nda yerini ald\u0131. Sanat d\u00fcnyas\u0131nda iz b\u0131rakan isimlerden biri olan Fahr\u00fcnnisa Zeyd, yaln\u0131zca T\u00fcrkiye\u2019de de\u011fil, uluslararas\u0131 arenada da b\u00fcy\u00fck yank\u0131 uyand\u0131rm\u0131\u015f bir sanat\u00e7\u0131d\u0131r. Osmanl\u0131\u2019n\u0131n k\u00f6kl\u00fc ailelerinden \u015eakir Pa\u015fa Ailesi\u2019nin bir ferdi olarak d\u00fcnyaya gelen Fahr\u00fcnnisa, sanata olan tutkusu, kendine \u00f6zg\u00fc \u00fcslubu ve renkli eserleriyle [&hellip;]<\/p>\n","protected":false},"author":34,"featured_media":142189,"comment_status":"closed","ping_status":"closed","sticky":false,"template":"","format":"standard","meta":{"rank_math_lock_modified_date":false,"footnotes":""},"categories":[491],"tags":[13009,2324],"class_list":["post-142182","post","type-post","status-publish","format-standard","has-post-thumbnail","hentry","category-biyografi","tag-fahrunnisa-zeyd","tag-sakir-pasa-ailesi"],"_links":{"self":[{"href":"https:\/\/www.tgrthaber.com\/mavikadin\/wp-json\/wp\/v2\/posts\/142182"}],"collection":[{"href":"https:\/\/www.tgrthaber.com\/mavikadin\/wp-json\/wp\/v2\/posts"}],"about":[{"href":"https:\/\/www.tgrthaber.com\/mavikadin\/wp-json\/wp\/v2\/types\/post"}],"author":[{"embeddable":true,"href":"https:\/\/www.tgrthaber.com\/mavikadin\/wp-json\/wp\/v2\/users\/34"}],"replies":[{"embeddable":true,"href":"https:\/\/www.tgrthaber.com\/mavikadin\/wp-json\/wp\/v2\/comments?post=142182"}],"version-history":[{"count":1,"href":"https:\/\/www.tgrthaber.com\/mavikadin\/wp-json\/wp\/v2\/posts\/142182\/revisions"}],"predecessor-version":[{"id":142196,"href":"https:\/\/www.tgrthaber.com\/mavikadin\/wp-json\/wp\/v2\/posts\/142182\/revisions\/142196"}],"wp:featuredmedia":[{"embeddable":true,"href":"https:\/\/www.tgrthaber.com\/mavikadin\/wp-json\/wp\/v2\/media\/142189"}],"wp:attachment":[{"href":"https:\/\/www.tgrthaber.com\/mavikadin\/wp-json\/wp\/v2\/media?parent=142182"}],"wp:term":[{"taxonomy":"category","embeddable":true,"href":"https:\/\/www.tgrthaber.com\/mavikadin\/wp-json\/wp\/v2\/categories?post=142182"},{"taxonomy":"post_tag","embeddable":true,"href":"https:\/\/www.tgrthaber.com\/mavikadin\/wp-json\/wp\/v2\/tags?post=142182"}],"curies":[{"name":"wp","href":"https:\/\/api.w.org\/{rel}","templated":true}]}}