{"id":142197,"date":"2025-03-05T01:33:35","date_gmt":"2025-03-04T22:33:35","guid":{"rendered":"https:\/\/www.tgrthaber.com\/mavikadin\/?p=142197"},"modified":"2025-03-05T01:33:36","modified_gmt":"2025-03-04T22:33:36","slug":"gullac-fiyatini-duyan-murat-ovuc-acti-agzini-yumdu-gozunu-kudurdunuz-mu","status":"publish","type":"post","link":"https:\/\/www.tgrthaber.com\/mavikadin\/gullac-fiyatini-duyan-murat-ovuc-acti-agzini-yumdu-gozunu-kudurdunuz-mu\/","title":{"rendered":"&#8216;G\u00fclla\u00e7&#8217; fiyat\u0131n\u0131 duyan Murat \u00d6v\u00fc\u00e7, a\u00e7t\u0131 a\u011fz\u0131n\u0131 yumdu g\u00f6z\u00fcn\u00fc! &#8216;Kudurdunuz mu?&#8217;"},"content":{"rendered":"<p>Son zamanlarda \u00fcnl\u00fcler d\u00fcnyas\u0131na bile s\u0131\u00e7rayarak en \u00e7ok konu\u015fulan konulardan konulardan birisi olarak, \u00fclkece i\u00e7erisinde bulunmu\u015f oldu\u011fumuz ekonomik \u015fartlar\u0131n getirdi\u011fi pahal\u0131l\u0131k g\u00fcndem olmu\u015ftu.<\/p>\n<p>Bunun i\u00e7in Ramazan pidelerinin g\u00fcncel fiyat art\u0131\u015f\u0131na tepki g\u00f6steren oyuncu Berna La\u00e7in, <em><strong>&#8220;Ramazan da geliyor, nas\u0131l oru\u00e7 tutacak, sahur yapacak, iftar edecek insanlar bu pahal\u0131l\u0131kta\u2026 Ramazan\u2019\u0131n da bir adeti var, can \u00e7eker\u2026 35-40 olacak pide fiyat\u0131. Vallahi bilmiyorum nas\u0131l olacak&#8221;<\/strong><\/em> ifadelerinde bulunarak hayat pahal\u0131l\u0131\u011f\u0131na tepki g\u00f6stermi\u015fti.<\/p>\n<p>Oyuncu Berna La\u00e7in&#8217;in bu tepkisi sosyal medyada olay olur iken \u015fimdi de Ramazanda sat\u0131\u015fa sunulan g\u00fclla\u00e7 fiyatlar\u0131na tepki sosyal medya fenomeni Murat \u00d6v\u00fc\u00e7&#8217;ten geldi.<\/p>\n<h3>MURAT \u00d6V\u00dc\u00c7 RESMEN \u00c7ILDIRDI! G\u00dcLLACIN F\u0130YATI MURAT \u00d6V\u00dc\u00c7&#8217;\u00dc DEL\u0130 ETT\u0130<\/h3>\n<p>\u00dcnl\u00fc fenomen Murat \u00d6v\u00fc\u00e7, aktif kulland\u0131\u011f\u0131 sosyal medya hesab\u0131nda takip\u00e7ilerine yay\u0131nlad\u0131\u011f\u0131 son video da g\u00fcllac\u0131n fiyat\u0131n\u0131n 1000 TL oldu\u011funu g\u00f6r\u00fcnce tepkisini g\u00f6stermeden duramad\u0131.<\/p>\n<p><img loading=\"lazy\" decoding=\"async\" class=\"alignnone wp-image-142198\" src=\"https:\/\/www.tgrthaber.com\/mavikadin\/wp-content\/uploads\/II-1.jpg\" alt=\"\" width=\"1208\" height=\"805\" title=\"\" srcset=\"https:\/\/www.tgrthaber.com\/mavikadin\/wp-content\/uploads\/II-1.jpg 750w, https:\/\/www.tgrthaber.com\/mavikadin\/wp-content\/uploads\/II-1-300x200.jpg 300w\" sizes=\"(max-width: 1208px) 100vw, 1208px\" \/><\/p>\n<hr \/>\n<p>Ramazanda can\u0131 g\u00fclla\u00e7 isteyen fenomen Murat \u00d6v\u00fc\u00e7, o\u011fluna 1 kilo g\u00fclla\u00e7 sat\u0131n al\u0131p gelmesini s\u00f6yleyince olanlar oldu. Duyduklar\u0131 kar\u015f\u0131s\u0131nda \u015foka giren \u00d6v\u00fc\u00e7, 1 kilo g\u00fcllac\u0131n fiyat\u0131n\u0131 \u00e7ok pahal\u0131 bularak sitemde bulundu. O\u011flundan g\u00fclla\u00e7 almas\u0131n\u0131 isteyen \u00d6v\u00fc\u00e7, a\u00e7t\u0131 a\u011fz\u0131n\u0131 yumdu g\u00f6z\u00fcn\u00fc.<\/p>\n<h3>&#8216;G\u00dcLLA\u00c7 B\u0130N L\u0130RA OLUR MU?&#8217; DED\u0130 T\u00dcM \u00d6FKES\u0130N\u0130 KUSTU&#8230;<\/h3>\n<p>Bunun \u00fczerine g\u00fcllac\u0131n fiyat\u0131n\u0131 g\u00f6ren \u00fcnl\u00fc fenomen \u00e7ekti\u011fi ve yay\u0131nlad\u0131\u011f\u0131 videoda tatl\u0131c\u0131lara seslenerek sitem dolu s\u00f6zlerde bulundu.<\/p>\n<p>Can\u0131 g\u00fclla\u00e7 \u00e7eken sosyal medya fenomeni Murat \u00d6v\u00fc\u00e7, &#8220;Can\u0131m g\u00fclla\u00e7 istedi &#8216;G\u00fclla\u00e7&#8217;, o\u011flum bir kilo sipari\u015f ver de yiyelim. Ne olur yani, ka\u00e7 para bir g\u00fclla\u00e7? Ka\u00e7 para olabilir bir g\u00fclla\u00e7?<\/p>\n<p><img loading=\"lazy\" decoding=\"async\" class=\"wp-image-139729\" src=\"https:\/\/www.tgrthaber.com\/mavikadin\/wp-content\/uploads\/en-kolay-gullac-nasil-yapilir-3-adimda-puf-noktalariyla-ramazan-sofralarinin-incisi-gullac-tarifi-2.jpg\" alt=\"en kolay g\u00fclla\u00e7 nas\u0131l yap\u0131l\u0131r? 3 ad\u0131mda p\u00fcf noktalar\u0131yla, ramazan sofralar\u0131n\u0131n incisi g\u00fclla\u00e7 tarifi\" width=\"1208\" height=\"680\" title=\"\" srcset=\"https:\/\/www.tgrthaber.com\/mavikadin\/wp-content\/uploads\/en-kolay-gullac-nasil-yapilir-3-adimda-puf-noktalariyla-ramazan-sofralarinin-incisi-gullac-tarifi-2.jpg 1920w, https:\/\/www.tgrthaber.com\/mavikadin\/wp-content\/uploads\/en-kolay-gullac-nasil-yapilir-3-adimda-puf-noktalariyla-ramazan-sofralarinin-incisi-gullac-tarifi-2-300x169.jpg 300w, https:\/\/www.tgrthaber.com\/mavikadin\/wp-content\/uploads\/en-kolay-gullac-nasil-yapilir-3-adimda-puf-noktalariyla-ramazan-sofralarinin-incisi-gullac-tarifi-2-1024x576.jpg 1024w, https:\/\/www.tgrthaber.com\/mavikadin\/wp-content\/uploads\/en-kolay-gullac-nasil-yapilir-3-adimda-puf-noktalariyla-ramazan-sofralarinin-incisi-gullac-tarifi-2-768x432.jpg 768w, https:\/\/www.tgrthaber.com\/mavikadin\/wp-content\/uploads\/en-kolay-gullac-nasil-yapilir-3-adimda-puf-noktalariyla-ramazan-sofralarinin-incisi-gullac-tarifi-2-1536x864.jpg 1536w\" sizes=\"(max-width: 1208px) 100vw, 1208px\" \/><\/p>\n<hr \/>\n<p>Bin TL, kilosu bin lira! G\u00fclla\u00e7! Vallahi billahi almad\u0131m. Kom\u015fum getirdi bana tatl\u0131. Bin lira g\u00fcllac\u0131n maliyeti nedir? Alo baklavac\u0131lar: Kudurdunuz mu ayol? G\u00fclla\u00e7 bin lira olur mu? &#8221; diyerek tepkisini g\u00f6sterdi.<\/p>\n","protected":false},"excerpt":{"rendered":"<p>Sosyal medya fenomeni Murat \u00d6v\u00fc\u00e7, kilosu 1000 TL olan g\u00fcllac\u0131n pahal\u0131l\u0131\u011f\u0131n\u0131 duyunca delirdi. Sosyal medya hesab\u0131ndan tatl\u0131c\u0131lara seslenen \u00d6v\u00fc\u00e7, sitem dolu s\u00f6zlerde bulundu.<\/p>\n","protected":false},"author":27,"featured_media":142199,"comment_status":"closed","ping_status":"closed","sticky":false,"template":"","format":"standard","meta":{"rank_math_lock_modified_date":false,"footnotes":""},"categories":[76],"tags":[11974,133,2864],"class_list":["post-142197","post","type-post","status-publish","format-standard","has-post-thumbnail","hentry","category-magazin","tag-gullac","tag-magazin","tag-murat-ovuc"],"_links":{"self":[{"href":"https:\/\/www.tgrthaber.com\/mavikadin\/wp-json\/wp\/v2\/posts\/142197"}],"collection":[{"href":"https:\/\/www.tgrthaber.com\/mavikadin\/wp-json\/wp\/v2\/posts"}],"about":[{"href":"https:\/\/www.tgrthaber.com\/mavikadin\/wp-json\/wp\/v2\/types\/post"}],"author":[{"embeddable":true,"href":"https:\/\/www.tgrthaber.com\/mavikadin\/wp-json\/wp\/v2\/users\/27"}],"replies":[{"embeddable":true,"href":"https:\/\/www.tgrthaber.com\/mavikadin\/wp-json\/wp\/v2\/comments?post=142197"}],"version-history":[{"count":2,"href":"https:\/\/www.tgrthaber.com\/mavikadin\/wp-json\/wp\/v2\/posts\/142197\/revisions"}],"predecessor-version":[{"id":142201,"href":"https:\/\/www.tgrthaber.com\/mavikadin\/wp-json\/wp\/v2\/posts\/142197\/revisions\/142201"}],"wp:featuredmedia":[{"embeddable":true,"href":"https:\/\/www.tgrthaber.com\/mavikadin\/wp-json\/wp\/v2\/media\/142199"}],"wp:attachment":[{"href":"https:\/\/www.tgrthaber.com\/mavikadin\/wp-json\/wp\/v2\/media?parent=142197"}],"wp:term":[{"taxonomy":"category","embeddable":true,"href":"https:\/\/www.tgrthaber.com\/mavikadin\/wp-json\/wp\/v2\/categories?post=142197"},{"taxonomy":"post_tag","embeddable":true,"href":"https:\/\/www.tgrthaber.com\/mavikadin\/wp-json\/wp\/v2\/tags?post=142197"}],"curies":[{"name":"wp","href":"https:\/\/api.w.org\/{rel}","templated":true}]}}