{"id":142213,"date":"2025-03-05T02:48:53","date_gmt":"2025-03-04T23:48:53","guid":{"rendered":"https:\/\/www.tgrthaber.com\/mavikadin\/?p=142213"},"modified":"2025-03-05T02:48:53","modified_gmt":"2025-03-04T23:48:53","slug":"kizilcik-serbeti-yonetmen-aydin-bulutla-yeni-bir-doneme-basladi","status":"publish","type":"post","link":"https:\/\/www.tgrthaber.com\/mavikadin\/kizilcik-serbeti-yonetmen-aydin-bulutla-yeni-bir-doneme-basladi\/","title":{"rendered":"K\u0131z\u0131lc\u0131k \u015eerbeti y\u00f6netmen Ayd\u0131n Bulut\u2019la yeni bir d\u00f6neme ba\u015flad\u0131!"},"content":{"rendered":"<p>K\u0131z\u0131lc\u0131k \u015eerbeti\u2019nin ilk b\u00f6l\u00fcm\u00fcnden bug\u00fcne kadar olan t\u00fcm b\u00f6l\u00fcmlerini \u00e7ekimlerini \u00fcstlenen y\u00f6netmen Hakan K\u0131van\u00e7, ekipten ayr\u0131ld\u0131. K\u0131z\u0131lc\u0131k \u015eerbeti 91. B\u00f6l\u00fcm\u00fcn\u00fcn ard\u0131ndan ayr\u0131lan Ketche yerine Yeditepe \u0130stanbul, Ihlamurlar Alt\u0131nda dizileriyle ad\u0131n\u0131 duyuran y\u00f6netmen Ayd\u0131n Bulut\u2019la yola devam edecek.<\/p>\n<h3>KIZILCIK \u015eERBET\u0130\u2019NDE BURUK VEDA<\/h3>\n<p>2022 y\u0131l\u0131nda Show Tv\u2019de yay\u0131n hayat\u0131na ba\u015flayan K\u0131z\u0131lc\u0131k \u015eerbeti, soluksuz devam eden yeni b\u00f6l\u00fcmleriyle izleyenleri ekrana kilitlemeye devam ediyor. 1. B\u00f6l\u00fcm\u00fcnden 91. B\u00f6l\u00fcm\u00fcne kadar Ketche ekibiyle yoluna devam eden yap\u0131m ekibi, Hakan K\u0131van\u00e7\u2019\u0131n ba\u015fka bir diziyi y\u00f6netmek i\u00e7in y\u00f6netmen koltu\u011fundan ayr\u0131ld\u0131. Dizi ekibinden ayr\u0131lan Ketche, \u201c2022 y\u0131l\u0131ndan beri \u00e7ekti\u011fim K\u0131z\u0131lc\u0131k \u015eerbeti\u2019ne 91.b\u00f6l\u00fcmde veda ediyorum. T\u00fcm oyuncular\u0131ma, ekibime, Gold Film ve Show TV\u2019ye te\u015fekk\u00fcr ederim. Te\u015fekk\u00fcrler: We are allways a family (Biz daima bir aileyiz)\u201d s\u00f6zleriyle veda etmi\u015fti.<\/p>\n<p>Dizinin sevilen karakteri Nursema ( Ceren Karako\u00e7) Ketche ( Hakan K\u0131van\u00e7) \u201c \u201cCan\u0131m hocam her \u015fey i\u00e7in sonsuz te\u015fekk\u00fcrler\u2026\u201d mesaj\u0131n\u0131 yazarak \u00fcnl\u00fc y\u00f6netmene veda etti.<\/p>\n<p><img loading=\"lazy\" decoding=\"async\" class=\"alignnone wp-image-142214\" src=\"https:\/\/www.tgrthaber.com\/mavikadin\/wp-content\/uploads\/kizilcik-serbeti-yonetmeni-aydin-bulut-oldu-300x169.jpg\" alt=\"k\u0131z\u0131lc\u0131k \u015ferbeti y\u00f6netmeni ayd\u0131n bulut oldu\" width=\"1208\" height=\"680\" title=\"\" srcset=\"https:\/\/www.tgrthaber.com\/mavikadin\/wp-content\/uploads\/kizilcik-serbeti-yonetmeni-aydin-bulut-oldu-300x169.jpg 300w, https:\/\/www.tgrthaber.com\/mavikadin\/wp-content\/uploads\/kizilcik-serbeti-yonetmeni-aydin-bulut-oldu-1024x576.jpg 1024w, https:\/\/www.tgrthaber.com\/mavikadin\/wp-content\/uploads\/kizilcik-serbeti-yonetmeni-aydin-bulut-oldu-768x432.jpg 768w, https:\/\/www.tgrthaber.com\/mavikadin\/wp-content\/uploads\/kizilcik-serbeti-yonetmeni-aydin-bulut-oldu-1536x864.jpg 1536w, https:\/\/www.tgrthaber.com\/mavikadin\/wp-content\/uploads\/kizilcik-serbeti-yonetmeni-aydin-bulut-oldu.jpg 1920w\" sizes=\"(max-width: 1208px) 100vw, 1208px\" \/><\/p>\n<hr \/>\n<h3>KIZILCIK \u015eERBET\u0130 Y\u00d6NETMEN\u0130 AYDIN BULUT<\/h3>\n<p>Ketche\u2019nin ayr\u0131lmas\u0131n\u0131n ard\u0131ndan K\u0131z\u0131lc\u0131k \u015eerbeti dizisinin yeni y\u00f6netmeni Ayd\u0131n Bulut oldu. Y\u00f6netmen Ayd\u0131n Bulut, 92. B\u00f6l\u00fcm\u00fcn \u00e7ekimlerine h\u0131zl\u0131 bir \u015fekilde ba\u015flad\u0131. Abdullah ve Pembe\u2019lerinin evinde ger\u00e7ekle\u015fecek olan sahneleri i\u00e7in i\u015f ba\u015f\u0131 yapt\u0131. Yeditepe \u0130stanbul, Ihlamurlar Alt\u0131nda ve Dila Han\u0131m gibi fenomen olmu\u015f dizilerin y\u00f6netmenli\u011fini yapan usta isim, K\u0131z\u0131lc\u0131k \u015eerbeti\u2019ni yeni b\u00f6l\u00fcmleriyle nas\u0131l bir anlat\u0131m sergileyecek merak konusu oldu.<\/p>\n<p><img loading=\"lazy\" decoding=\"async\" class=\"alignnone wp-image-142215\" src=\"https:\/\/www.tgrthaber.com\/mavikadin\/wp-content\/uploads\/kizilcik-serbeti-aydin-bulut-300x169.jpg\" alt=\"k\u0131z\u0131lc\u0131k \u015ferbeti ayd\u0131n bulut\" width=\"1208\" height=\"680\" title=\"\" srcset=\"https:\/\/www.tgrthaber.com\/mavikadin\/wp-content\/uploads\/kizilcik-serbeti-aydin-bulut-300x169.jpg 300w, https:\/\/www.tgrthaber.com\/mavikadin\/wp-content\/uploads\/kizilcik-serbeti-aydin-bulut-1024x576.jpg 1024w, https:\/\/www.tgrthaber.com\/mavikadin\/wp-content\/uploads\/kizilcik-serbeti-aydin-bulut-768x432.jpg 768w, https:\/\/www.tgrthaber.com\/mavikadin\/wp-content\/uploads\/kizilcik-serbeti-aydin-bulut-1536x864.jpg 1536w, https:\/\/www.tgrthaber.com\/mavikadin\/wp-content\/uploads\/kizilcik-serbeti-aydin-bulut.jpg 1920w\" sizes=\"(max-width: 1208px) 100vw, 1208px\" \/><\/p>\n<hr \/>\n<h3>KIZILCIK \u015eERBET\u0130\u2019N\u0130N 4. SEZONU OLACAK MI?<\/h3>\n<p>3 y\u0131ld\u0131r kesintisiz bir \u015fekilde ekranlarda boy g\u00f6stermeye devam eden K\u0131z\u0131lc\u0131k \u015eerbeti dizisi final yapacak m\u0131? sorular\u0131n\u0131n merkezinde yer al\u0131yordu. Dizinin yap\u0131m ekibinden s\u00fcrpriz bir karar \u00e7\u0131kt\u0131. Sezon sonuna kadar reytinglerde herhangi bir sorunla kar\u015f\u0131la\u015f\u0131lmad\u0131\u011f\u0131 s\u00fcrece ve yap\u0131m ekibi ve kanal\u0131n dizi hakk\u0131ndaki ald\u0131\u011f\u0131 kararlarda herhangi bir de\u011fi\u015fiklik ger\u00e7ekle\u015fmezse K\u0131z\u0131lc\u0131k \u015eerbeti 4. Sezonu ile ekranlarda olmaya devam edecek.<\/p>\n","protected":false},"excerpt":{"rendered":"<p>K\u0131z\u0131lc\u0131k \u015eerbeti\u2019nin ilk b\u00f6l\u00fcm\u00fcnden bug\u00fcne kadar olan t\u00fcm b\u00f6l\u00fcmlerini \u00e7ekimlerini \u00fcstlenen y\u00f6netmen Hakan K\u0131van\u00e7, ekipten ayr\u0131ld\u0131. K\u0131z\u0131lc\u0131k \u015eerbeti 91. B\u00f6l\u00fcm\u00fcn\u00fcn ard\u0131ndan ayr\u0131lan Ketche yerine Yeditepe \u0130stanbul, Ihlamurlar Alt\u0131nda dizileriyle ad\u0131n\u0131 duyuran y\u00f6netmen Ayd\u0131n Bulut\u2019la yola devam edecek. <\/p>\n","protected":false},"author":10,"featured_media":142216,"comment_status":"closed","ping_status":"closed","sticky":false,"template":"","format":"standard","meta":{"rank_math_lock_modified_date":false,"footnotes":""},"categories":[602],"tags":[2628,10390,157,13013,13012],"class_list":["post-142213","post","type-post","status-publish","format-standard","has-post-thumbnail","hentry","category-diziler","tag-dizi-haberleri","tag-dizi-magazin","tag-kizilcik-serbeti","tag-kizilcik-serbeti-4-sezon","tag-kizilcik-serbeti-yonetmen-aydin-bulut"],"_links":{"self":[{"href":"https:\/\/www.tgrthaber.com\/mavikadin\/wp-json\/wp\/v2\/posts\/142213"}],"collection":[{"href":"https:\/\/www.tgrthaber.com\/mavikadin\/wp-json\/wp\/v2\/posts"}],"about":[{"href":"https:\/\/www.tgrthaber.com\/mavikadin\/wp-json\/wp\/v2\/types\/post"}],"author":[{"embeddable":true,"href":"https:\/\/www.tgrthaber.com\/mavikadin\/wp-json\/wp\/v2\/users\/10"}],"replies":[{"embeddable":true,"href":"https:\/\/www.tgrthaber.com\/mavikadin\/wp-json\/wp\/v2\/comments?post=142213"}],"version-history":[{"count":1,"href":"https:\/\/www.tgrthaber.com\/mavikadin\/wp-json\/wp\/v2\/posts\/142213\/revisions"}],"predecessor-version":[{"id":142217,"href":"https:\/\/www.tgrthaber.com\/mavikadin\/wp-json\/wp\/v2\/posts\/142213\/revisions\/142217"}],"wp:featuredmedia":[{"embeddable":true,"href":"https:\/\/www.tgrthaber.com\/mavikadin\/wp-json\/wp\/v2\/media\/142216"}],"wp:attachment":[{"href":"https:\/\/www.tgrthaber.com\/mavikadin\/wp-json\/wp\/v2\/media?parent=142213"}],"wp:term":[{"taxonomy":"category","embeddable":true,"href":"https:\/\/www.tgrthaber.com\/mavikadin\/wp-json\/wp\/v2\/categories?post=142213"},{"taxonomy":"post_tag","embeddable":true,"href":"https:\/\/www.tgrthaber.com\/mavikadin\/wp-json\/wp\/v2\/tags?post=142213"}],"curies":[{"name":"wp","href":"https:\/\/api.w.org\/{rel}","templated":true}]}}