{"id":142523,"date":"2025-03-05T19:25:03","date_gmt":"2025-03-05T16:25:03","guid":{"rendered":"https:\/\/www.tgrthaber.com\/mavikadin\/?p=142523"},"modified":"2025-03-05T19:25:03","modified_gmt":"2025-03-05T16:25:03","slug":"sera-tokdemir-kimdir-kac-yasinda-nerede-yasiyor","status":"publish","type":"post","link":"https:\/\/www.tgrthaber.com\/mavikadin\/sera-tokdemir-kimdir-kac-yasinda-nerede-yasiyor\/","title":{"rendered":"Sera Tokdemir kimdir? Ka\u00e7 ya\u015f\u0131nda, nerede ya\u015f\u0131yor?"},"content":{"rendered":"<p class=\"p1\">Londra Moda Haftas\u0131\u2019nda ger\u00e7ekle\u015fen Barrus by Nesli\u015fah Y\u0131lmaz defilesinde podyuma \u00e7\u0131kan en dikkat \u00e7ekici isimlerden biri Sera Tokdemir oldu. Bioxcin sponsorlu\u011funda podyumda yer alan \u00fcnl\u00fc oyuncu, do\u011fal g\u00fczelli\u011fi ve etkileyici duru\u015fuyla b\u00fcy\u00fck be\u011feni toplad\u0131. Moda d\u00fcnyas\u0131nda yank\u0131 uyand\u0131ran bu performans\u0131n\u0131n ard\u0131ndan, Sera Tokdemir\u2019in hayat\u0131 yeniden g\u00fcndeme geldi. Peki, Sera Tokdemir kimdir? Ka\u00e7 ya\u015f\u0131nda ve nerede ya\u015f\u0131yor? \u0130\u015fte merak edilen detaylar\u2026<\/p>\n<h3 class=\"p1\"><b>SERA TOKDEM\u0130R, BIOXCIN REKLAM \u00c7EK\u0130MLER\u0130 \u0130\u00c7\u0130N KAMERA KAR\u015eISINA GE\u00c7T\u0130!<\/b><\/h3>\n<p class=\"p1\">Londra Moda Haftas\u0131 kapsam\u0131nda d\u00fczenlenen etkinlikte Sera Tokdemir, Bioxcin Micellar Su reklam \u00e7ekimleri i\u00e7in kamera kar\u015f\u0131s\u0131na ge\u00e7ti. \u00c7ekimlerin backstage b\u00f6l\u00fcm\u00fcnde sergiledi\u011fi do\u011fal ve i\u00e7ten tav\u0131rlar\u0131, \u0130ngiliz bas\u0131n\u0131n\u0131n dikkatini \u00e7ekti. Moda d\u00fcnyas\u0131n\u0131n \u00f6nde gelen isimlerinin yer ald\u0131\u011f\u0131 etkinlikte Tokdemir, zarif duru\u015fuyla b\u00fcy\u00fck ilgi g\u00f6rd\u00fc.<\/p>\n<p><img loading=\"lazy\" decoding=\"async\" class=\"alignnone wp-image-142524 size-large\" src=\"https:\/\/www.tgrthaber.com\/mavikadin\/wp-content\/uploads\/Ekran-Resmi-2025-03-05-19.17.36-1024x592.png\" alt=\"\" width=\"1024\" height=\"592\" title=\"\" srcset=\"https:\/\/www.tgrthaber.com\/mavikadin\/wp-content\/uploads\/Ekran-Resmi-2025-03-05-19.17.36-1024x592.png 1024w, https:\/\/www.tgrthaber.com\/mavikadin\/wp-content\/uploads\/Ekran-Resmi-2025-03-05-19.17.36-300x173.png 300w, https:\/\/www.tgrthaber.com\/mavikadin\/wp-content\/uploads\/Ekran-Resmi-2025-03-05-19.17.36-768x444.png 768w, https:\/\/www.tgrthaber.com\/mavikadin\/wp-content\/uploads\/Ekran-Resmi-2025-03-05-19.17.36.png 1384w\" sizes=\"(max-width: 1024px) 100vw, 1024px\" \/><\/p>\n<hr \/>\n<h3>SERA TOKDEM\u0130R K\u0130MD\u0130R, KA\u00c7 YA\u015eINDA?<\/h3>\n<p class=\"p1\">Sera Tokdemir, 1981 y\u0131l\u0131nda Mersin\u2019de d\u00fcnyaya geldi. Ahmet ve Serap Tokdemir\u2019in k\u0131z\u0131 olan oyuncu, lise e\u011fitimini \u00d6zel Akdeniz Palmiye Koleji\u2019nde tamamlad\u0131. Babas\u0131, T\u00fcrkiye\u2019nin tan\u0131nm\u0131\u015f at sahiplerinden biridir. 2000 y\u0131l\u0131nda Bilkent \u00dcniversitesi\u2019nden mezun olan Tokdemir, 2003 y\u0131l\u0131nda d\u00f6nemin Be\u015fikta\u015f kalecilerinden G\u00f6ksel Gencer ile evlendi ve bu evlilikten Boran Gencer ad\u0131nda bir o\u011flu oldu. Ancak 2009 y\u0131l\u0131nda e\u015finden ayr\u0131ld\u0131.<\/p>\n<p><img loading=\"lazy\" decoding=\"async\" class=\"alignnone wp-image-142526 \" src=\"https:\/\/www.tgrthaber.com\/mavikadin\/wp-content\/uploads\/Ekran-Resmi-2025-03-05-19.18.51.png\" alt=\"\" width=\"993\" height=\"1055\" title=\"\" srcset=\"https:\/\/www.tgrthaber.com\/mavikadin\/wp-content\/uploads\/Ekran-Resmi-2025-03-05-19.18.51.png 932w, https:\/\/www.tgrthaber.com\/mavikadin\/wp-content\/uploads\/Ekran-Resmi-2025-03-05-19.18.51-282x300.png 282w, https:\/\/www.tgrthaber.com\/mavikadin\/wp-content\/uploads\/Ekran-Resmi-2025-03-05-19.18.51-768x816.png 768w\" sizes=\"(max-width: 993px) 100vw, 993px\" \/><\/p>\n<hr \/>\n<p class=\"p1\">Sanat kariyerine tiyatro ile ad\u0131m atan Tokdemir, Zirve Sanat Merkezi\u2019nde tiyatro, \u015fan ve diksiyon e\u011fitimi ald\u0131. 2009 y\u0131l\u0131nda Plato Film Okulu\u2019nda Ayla Algan y\u00f6netiminde oyunculuk, beden dili ve dublaj e\u011fitimleri ald\u0131. 2010 y\u0131l\u0131nda \u201cElbiseler Fora\u201d ekibine kat\u0131larak sahne deneyimi kazand\u0131.<\/p>\n<h3>SERA TOKDEM\u0130R HANG\u0130 F\u0130LM VE PROJELERDE YER ALDI?<\/h3>\n<p>2009 A\u015fk Geliyorum Demez \u015eebnem Yard\u0131mc\u0131 oyuncu<\/p>\n<p>H\u0131r\u00e7\u0131n K\u0131z Kadife Sibel<\/p>\n<p>2010 \u00c7akallarla Dans Dilek<\/p>\n<p>2012 Bana Bir Soygun Yaz Papatya Ba\u015frol oyuncusu<\/p>\n<p>2013 Su ve Ate\u015f Kitap okuyan k\u0131z Yard\u0131mc\u0131 oyuncu<\/p>\n<p>2015 Bizim Hikaye Nimet Ba\u015frol oyuncusu<\/p>\n<p>2019 Mucize 2: A\u015fk Sevda<\/p>\n<p>2021 M\u00fcfreze M\u00fcjde<\/p>\n<p>2022 A\u015fk \u00c7a\u011f\u0131r\u0131rsan Gelir Ceylan Yard\u0131mc\u0131 oyuncu<\/p>\n<p>Aynas\u0131z Haluk Esra<\/p>\n<p>\u015eimdi Yand\u0131k Fahriye Ba\u015frol oyuncusu<\/p>\n<p><img loading=\"lazy\" decoding=\"async\" class=\"alignnone wp-image-142527 size-full\" src=\"https:\/\/www.tgrthaber.com\/mavikadin\/wp-content\/uploads\/Ekran-Resmi-2025-03-05-19.21.06.png\" alt=\"\" width=\"1014\" height=\"578\" title=\"\" srcset=\"https:\/\/www.tgrthaber.com\/mavikadin\/wp-content\/uploads\/Ekran-Resmi-2025-03-05-19.21.06.png 1014w, https:\/\/www.tgrthaber.com\/mavikadin\/wp-content\/uploads\/Ekran-Resmi-2025-03-05-19.21.06-300x171.png 300w, https:\/\/www.tgrthaber.com\/mavikadin\/wp-content\/uploads\/Ekran-Resmi-2025-03-05-19.21.06-768x438.png 768w\" sizes=\"(max-width: 1014px) 100vw, 1014px\" \/><\/p>\n<hr \/>\n<p><strong>TV dizileri<\/strong><\/p>\n<p>2009 Ey A\u015fk Nerdesin Elif Konuk oyuncu<\/p>\n<p>Kapal\u0131\u00e7ar\u015f\u0131 Melek Yard\u0131mc\u0131 oyuncu<\/p>\n<p>\u0130stanbul \u00c7ocuklar\u0131 Ceren<\/p>\n<p>2010-2012 Kan\u0131t Zeynep<\/p>\n<p>2011-2012 Hayat Devam Ediyor Zeliha Bak\u0131rc\u0131<\/p>\n","protected":false},"excerpt":{"rendered":"<p>\u00dcnl\u00fc oyuncu Sera Tokdemir, Barrus by Nesli\u015fah Y\u0131lmaz defilesinde podyuma \u00e7\u0131karak izleyicileri b\u00fcy\u00fcledi. Bioxcin sponsorlu\u011funda podyumda yer alan Tokdemir, do\u011fal g\u00fczelli\u011fi ve zarif duru\u015fuyla dikkatleri \u00fczerine \u00e7ekti. Performans\u0131n\u0131n ard\u0131ndan sosyal medyada g\u00fcndem olan ba\u015far\u0131l\u0131 oyuncunun hayat\u0131 merak konusu oldu. Peki, Sera Tokdemir kimdir? Ka\u00e7 ya\u015f\u0131nda ve nerede ya\u015f\u0131yor? \u0130\u015fte detaylar\u2026<\/p>\n","protected":false},"author":16,"featured_media":142528,"comment_status":"closed","ping_status":"closed","sticky":false,"template":"","format":"standard","meta":{"rank_math_lock_modified_date":false,"footnotes":""},"categories":[491],"tags":[13073,13072,13074],"class_list":["post-142523","post","type-post","status-publish","format-standard","has-post-thumbnail","hentry","category-biyografi","tag-sera-tokdemir-kac-yasinda","tag-sera-tokdemir-kimdir","tag-sera-tokdemir-nerede-yasiyor"],"_links":{"self":[{"href":"https:\/\/www.tgrthaber.com\/mavikadin\/wp-json\/wp\/v2\/posts\/142523"}],"collection":[{"href":"https:\/\/www.tgrthaber.com\/mavikadin\/wp-json\/wp\/v2\/posts"}],"about":[{"href":"https:\/\/www.tgrthaber.com\/mavikadin\/wp-json\/wp\/v2\/types\/post"}],"author":[{"embeddable":true,"href":"https:\/\/www.tgrthaber.com\/mavikadin\/wp-json\/wp\/v2\/users\/16"}],"replies":[{"embeddable":true,"href":"https:\/\/www.tgrthaber.com\/mavikadin\/wp-json\/wp\/v2\/comments?post=142523"}],"version-history":[{"count":2,"href":"https:\/\/www.tgrthaber.com\/mavikadin\/wp-json\/wp\/v2\/posts\/142523\/revisions"}],"predecessor-version":[{"id":142530,"href":"https:\/\/www.tgrthaber.com\/mavikadin\/wp-json\/wp\/v2\/posts\/142523\/revisions\/142530"}],"wp:featuredmedia":[{"embeddable":true,"href":"https:\/\/www.tgrthaber.com\/mavikadin\/wp-json\/wp\/v2\/media\/142528"}],"wp:attachment":[{"href":"https:\/\/www.tgrthaber.com\/mavikadin\/wp-json\/wp\/v2\/media?parent=142523"}],"wp:term":[{"taxonomy":"category","embeddable":true,"href":"https:\/\/www.tgrthaber.com\/mavikadin\/wp-json\/wp\/v2\/categories?post=142523"},{"taxonomy":"post_tag","embeddable":true,"href":"https:\/\/www.tgrthaber.com\/mavikadin\/wp-json\/wp\/v2\/tags?post=142523"}],"curies":[{"name":"wp","href":"https:\/\/api.w.org\/{rel}","templated":true}]}}