{"id":142538,"date":"2025-03-05T20:16:34","date_gmt":"2025-03-05T17:16:34","guid":{"rendered":"https:\/\/www.tgrthaber.com\/mavikadin\/?p=142538"},"modified":"2025-03-05T20:17:58","modified_gmt":"2025-03-05T17:17:58","slug":"now-tvnin-adi-yine-degisiyor-rtukten-kritik-uyari-3-aylik-kapanma-riski-gundemde","status":"publish","type":"post","link":"https:\/\/www.tgrthaber.com\/mavikadin\/now-tvnin-adi-yine-degisiyor-rtukten-kritik-uyari-3-aylik-kapanma-riski-gundemde\/","title":{"rendered":"NOW TV\u2019nin ad\u0131 yine de\u011fi\u015fiyor! RT\u00dcK\u2019ten kritik uyar\u0131: 3 ayl\u0131k kapanma riski g\u00fcndemde"},"content":{"rendered":"<p class=\"p1\">Radyo ve Televizyon \u00dcst Kurulu (RT\u00dcK), isim de\u011fi\u015fikli\u011fi konusunda NOW TV\u2019ye tan\u0131d\u0131\u011f\u0131 s\u00fcrenin dolmas\u0131na az bir s\u00fcre kala yeni bir uyar\u0131da bulundu. FOX TV\u2019den NOW TV\u2019ye d\u00f6n\u00fc\u015fen kanal, 15 g\u00fcn i\u00e7inde yeni bir isim belirlemezse yay\u0131nlar\u0131 3 ay boyunca durdurulabilir.<\/p>\n<h3 class=\"p1\"><b>NOW TV&#8217;N\u0130N ADI Y\u0130NE DE\u011e\u0130\u015e\u0130YOR\u00a0<\/b><b><\/b><\/h3>\n<p class=\"p1\">RT\u00dcK, \u0130stanbul merkezli NOW TV\u2019nin itiraz\u0131 \u00fczerine, FOX TV\u2019den isim de\u011fi\u015ftirerek NOW TV ad\u0131n\u0131 alan kanal\u0131n yeni bir isim bulmas\u0131 gerekti\u011fini duyurdu. \u00dcst kurul, ge\u00e7ti\u011fimiz g\u00fcnlerde kanal y\u00f6netimine 30 g\u00fcnl\u00fck bir s\u00fcre tan\u0131m\u0131\u015ft\u0131. Ancak bu s\u00fcrenin bitimine yaln\u0131zca 15 g\u00fcn kald\u0131. E\u011fer kanal belirtilen s\u00fcre i\u00e7inde yeni bir isimle RT\u00dcK\u2019e ba\u015fvurmazsa, ge\u00e7ici olarak yay\u0131ndan kald\u0131r\u0131lma riskiyle kar\u015f\u0131 kar\u015f\u0131ya kalacak.<\/p>\n<p><img loading=\"lazy\" decoding=\"async\" class=\"alignnone wp-image-142540 \" src=\"https:\/\/www.tgrthaber.com\/mavikadin\/wp-content\/uploads\/Ekran-Resmi-2025-03-05-20.09.16.png\" alt=\"\" width=\"993\" height=\"557\" title=\"\" srcset=\"https:\/\/www.tgrthaber.com\/mavikadin\/wp-content\/uploads\/Ekran-Resmi-2025-03-05-20.09.16.png 966w, https:\/\/www.tgrthaber.com\/mavikadin\/wp-content\/uploads\/Ekran-Resmi-2025-03-05-20.09.16-300x168.png 300w, https:\/\/www.tgrthaber.com\/mavikadin\/wp-content\/uploads\/Ekran-Resmi-2025-03-05-20.09.16-768x431.png 768w\" sizes=\"(max-width: 993px) 100vw, 993px\" \/><\/p>\n<hr \/>\n<h3 class=\"p1\"><b>NOW TV \u0130SM\u0130 DE\u011e\u0130\u015eT\u0130R\u0130LMEZSE NE OLACAK?\u00a0<\/b><b><\/b><\/h3>\n<p class=\"p1\">RT\u00dcK \u00fcyesi Tuncay Keser, sosyal medya hesab\u0131 \u00fczerinden yapt\u0131\u011f\u0131 a\u00e7\u0131klamada, NOW TV\u2019nin yeni isim ve logoyu eksiksiz bir \u015fekilde belirleyerek gerekli belgeleri kurula sunmas\u0131 gerekti\u011fini belirtti. Aksi takdirde kanal\u0131n yay\u0131n\u0131 3 ay boyunca durdurulabilecek ve s\u00fcre\u00e7 sonunda lisans iptali de g\u00fcndeme gelebilecek.<\/p>\n<p><img loading=\"lazy\" decoding=\"async\" class=\"alignnone wp-image-142541 \" src=\"https:\/\/www.tgrthaber.com\/mavikadin\/wp-content\/uploads\/Ekran-Resmi-2025-03-05-20.09.40.png\" alt=\"\" width=\"996\" height=\"581\" title=\"\" srcset=\"https:\/\/www.tgrthaber.com\/mavikadin\/wp-content\/uploads\/Ekran-Resmi-2025-03-05-20.09.40.png 960w, https:\/\/www.tgrthaber.com\/mavikadin\/wp-content\/uploads\/Ekran-Resmi-2025-03-05-20.09.40-300x175.png 300w, https:\/\/www.tgrthaber.com\/mavikadin\/wp-content\/uploads\/Ekran-Resmi-2025-03-05-20.09.40-768x448.png 768w\" sizes=\"(max-width: 996px) 100vw, 996px\" \/><\/p>\n<hr \/>\n<h3 class=\"p1\"><b>FOX TV&#8217;DEN NOW TV&#8217;YE \u015e\u0130MD\u0130 \u0130SE YEN\u0130 DE\u011e\u0130\u015e\u0130KL\u0130K KAPIDA\u00a0<\/b><b><\/b><\/h3>\n<p class=\"p1\">2024 y\u0131l\u0131n\u0131n ba\u015f\u0131nda Disney\u2019in ald\u0131\u011f\u0131 karar do\u011frultusunda FOX TV, ad\u0131n\u0131 ve logosunu de\u011fi\u015ftirerek NOW TV olarak yay\u0131n hayat\u0131na devam etmi\u015fti. Kanal\u0131n isim de\u011fi\u015fikli\u011finin nedeni, Disney\u2019in marka haklar\u0131n\u0131 yenilememesi olarak a\u00e7\u0131klanm\u0131\u015ft\u0131. Ancak T\u00fcrkiye\u2019de FX ve Star TV gibi benzer isimde kanallar\u0131n bulunmas\u0131 nedeniyle, \u00f6zel olarak \u201cNOW\u201d ad\u0131 belirlenmi\u015fti. Ancak \u0130stanbul merkezli ba\u015fka bir NOW TV\u2019nin de lisansl\u0131 olmas\u0131 nedeniyle RT\u00dcK, bu isim de\u011fi\u015fikli\u011fine itiraz etmi\u015f ve kanal y\u00f6netimine yeni bir isim bulmalar\u0131 i\u00e7in s\u00fcre tan\u0131m\u0131\u015ft\u0131.<\/p>\n<p><img loading=\"lazy\" decoding=\"async\" class=\"alignnone wp-image-142542 \" src=\"https:\/\/www.tgrthaber.com\/mavikadin\/wp-content\/uploads\/Ekran-Resmi-2025-03-05-20.09.33.png\" alt=\"\" width=\"992\" height=\"581\" title=\"\" srcset=\"https:\/\/www.tgrthaber.com\/mavikadin\/wp-content\/uploads\/Ekran-Resmi-2025-03-05-20.09.33.png 946w, https:\/\/www.tgrthaber.com\/mavikadin\/wp-content\/uploads\/Ekran-Resmi-2025-03-05-20.09.33-300x176.png 300w, https:\/\/www.tgrthaber.com\/mavikadin\/wp-content\/uploads\/Ekran-Resmi-2025-03-05-20.09.33-768x450.png 768w\" sizes=\"(max-width: 992px) 100vw, 992px\" \/><\/p>\n<hr \/>\n<h3 class=\"p1\"><b>NOW TV KAPANACAK MI?\u00a0<\/b><\/h3>\n<p class=\"p1\">Kanal\u0131n sahibi ve y\u00f6netimi ayn\u0131 kalsa da, isim de\u011fi\u015fikli\u011fi zorunlu hale gelmi\u015f durumda. E\u011fer NOW TV, 15 g\u00fcn i\u00e7inde yeni bir isim belirleyip RT\u00dcK\u2019e resmi ba\u015fvuruda bulunmazsa, \u00f6nce ge\u00e7ici olarak yay\u0131nlar\u0131 durdurulacak, ard\u0131ndan lisans iptali ile tamamen kapanma riskiyle kar\u015f\u0131la\u015fabilecek.<\/p>\n","protected":false},"excerpt":{"rendered":"<p>Radyo ve Televizyon \u00dcst Kurulu (RT\u00dcK), FOX TV\u2019den NOW TV\u2019ye d\u00f6n\u00fc\u015fen kanal i\u00e7in isim de\u011fi\u015fikli\u011fi s\u00fcrecinin tamamlanmas\u0131 gerekti\u011fini hat\u0131rlatt\u0131. Kanal\u0131n, 15 g\u00fcn i\u00e7inde yeni bir isim belirlememesi durumunda, yay\u0131nlar\u0131n\u0131n 3 ay boyunca durdurulabilece\u011fi ve lisans iptalinin g\u00fcndeme gelebilece\u011fi bildirildi.<\/p>\n","protected":false},"author":16,"featured_media":142545,"comment_status":"closed","ping_status":"closed","sticky":false,"template":"","format":"standard","meta":{"rank_math_lock_modified_date":false,"footnotes":""},"categories":[101],"tags":[13078,13081,13080,13079],"class_list":["post-142538","post","type-post","status-publish","format-standard","has-post-thumbnail","hentry","category-kesfet","tag-now-tv-ismi-degisiyor","tag-now-tv-ismi-ne-olacak","tag-now-tv-ismi-yine-degisiyor","tag-now-tv-kapanacak-mi"],"_links":{"self":[{"href":"https:\/\/www.tgrthaber.com\/mavikadin\/wp-json\/wp\/v2\/posts\/142538"}],"collection":[{"href":"https:\/\/www.tgrthaber.com\/mavikadin\/wp-json\/wp\/v2\/posts"}],"about":[{"href":"https:\/\/www.tgrthaber.com\/mavikadin\/wp-json\/wp\/v2\/types\/post"}],"author":[{"embeddable":true,"href":"https:\/\/www.tgrthaber.com\/mavikadin\/wp-json\/wp\/v2\/users\/16"}],"replies":[{"embeddable":true,"href":"https:\/\/www.tgrthaber.com\/mavikadin\/wp-json\/wp\/v2\/comments?post=142538"}],"version-history":[{"count":1,"href":"https:\/\/www.tgrthaber.com\/mavikadin\/wp-json\/wp\/v2\/posts\/142538\/revisions"}],"predecessor-version":[{"id":142546,"href":"https:\/\/www.tgrthaber.com\/mavikadin\/wp-json\/wp\/v2\/posts\/142538\/revisions\/142546"}],"wp:featuredmedia":[{"embeddable":true,"href":"https:\/\/www.tgrthaber.com\/mavikadin\/wp-json\/wp\/v2\/media\/142545"}],"wp:attachment":[{"href":"https:\/\/www.tgrthaber.com\/mavikadin\/wp-json\/wp\/v2\/media?parent=142538"}],"wp:term":[{"taxonomy":"category","embeddable":true,"href":"https:\/\/www.tgrthaber.com\/mavikadin\/wp-json\/wp\/v2\/categories?post=142538"},{"taxonomy":"post_tag","embeddable":true,"href":"https:\/\/www.tgrthaber.com\/mavikadin\/wp-json\/wp\/v2\/tags?post=142538"}],"curies":[{"name":"wp","href":"https:\/\/api.w.org\/{rel}","templated":true}]}}