{"id":142583,"date":"2025-03-05T21:10:15","date_gmt":"2025-03-05T18:10:15","guid":{"rendered":"https:\/\/www.tgrthaber.com\/mavikadin\/?p=142583"},"modified":"2025-03-05T21:10:15","modified_gmt":"2025-03-05T18:10:15","slug":"annem-ankarada-buraki-kim-kacirdi-burak-yasayacak-mi","status":"publish","type":"post","link":"https:\/\/www.tgrthaber.com\/mavikadin\/annem-ankarada-buraki-kim-kacirdi-burak-yasayacak-mi\/","title":{"rendered":"Annem Ankara&#8217;da Burak&#8217;\u0131 kim ka\u00e7\u0131rd\u0131? Burak ya\u015fayacak m\u0131?"},"content":{"rendered":"<p>Annem Ankara dizisi her \u00e7ar\u015famba Kanal D&#8217;de yay\u0131nlanmaya devam ediyor. 1990&#8217;l\u0131 y\u0131llar\u0131n Ankara&#8217;s\u0131n\u0131 konu al\u0131yor. Sevilen dizi farkl\u0131 konusu ile dikkatleri \u00fczerinde topluyor. Bu hafta Annem Ankara\u2019n\u0131n yeni b\u00f6l\u00fcm\u00fcnde Burak\u2019\u0131 birileri ka\u00e7\u0131r\u0131yor ve ard\u0131ndan Zuhal\u2019i aray\u0131p Zuhal&#8217;i gece parka \u00e7a\u011f\u0131ran gizemli ki\u015finin kim oldu\u011fu ve neden Burak&#8217;\u0131 ka\u00e7\u0131rd\u0131\u011f\u0131 merak konusu oldu. \u0130\u015fte Annem Ankara\u2019n\u0131n yeni b\u00f6l\u00fcm\u00fcnde ger\u00e7ekle\u015fecek olaylar&#8230;<\/p>\n<h3>ANNEM ANKARA&#8217;DA BURAK&#8217;I K\u0130M KA\u00c7IRDI?<\/h3>\n<p>Annem Ankara dizisinde Burak karakterine Durukan \u00c7elikkaya oynuyor. Ba\u015far\u0131l\u0131 oyuncu performans\u0131 ile be\u011feni topluyor. Hasan ve Zuhal\u2019in 3 \u00e7ocu\u011fundan biri olan Burak\u2019\u0131 d\u0131\u015far\u0131dayken biri ka\u00e7\u0131r\u0131yor. Kimin neden ka\u00e7\u0131rd\u0131\u011f\u0131na ili\u015fkin bir bilgi bulunmuyor. Fakat ka\u00e7\u0131ran ki\u015finin o\u011flunun iyi olmas\u0131n\u0131 istiyorsan belirtti\u011fimiz adresi gel \u015feklinde a\u00e7\u0131klamalarda bulundu. O s\u0131rada Zuhal\u2019in \u00e7aresiz halleri g\u00f6zlerden ka\u00e7mad\u0131.<\/p>\n<p><img loading=\"lazy\" decoding=\"async\" class=\"alignnone wp-image-142587\" src=\"https:\/\/www.tgrthaber.com\/mavikadin\/wp-content\/uploads\/burak-annem-ankara-kim-300x200.webp\" alt=\"\" width=\"1280\" height=\"854\" title=\"\" srcset=\"https:\/\/www.tgrthaber.com\/mavikadin\/wp-content\/uploads\/burak-annem-ankara-kim-300x200.webp 300w, https:\/\/www.tgrthaber.com\/mavikadin\/wp-content\/uploads\/burak-annem-ankara-kim-1024x683.webp 1024w, https:\/\/www.tgrthaber.com\/mavikadin\/wp-content\/uploads\/burak-annem-ankara-kim-768x512.webp 768w, https:\/\/www.tgrthaber.com\/mavikadin\/wp-content\/uploads\/burak-annem-ankara-kim-1536x1024.webp 1536w, https:\/\/www.tgrthaber.com\/mavikadin\/wp-content\/uploads\/burak-annem-ankara-kim-2048x1366.webp 2048w\" sizes=\"(max-width: 1280px) 100vw, 1280px\" \/><\/p>\n<hr \/>\n<p>Bir yandan cezaevinde su\u00e7suz yere yatan Hasan yeni \u00e7\u00f6z\u00fcm yollar\u0131 arar. Orada R\u0131za ile hesapla\u015fmas\u0131 ise ba\u015f\u0131na olur olmad\u0131k i\u015fler a\u00e7ar. Sevin\u00e7 ve G\u00fcne\u015f cephesinde sars\u0131c\u0131 geli\u015fmeler ya\u015fan\u0131r. G\u00fcne\u015f babas\u0131n\u0131n Hasan oldu\u011funu \u00f6\u011frenir.<\/p>\n<h3>BURAK YA\u015eAYACAK MI?<\/h3>\n<p>Annem Ankara\u2019n\u0131n heyecan dolu b\u00f6l\u00fcm\u00fcnde ya\u015fanacak olaylar\u0131n \u0131\u015f\u0131\u011f\u0131nda Burak\u2019a ne olaca\u011f\u0131 merak konusu. Durukan \u00c7elikkaya\u2019n\u0131n oynad\u0131\u011f\u0131 Burak karakterinin \u00f6lmesi ve bununla beraber diziden ayr\u0131lmas\u0131 gibi bir durum s\u00f6z konusu de\u011fil. Konu hakk\u0131nda ne yap\u0131mdan ne de oyuncudan bu tarz bir a\u00e7\u0131klama gelmedi.<\/p>\n<p><img loading=\"lazy\" decoding=\"async\" class=\"alignnone wp-image-142589\" src=\"https:\/\/www.tgrthaber.com\/mavikadin\/wp-content\/uploads\/annem-ankara-burak--300x151.jpg\" alt=\"\" width=\"1280\" height=\"645\" title=\"\" srcset=\"https:\/\/www.tgrthaber.com\/mavikadin\/wp-content\/uploads\/annem-ankara-burak--300x151.jpg 300w, https:\/\/www.tgrthaber.com\/mavikadin\/wp-content\/uploads\/annem-ankara-burak-.jpg 599w\" sizes=\"(max-width: 1280px) 100vw, 1280px\" \/><\/p>\n<hr \/>\n<p>Kanal D&#8217;nin g\u00f6zde yap\u0131mlar\u0131ndan biri olan Annem Ankara&#8217;n\u0131n oyuncular\u0131 aras\u0131nda; Berg\u00fczar Korel, Mehmet G\u00fcns\u00fcr, \u00d6zg\u00fcrcan \u00c7evik, G\u00f6k\u00e7e Ey\u00fcbo\u011flu, Y\u0131ld\u0131ray \u015eahinler, Sevin\u00e7 Erbulak, Fatma Topta\u015f, Muharrem T\u00fcrkseven, Orhan K\u0131l\u0131\u00e7, Didem \u0130nselel, Alara Turan, Mustafa A\u00e7\u0131lan, Durukan \u00c7elikkaya, Mustafa Enis Bilir, Ediz G\u00fclsuyu ve Sinem Uslu ve Bel\u00e7im Bilgin gibi isimlerin yer al\u0131yor. Dizinin yap\u0131m\u0131n\u0131 BKM \u00fcstlenirken, y\u00f6netmenli\u011fini ise Faruk Teber yap\u0131yor.<\/p>\n","protected":false},"excerpt":{"rendered":"<p>Annem Ankara dizisinde bu hafta Burak ka\u00e7\u0131r\u0131l\u0131yor. Fakat Burak&#8217;\u0131n kim taraf\u0131ndan neden ka\u00e7\u0131r\u0131ld\u0131\u011f\u0131 hen\u00fcz bilinmiyor. Deh\u015fet i\u00e7inde o\u011flunun ka\u00e7\u0131r\u0131ld\u0131\u011f\u0131n\u0131 \u00f6\u011frenen Zuhal ise onun i\u00e7in m\u00fccadele verecektir. Annem Ankara&#8217;da Burak&#8217;\u0131 kim ka\u00e7\u0131rd\u0131? Burak ya\u015fayacak m\u0131?<\/p>\n","protected":false},"author":33,"featured_media":142588,"comment_status":"closed","ping_status":"closed","sticky":false,"template":"","format":"standard","meta":{"rank_math_lock_modified_date":false,"footnotes":""},"categories":[602],"tags":[13095,13094],"class_list":["post-142583","post","type-post","status-publish","format-standard","has-post-thumbnail","hentry","category-diziler","tag-annem-ankara-burak-yasacak-mi","tag-annem-ankara-buraki-kim-kacirdi"],"_links":{"self":[{"href":"https:\/\/www.tgrthaber.com\/mavikadin\/wp-json\/wp\/v2\/posts\/142583"}],"collection":[{"href":"https:\/\/www.tgrthaber.com\/mavikadin\/wp-json\/wp\/v2\/posts"}],"about":[{"href":"https:\/\/www.tgrthaber.com\/mavikadin\/wp-json\/wp\/v2\/types\/post"}],"author":[{"embeddable":true,"href":"https:\/\/www.tgrthaber.com\/mavikadin\/wp-json\/wp\/v2\/users\/33"}],"replies":[{"embeddable":true,"href":"https:\/\/www.tgrthaber.com\/mavikadin\/wp-json\/wp\/v2\/comments?post=142583"}],"version-history":[{"count":2,"href":"https:\/\/www.tgrthaber.com\/mavikadin\/wp-json\/wp\/v2\/posts\/142583\/revisions"}],"predecessor-version":[{"id":142597,"href":"https:\/\/www.tgrthaber.com\/mavikadin\/wp-json\/wp\/v2\/posts\/142583\/revisions\/142597"}],"wp:featuredmedia":[{"embeddable":true,"href":"https:\/\/www.tgrthaber.com\/mavikadin\/wp-json\/wp\/v2\/media\/142588"}],"wp:attachment":[{"href":"https:\/\/www.tgrthaber.com\/mavikadin\/wp-json\/wp\/v2\/media?parent=142583"}],"wp:term":[{"taxonomy":"category","embeddable":true,"href":"https:\/\/www.tgrthaber.com\/mavikadin\/wp-json\/wp\/v2\/categories?post=142583"},{"taxonomy":"post_tag","embeddable":true,"href":"https:\/\/www.tgrthaber.com\/mavikadin\/wp-json\/wp\/v2\/tags?post=142583"}],"curies":[{"name":"wp","href":"https:\/\/api.w.org\/{rel}","templated":true}]}}