{"id":142717,"date":"2025-03-05T23:45:20","date_gmt":"2025-03-05T20:45:20","guid":{"rendered":"https:\/\/www.tgrthaber.com\/mavikadin\/?p=142717"},"modified":"2025-03-05T23:47:53","modified_gmt":"2025-03-05T20:47:53","slug":"gamze-turkmen-nisanlisi-kadir-ezildiyi-cocukluguna-goturdu-turkmenden-isikli-ayakkabi-jesti","status":"publish","type":"post","link":"https:\/\/www.tgrthaber.com\/mavikadin\/gamze-turkmen-nisanlisi-kadir-ezildiyi-cocukluguna-goturdu-turkmenden-isikli-ayakkabi-jesti\/","title":{"rendered":"Gamze T\u00fcrkmen ni\u015fanl\u0131s\u0131 Kadir Ezildi&#8217;yi \u00e7ocuklu\u011funa g\u00f6t\u00fcrd\u00fc! T\u00fcrkmen&#8217;den \u0131\u015f\u0131kl\u0131 ayakkab\u0131 jesti"},"content":{"rendered":"<p>NOW kanal\u0131nda program yapan 29 ya\u015f\u0131ndaki \u00fcnl\u00fc sunucu ve fenomen Kadir Ezildi, \u00f6zel hayat\u0131n\u0131 sosyal medya hesab\u0131nda att\u0131\u011f\u0131 story ve g\u00f6nderilerle an ve an ya\u015famaktan \u00e7ekinmiyor. Ni\u015fanl\u0131s\u0131 Gamze T\u00fcrkmen ile s\u0131k s\u0131k sevgi dolu payla\u015f\u0131mlarda bulunan Kadir Ezildi, m\u00fcstakbel e\u015fine kar\u015f\u0131 yapt\u0131\u011f\u0131 jestlerle ve sevgi g\u00f6sterileri ile sosyal medyada ilgi oda\u011f\u0131 oluyor.<\/p>\n<p>Samimiyeti ve duru\u015fu ile halk\u0131n takdirini kazanan \u00fcnl\u00fc sosyal medya fenomeni Kadir Ezildi, sevgililer g\u00fcn\u00fcnde olsun ni\u015fanl\u0131s\u0131 Gamze T\u00fcrkmen&#8217;in mezuniyeti olsun ald\u0131\u011f\u0131 pahal\u0131 hediyelerle herkesin konu\u015ftu\u011fu bir isim olmu\u015ftu.<\/p>\n<p>Ba\u015fta kendi istemesi ve ni\u015fan merasimi olsun karde\u015fi Kerem Ezildi&#8217;nin de yak\u0131n ge\u00e7mi\u015fte ger\u00e7ekle\u015ftirilen ni\u015fan t\u00f6renindeki l\u00fcks haz\u0131rl\u0131klar dikkat \u00e7ekmi\u015fti. \u015eimdi de ni\u015fanl\u0131s\u0131 Gamze T\u00fcrkmen&#8217;in Kadir Ezildi&#8217;ye ald\u0131\u011f\u0131 hediye g\u00fcndem oldu.<\/p>\n<h3>GAMZE T\u00dcRKMEN&#8217;DEN N\u0130\u015eANLISI KAD\u0130R EZ\u0130LD\u0130&#8217;YE ANLAMLI JEST!<\/h3>\n<p>E\u011flenceli payla\u015f\u0131mlar\u0131yla dikkat \u00e7eken ve sevilen bir fenomen olan Kadir Ezildi bu kez ald\u0131\u011f\u0131 bir hediye ile sosyal medyaya konu oldu.<\/p>\n<p><img loading=\"lazy\" decoding=\"async\" class=\"alignnone wp-image-142729\" src=\"https:\/\/www.tgrthaber.com\/mavikadin\/wp-content\/uploads\/666-13.png\" alt=\"\" width=\"1208\" height=\"676\" title=\"\" srcset=\"https:\/\/www.tgrthaber.com\/mavikadin\/wp-content\/uploads\/666-13.png 783w, https:\/\/www.tgrthaber.com\/mavikadin\/wp-content\/uploads\/666-13-300x168.png 300w, https:\/\/www.tgrthaber.com\/mavikadin\/wp-content\/uploads\/666-13-768x430.png 768w\" sizes=\"(max-width: 1208px) 100vw, 1208px\" \/><\/p>\n<hr \/>\n<p>&#8220;Her gitti\u011fim yeri ne\u015felendirdi\u011fim yetmiyor gibi bir de \u0131\u015f\u0131kland\u0131r\u0131yorum&#8221; notunu d\u00fc\u015ft\u00fc\u011f\u00fc Instagram storysinde ni\u015fanl\u0131s\u0131 Gamze T\u00fcrkmen&#8217;in kendisine ald\u0131\u011f\u0131 ayakkab\u0131y\u0131 payla\u015fan fenomen Kadir Ezildi sosyal medyada olay oldu.<\/p>\n<p>\u00dcnl\u00fc ismin bu hikayesini g\u00f6renler sosyal medya fenomeni Kadir Ezildi&#8217;ye &#8220;Hayat\u0131n\u0131n kad\u0131n\u0131n\u0131 bulmu\u015fsun&#8221;, &#8220;Gamzeyi de kendine benzettin&#8221; gibi yorumlarda bulundular.<\/p>\n<h3>KAD\u0130R EZ\u0130LD\u0130&#8217;N\u0130N N\u0130\u015eANLISI GAMZE T\u00dcRKMEN KISACA K\u0130MD\u0130R?<\/h3>\n<p>1 Mart 1993 tarihinde Erzurum&#8217;un Yakutiye il\u00e7esinde do\u011fan Gamze T\u00fcrkmen, gen\u00e7 ses sanat\u00e7\u0131s\u0131 F\u0131rat T\u00fcrkmen&#8217;in karde\u015fi olarak bilinse de herkes daha \u00e7ok Kadir Ezildi&#8217;nin ni\u015fanl\u0131s\u0131 olarak tan\u0131nmaktad\u0131r. E\u011fitimini Erzurum&#8217;da bitiren Gamze T\u00fcrkmen, g\u00fczel sanatlar fak\u00fcltesinden ba\u015far\u0131l\u0131 bir \u015fekilde mezun olmu\u015ftur.<\/p>\n<p><img loading=\"lazy\" decoding=\"async\" class=\"alignnone wp-image-90971\" src=\"https:\/\/www.tgrthaber.com\/mavikadin\/wp-content\/uploads\/gorenler-ikizi-zannetti-kadir-ezildi-nin-nisanlisi-gamze-turkmen-e-benzerligi-saskina-cevirdi.jpg\" alt=\"\" width=\"1208\" height=\"680\" title=\"\" srcset=\"https:\/\/www.tgrthaber.com\/mavikadin\/wp-content\/uploads\/gorenler-ikizi-zannetti-kadir-ezildi-nin-nisanlisi-gamze-turkmen-e-benzerligi-saskina-cevirdi.jpg 1600w, https:\/\/www.tgrthaber.com\/mavikadin\/wp-content\/uploads\/gorenler-ikizi-zannetti-kadir-ezildi-nin-nisanlisi-gamze-turkmen-e-benzerligi-saskina-cevirdi-300x169.jpg 300w, https:\/\/www.tgrthaber.com\/mavikadin\/wp-content\/uploads\/gorenler-ikizi-zannetti-kadir-ezildi-nin-nisanlisi-gamze-turkmen-e-benzerligi-saskina-cevirdi-1024x576.jpg 1024w, https:\/\/www.tgrthaber.com\/mavikadin\/wp-content\/uploads\/gorenler-ikizi-zannetti-kadir-ezildi-nin-nisanlisi-gamze-turkmen-e-benzerligi-saskina-cevirdi-768x432.jpg 768w, https:\/\/www.tgrthaber.com\/mavikadin\/wp-content\/uploads\/gorenler-ikizi-zannetti-kadir-ezildi-nin-nisanlisi-gamze-turkmen-e-benzerligi-saskina-cevirdi-1536x864.jpg 1536w\" sizes=\"(max-width: 1208px) 100vw, 1208px\" \/><\/p>\n<hr \/>\n<p>Sosyal medya fenomeni olan Kadir Ezildi&#8217;nin yak\u0131n zamanda e\u015fi olacak olan Gamze T\u00fcrkmen&#8217;in Instagram hesab\u0131 &#8220;gamsry64&#8221; \u015feklindedir. \u00dcnl\u00fc ikili \u00f6zel hayat\u0131n\u0131 sosyal medyada s\u0131kl\u0131kla g\u00f6stermektedir.<\/p>\n<p>&nbsp;<\/p>\n","protected":false},"excerpt":{"rendered":"<p>Gamze T\u00fcrkmen&#8217;in ni\u015fanl\u0131s\u0131 Kadir Ezildi&#8217;ye ald\u0131\u011f\u0131 \u0131\u015f\u0131kl\u0131 ayakkab\u0131 sosyal medyan\u0131n g\u00fcndemine oturdu. Evin i\u00e7inde \u0131\u015f\u0131kl\u0131 ayakkab\u0131 ile gezerek story atan Kadir Ezildi, sosyal medya hesab\u0131ndan mutlulu\u011funu payla\u015ft\u0131.<\/p>\n","protected":false},"author":27,"featured_media":86968,"comment_status":"closed","ping_status":"closed","sticky":false,"template":"","format":"standard","meta":{"rank_math_lock_modified_date":false,"footnotes":""},"categories":[76],"tags":[2709,2573,133],"class_list":["post-142717","post","type-post","status-publish","format-standard","has-post-thumbnail","hentry","category-magazin","tag-gamze-turkmen","tag-kadir-ezildi","tag-magazin"],"_links":{"self":[{"href":"https:\/\/www.tgrthaber.com\/mavikadin\/wp-json\/wp\/v2\/posts\/142717"}],"collection":[{"href":"https:\/\/www.tgrthaber.com\/mavikadin\/wp-json\/wp\/v2\/posts"}],"about":[{"href":"https:\/\/www.tgrthaber.com\/mavikadin\/wp-json\/wp\/v2\/types\/post"}],"author":[{"embeddable":true,"href":"https:\/\/www.tgrthaber.com\/mavikadin\/wp-json\/wp\/v2\/users\/27"}],"replies":[{"embeddable":true,"href":"https:\/\/www.tgrthaber.com\/mavikadin\/wp-json\/wp\/v2\/comments?post=142717"}],"version-history":[{"count":2,"href":"https:\/\/www.tgrthaber.com\/mavikadin\/wp-json\/wp\/v2\/posts\/142717\/revisions"}],"predecessor-version":[{"id":142731,"href":"https:\/\/www.tgrthaber.com\/mavikadin\/wp-json\/wp\/v2\/posts\/142717\/revisions\/142731"}],"wp:featuredmedia":[{"embeddable":true,"href":"https:\/\/www.tgrthaber.com\/mavikadin\/wp-json\/wp\/v2\/media\/86968"}],"wp:attachment":[{"href":"https:\/\/www.tgrthaber.com\/mavikadin\/wp-json\/wp\/v2\/media?parent=142717"}],"wp:term":[{"taxonomy":"category","embeddable":true,"href":"https:\/\/www.tgrthaber.com\/mavikadin\/wp-json\/wp\/v2\/categories?post=142717"},{"taxonomy":"post_tag","embeddable":true,"href":"https:\/\/www.tgrthaber.com\/mavikadin\/wp-json\/wp\/v2\/tags?post=142717"}],"curies":[{"name":"wp","href":"https:\/\/api.w.org\/{rel}","templated":true}]}}