{"id":142727,"date":"2025-03-05T23:55:11","date_gmt":"2025-03-05T20:55:11","guid":{"rendered":"https:\/\/www.tgrthaber.com\/mavikadin\/?p=142727"},"modified":"2025-03-05T23:57:58","modified_gmt":"2025-03-05T20:57:58","slug":"tv8in-sahibi-acun-ilicali-aylik-ne-kadar-kazaniyor-geliri-milyonlari-geride-birakti","status":"publish","type":"post","link":"https:\/\/www.tgrthaber.com\/mavikadin\/tv8in-sahibi-acun-ilicali-aylik-ne-kadar-kazaniyor-geliri-milyonlari-geride-birakti\/","title":{"rendered":"TV8\u2019in sahibi Acun Il\u0131cal\u0131 ayl\u0131k ne kadar kazan\u0131yor? Geliri milyonlar\u0131 geride b\u0131rakt\u0131!"},"content":{"rendered":"<p class=\"p1\">Survivor All Star 2025, yar\u0131\u015fmac\u0131lar aras\u0131ndaki gerilim ve \u015fiddet i\u00e7eren sahneleri nedeniyle Radyo ve Televizyon \u00dcst Kurulu\u2019nun (RT\u00dcK) radar\u0131na tak\u0131ld\u0131. Programda ya\u015fanan tart\u0131\u015fmalar ve kavgalar gerek\u00e7e g\u00f6sterilerek TV8\u2019e 17,8 milyon TL para cezas\u0131 kesildi. Bu b\u00fcy\u00fck cezan\u0131n ard\u0131ndan ise g\u00f6zler, kanal\u0131n finansal durumuna \u00e7evrildi. Acun Il\u0131cal\u0131\u2019n\u0131n sahibi oldu\u011fu TV8\u2019in Aral\u0131k ay\u0131ndaki geliri g\u00fcndeme gelirken, \u00fcnl\u00fc televizyoncunun ayl\u0131k kazanc\u0131 da merak konusu oldu. Il\u0131cal\u0131\u2019n\u0131n y\u0131ll\u0131k gelirinin 100 milyon dolar\u0131 a\u015ft\u0131\u011f\u0131 iddia edilirken, ayl\u0131k kazanc\u0131n\u0131n ne kadar oldu\u011fu ise izleyiciler taraf\u0131ndan ara\u015ft\u0131r\u0131lmaya ba\u015fland\u0131.<\/p>\n<h3 class=\"p3\"><b>KANALIN ARALIK AYINDAK\u0130 GEL\u0130R\u0130N\u0130 DUYANLAR \u015eA\u015eTI KALDI <\/b><\/h3>\n<p class=\"p1\">Radyo ve Televizyon \u00dcst Kurulu (RT\u00dcK), Survivor All Star 2025\u2019te artan gerilim ve \u015fiddet i\u00e7erikli sahneler nedeniyle TV8\u2019e a\u011f\u0131r bir ceza kesti. Kanal\u0131n Aral\u0131k 2024 itibar\u0131yla toplam geliri olan 595 milyon 67 bin 983 TL baz al\u0131narak hesaplanan ceza, y\u00fczde 3\u2019l\u00fck oranla 17 milyon 852 bin 40 TL olarak belirlendi. Bu geli\u015fme, medya sekt\u00f6r\u00fcnde b\u00fcy\u00fck yank\u0131 uyand\u0131r\u0131rken, Acun Il\u0131cal\u0131\u2019n\u0131n kazanc\u0131 da yeniden g\u00fcndem oldu.<\/p>\n<p><img loading=\"lazy\" decoding=\"async\" class=\"alignnone wp-image-142736 \" src=\"https:\/\/www.tgrthaber.com\/mavikadin\/wp-content\/uploads\/Ekran-Resmi-2025-03-05-23.49.09.png\" alt=\"\" width=\"998\" height=\"660\" title=\"\" srcset=\"https:\/\/www.tgrthaber.com\/mavikadin\/wp-content\/uploads\/Ekran-Resmi-2025-03-05-23.49.09.png 792w, https:\/\/www.tgrthaber.com\/mavikadin\/wp-content\/uploads\/Ekran-Resmi-2025-03-05-23.49.09-300x198.png 300w, https:\/\/www.tgrthaber.com\/mavikadin\/wp-content\/uploads\/Ekran-Resmi-2025-03-05-23.49.09-768x508.png 768w\" sizes=\"(max-width: 998px) 100vw, 998px\" \/><\/p>\n<hr \/>\n<p class=\"p1\">Survivor\u2019\u0131n reyting rekorlar\u0131 k\u0131ran b\u00f6l\u00fcmleriyle TV8\u2019in devasa reklam gelirleri elde etti\u011fi bilinirken, kanal\u0131n ayl\u0131k kazanc\u0131n\u0131n milyonlarca liraya ula\u015ft\u0131\u011f\u0131 ortaya \u00e7\u0131kt\u0131. RT\u00dcK\u2019\u00fcn verdi\u011fi cezan\u0131n ard\u0131ndan TV8\u2019in gelir rakamlar\u0131 g\u00fcndeme gelirken, Acun Il\u0131cal\u0131\u2019n\u0131n serveti ve kazanc\u0131 sosyal medyada en \u00e7ok konu\u015fulan konular aras\u0131nda yer ald\u0131. Il\u0131cal\u0131\u2019n\u0131n y\u0131ll\u0131k gelirinin 100 milyon dolar\u0131 a\u015ft\u0131\u011f\u0131 iddia edilirken, ayl\u0131k kazanc\u0131n\u0131n ise milyonlar\u0131 buldu\u011fu \u00f6ne s\u00fcr\u00fcld\u00fc.<\/p>\n<p><img loading=\"lazy\" decoding=\"async\" class=\"alignnone wp-image-142737 \" src=\"https:\/\/www.tgrthaber.com\/mavikadin\/wp-content\/uploads\/Ekran-Resmi-2025-03-05-23.49.14.png\" alt=\"\" width=\"993\" height=\"570\" title=\"\" srcset=\"https:\/\/www.tgrthaber.com\/mavikadin\/wp-content\/uploads\/Ekran-Resmi-2025-03-05-23.49.14.png 958w, https:\/\/www.tgrthaber.com\/mavikadin\/wp-content\/uploads\/Ekran-Resmi-2025-03-05-23.49.14-300x172.png 300w, https:\/\/www.tgrthaber.com\/mavikadin\/wp-content\/uploads\/Ekran-Resmi-2025-03-05-23.49.14-768x441.png 768w\" sizes=\"(max-width: 993px) 100vw, 993px\" \/><\/p>\n<hr \/>\n<h3>ACUN ILICALI AYLIK NE KADAR KAZANIYOR?<\/h3>\n<p class=\"p1\">Ba\u015far\u0131l\u0131 televizyoncu ve medya patronu Acun Il\u0131cal\u0131, kat\u0131ld\u0131\u011f\u0131 bir programda merak edilen sorulara cevap verdi. Uzun y\u0131llard\u0131r televizyonculuk sekt\u00f6r\u00fcnde b\u00fcy\u00fck projelere imza atan Il\u0131cal\u0131, serveti ve kazanc\u0131 hakk\u0131nda samimi a\u00e7\u0131klamalarda bulundu. Televizyonculuk kariyerinde \u00f6nemli ba\u015far\u0131lara imza atan Il\u0131cal\u0131, TV8\u2019i sat\u0131n al\u0131rken b\u00fcy\u00fck bir maddi risk ald\u0131\u011f\u0131n\u0131 belirtti. \u201cAld\u0131\u011f\u0131m zaman verdi\u011fim para 60-70 milyon dolard\u0131, b\u00fct\u00fcn mal varl\u0131\u011f\u0131m\u0131 ortaya koyarak ald\u0131m. E\u011fer tutmasa ne olurdu, bilmiyorum\u201d diyerek yat\u0131r\u0131m s\u00fcrecinin zorluklar\u0131ndan bahsetti.<\/p>\n<p><img loading=\"lazy\" decoding=\"async\" class=\"alignnone wp-image-142738 \" src=\"https:\/\/www.tgrthaber.com\/mavikadin\/wp-content\/uploads\/Ekran-Resmi-2025-03-05-23.49.19.png\" alt=\"\" width=\"990\" height=\"620\" title=\"\" srcset=\"https:\/\/www.tgrthaber.com\/mavikadin\/wp-content\/uploads\/Ekran-Resmi-2025-03-05-23.49.19.png 964w, https:\/\/www.tgrthaber.com\/mavikadin\/wp-content\/uploads\/Ekran-Resmi-2025-03-05-23.49.19-300x188.png 300w, https:\/\/www.tgrthaber.com\/mavikadin\/wp-content\/uploads\/Ekran-Resmi-2025-03-05-23.49.19-768x481.png 768w\" sizes=\"(max-width: 990px) 100vw, 990px\" \/><\/p>\n<hr \/>\n<p class=\"p1\">Acun Il\u0131cal\u0131\u2019ya programda ayl\u0131k gelirinin ne kadar oldu\u011fu soruldu\u011funda ise net bir rakam vermedi. \u201cBenim i\u00e7in hesaplanmas\u0131 m\u00fcmk\u00fcn de\u011fil, \u00e7\u00fcnk\u00fc 13 farkl\u0131 \u00fclkeden gelirimiz var ve kanallar\u0131m\u0131z faaliyet g\u00f6steriyor. O i\u015flere ben bakm\u0131yorum, finansal konularla ilgilenen ekip var\u201d \u015feklinde yan\u0131t verdi. Acun Il\u0131cal\u0131\u2019n\u0131n bu a\u00e7\u0131klamalar\u0131, sosyal medyada geni\u015f yank\u0131 uyand\u0131rd\u0131. B\u00fcy\u00fck servetiyle dikkat \u00e7eken \u00fcnl\u00fc isim, gelirini tam olarak bilmedi\u011fini ifade etse de kazanc\u0131n\u0131n devasa boyutlara ula\u015ft\u0131\u011f\u0131 konu\u015fuluyor. Il\u0131cal\u0131\u2019n\u0131n televizyon d\u00fcnyas\u0131ndaki yat\u0131r\u0131mlar\u0131 ve projeleri, medya sekt\u00f6r\u00fcndeki yerini her ge\u00e7en g\u00fcn daha da g\u00fc\u00e7lendirecek gibi g\u00f6r\u00fcn\u00fcyor.<\/p>\n<p>&nbsp;<\/p>\n","protected":false},"excerpt":{"rendered":"<p>Survivor All Star 2025, ekranlardaki gergin sahneler ve tart\u0131\u015fmalar nedeniyle RT\u00dcK\u2019\u00fcn incelemesine tak\u0131ld\u0131. Programda ya\u015fanan \u015fiddet i\u00e7erikli olaylar gerek\u00e7e g\u00f6sterilerek TV8\u2019e tam 17,8 milyon TL para cezas\u0131 kesildi. Bu geli\u015fmenin ard\u0131ndan g\u00f6zler kanal\u0131n mali yap\u0131s\u0131na \u00e7evrilirken, Acun Il\u0131cal\u0131\u2019n\u0131n kazanc\u0131 da merak konusu oldu. Bak\u0131n medya patronu Acun Il\u0131cal\u0131 ayl\u0131k ne kadar kazan\u0131yormu\u015f! <\/p>\n","protected":false},"author":16,"featured_media":142739,"comment_status":"closed","ping_status":"closed","sticky":false,"template":"","format":"standard","meta":{"rank_math_lock_modified_date":false,"footnotes":""},"categories":[76],"tags":[2368,13151,13150],"class_list":["post-142727","post","type-post","status-publish","format-standard","has-post-thumbnail","hentry","category-magazin","tag-acun-ilicali","tag-acun-ilicali-aylik-geliri","tag-acun-ilicali-aylik-ne-kazaniyor"],"_links":{"self":[{"href":"https:\/\/www.tgrthaber.com\/mavikadin\/wp-json\/wp\/v2\/posts\/142727"}],"collection":[{"href":"https:\/\/www.tgrthaber.com\/mavikadin\/wp-json\/wp\/v2\/posts"}],"about":[{"href":"https:\/\/www.tgrthaber.com\/mavikadin\/wp-json\/wp\/v2\/types\/post"}],"author":[{"embeddable":true,"href":"https:\/\/www.tgrthaber.com\/mavikadin\/wp-json\/wp\/v2\/users\/16"}],"replies":[{"embeddable":true,"href":"https:\/\/www.tgrthaber.com\/mavikadin\/wp-json\/wp\/v2\/comments?post=142727"}],"version-history":[{"count":2,"href":"https:\/\/www.tgrthaber.com\/mavikadin\/wp-json\/wp\/v2\/posts\/142727\/revisions"}],"predecessor-version":[{"id":142747,"href":"https:\/\/www.tgrthaber.com\/mavikadin\/wp-json\/wp\/v2\/posts\/142727\/revisions\/142747"}],"wp:featuredmedia":[{"embeddable":true,"href":"https:\/\/www.tgrthaber.com\/mavikadin\/wp-json\/wp\/v2\/media\/142739"}],"wp:attachment":[{"href":"https:\/\/www.tgrthaber.com\/mavikadin\/wp-json\/wp\/v2\/media?parent=142727"}],"wp:term":[{"taxonomy":"category","embeddable":true,"href":"https:\/\/www.tgrthaber.com\/mavikadin\/wp-json\/wp\/v2\/categories?post=142727"},{"taxonomy":"post_tag","embeddable":true,"href":"https:\/\/www.tgrthaber.com\/mavikadin\/wp-json\/wp\/v2\/tags?post=142727"}],"curies":[{"name":"wp","href":"https:\/\/api.w.org\/{rel}","templated":true}]}}