{"id":142749,"date":"2025-03-06T00:25:28","date_gmt":"2025-03-05T21:25:28","guid":{"rendered":"https:\/\/www.tgrthaber.com\/mavikadin\/?p=142749"},"modified":"2025-03-06T00:25:28","modified_gmt":"2025-03-05T21:25:28","slug":"magduru-oynamak-kolay-oluyor-diyen-yasemin-yuruke-gulcin-ergulden-cevap-gecikmedi","status":"publish","type":"post","link":"https:\/\/www.tgrthaber.com\/mavikadin\/magduru-oynamak-kolay-oluyor-diyen-yasemin-yuruke-gulcin-ergulden-cevap-gecikmedi\/","title":{"rendered":"&#8220;Ma\u011fduru oynamak kolay oluyor&#8221; diyen Yasemin Y\u00fcr\u00fck&#8217;e G\u00fcl\u00e7in Erg\u00fcl&#8217;den cevap gecikmedi!"},"content":{"rendered":"<p>Bir d\u00f6nemin en pop\u00fcler m\u00fczik gruplar\u0131ndan olarak m\u00fczik piyasas\u0131nda adeta \u00e7\u0131\u011f\u0131r a\u00e7an &#8216;Hepsi&#8217; grubu \u00fcyelerinde \u00e7\u0131kan anla\u015fmazl\u0131k nedeni ile G\u00fcl\u00e7in Erg\u00fcl, yoluna tek ba\u015f\u0131na devam etme karar\u0131 alarak ekip arkada\u015flar\u0131n\u0131 yaln\u0131z b\u0131rakm\u0131\u015ft\u0131. Aradan y\u0131llar ge\u00e7mesine ra\u011fmen hala ara ara g\u00fcndeme gelen &#8216;Hepsi&#8217; grubunun da\u011f\u0131lmas\u0131na y\u00f6nelik a\u00e7\u0131klamalarla eski arkada\u015flar aras\u0131nda sular bir t\u00fcrl\u00fc durulmuyor.<\/p>\n<p>Konuk oldu\u011fu Katarsis program\u0131nda y\u0131llar \u00f6nce ayr\u0131ld\u0131\u011f\u0131 Hepsi grubuyla ilgili \u00e7ap\u0131c\u0131 itiraflarda bulunan \u015fark\u0131c\u0131 G\u00fcl\u00e7in Erg\u00fcl&#8217;\u00fcn bu ifadelerine Cemre Kemer ve Yasemin Y\u00fcr\u00fck imal\u0131 payla\u015f\u0131mlarda bulunmu\u015ftu. Y\u00fcr\u00fck&#8217;e cevap niteli\u011finde yine yeniden a\u00e7\u0131klama yapma gere\u011fi duyan\u00a0 Erg\u00fcl gelen tepkilere sessiz kalmad\u0131.<\/p>\n<h3>B\u0130TMEK B\u0130LMEYEN &#8216;HEPS\u0130&#8217; POLEM\u0130\u011e\u0130NE B\u0130R YEN\u0130S\u0130 DAHA EKLEND\u0130!<\/h3>\n<p>Aktif kulland\u0131\u011f\u0131 sosyal medya hesab\u0131ndan payla\u015ft\u0131\u011f\u0131 bir kareye G\u00fcl\u00e7in Erg\u00fcl&#8217;\u00fcn Sava\u015f\u00e7\u0131 \u015fark\u0131s\u0131n\u0131 koyan Hepsi grubu \u00fcyesi Yasemin Y\u00fcr\u00fck, &#8220;Ge\u00e7mi\u015f ge\u00e7mi\u015fte kald\u0131. Birey do\u011fru yapm\u0131\u015f olsayd\u0131 kimse yanl\u0131\u015f anla\u015f\u0131lmazd\u0131. Bize ne s\u00f6ylendiyse o \u015fekilde ifade ettik.<\/p>\n<p><img loading=\"lazy\" decoding=\"async\" class=\"alignnone wp-image-139968\" src=\"https:\/\/www.tgrthaber.com\/mavikadin\/wp-content\/uploads\/Purple-Aesthetic-Watercolor-Zoom-Virtual-Background-154.png\" alt=\"\" width=\"1208\" height=\"680\" title=\"\" srcset=\"https:\/\/www.tgrthaber.com\/mavikadin\/wp-content\/uploads\/Purple-Aesthetic-Watercolor-Zoom-Virtual-Background-154.png 1280w, https:\/\/www.tgrthaber.com\/mavikadin\/wp-content\/uploads\/Purple-Aesthetic-Watercolor-Zoom-Virtual-Background-154-300x169.png 300w, https:\/\/www.tgrthaber.com\/mavikadin\/wp-content\/uploads\/Purple-Aesthetic-Watercolor-Zoom-Virtual-Background-154-1024x576.png 1024w, https:\/\/www.tgrthaber.com\/mavikadin\/wp-content\/uploads\/Purple-Aesthetic-Watercolor-Zoom-Virtual-Background-154-768x432.png 768w\" sizes=\"(max-width: 1208px) 100vw, 1208px\" \/><\/p>\n<hr \/>\n<p>Bu nedir diye sordu\u011fum zaman &#8216;Bundan sonra avukat\u0131mla konu\u015fursun&#8217; diyerek y\u00fcz\u00fcme kapanan telefonlar, ard\u0131ndan ihtarlar \u00e7ekilerek iftira att\u0131\u011f\u0131m\u0131z s\u00f6ylendi.<\/p>\n<p>&#8220;Hata o d\u00f6nem s\u00f6ylenenleri s\u00f6zle\u015fmeli yapmam\u0131\u015f olmam\u0131zd\u0131r. Dostlu\u011fa, samimiyete g\u00fcvenilmi\u015fti. \u0130tham edilenlere dikkat etmek gerekir&#8230; Kul hakk\u0131na girmemenizi \u00f6neriyorum.&#8221; demi\u015fti.<\/p>\n<h3>YASEM\u0130N Y\u00dcR\u00dcK: &#8220;MA\u011eDURU OYNAMAK DAHA KOLAY OLUYOR&#8221;<\/h3>\n<p>Hepsi grubu \u00fcyesi Y\u00fcr\u00fck, s\u00f6zlerine \u015funlar\u0131 da eklemi\u015fti: &#8220;Kimse kimseyi zorlamad\u0131. S\u00f6zle\u015fmeler vs. vard\u0131. Sa\u011fl\u0131k raporlar\u0131na g\u00f6re hareket edilmi\u015ftir. Belgesele red gelmesine \u015fa\u015f\u0131rm\u0131yorum.<\/p>\n<p><img loading=\"lazy\" decoding=\"async\" class=\"alignnone wp-image-75473\" src=\"https:\/\/www.tgrthaber.com\/mavikadin\/wp-content\/uploads\/2024\/09\/hepsi-grubu-arasinda-sular-durulmuyor-gulcin-ergul-ve-yasemin-yuruk-20-yil-konseri-icin-birbirine-girdi.jpg\" alt=\"\" width=\"1208\" height=\"680\" title=\"\" srcset=\"https:\/\/www.tgrthaber.com\/mavikadin\/wp-content\/uploads\/2024\/09\/hepsi-grubu-arasinda-sular-durulmuyor-gulcin-ergul-ve-yasemin-yuruk-20-yil-konseri-icin-birbirine-girdi.jpg 1600w, https:\/\/www.tgrthaber.com\/mavikadin\/wp-content\/uploads\/2024\/09\/hepsi-grubu-arasinda-sular-durulmuyor-gulcin-ergul-ve-yasemin-yuruk-20-yil-konseri-icin-birbirine-girdi-300x169.jpg 300w, https:\/\/www.tgrthaber.com\/mavikadin\/wp-content\/uploads\/2024\/09\/hepsi-grubu-arasinda-sular-durulmuyor-gulcin-ergul-ve-yasemin-yuruk-20-yil-konseri-icin-birbirine-girdi-1024x576.jpg 1024w, https:\/\/www.tgrthaber.com\/mavikadin\/wp-content\/uploads\/2024\/09\/hepsi-grubu-arasinda-sular-durulmuyor-gulcin-ergul-ve-yasemin-yuruk-20-yil-konseri-icin-birbirine-girdi-768x432.jpg 768w, https:\/\/www.tgrthaber.com\/mavikadin\/wp-content\/uploads\/2024\/09\/hepsi-grubu-arasinda-sular-durulmuyor-gulcin-ergul-ve-yasemin-yuruk-20-yil-konseri-icin-birbirine-girdi-1536x864.jpg 1536w, https:\/\/www.tgrthaber.com\/mavikadin\/wp-content\/uploads\/2024\/09\/hepsi-grubu-arasinda-sular-durulmuyor-gulcin-ergul-ve-yasemin-yuruk-20-yil-konseri-icin-birbirine-girdi-533x300.jpg 533w, https:\/\/www.tgrthaber.com\/mavikadin\/wp-content\/uploads\/2024\/09\/hepsi-grubu-arasinda-sular-durulmuyor-gulcin-ergul-ve-yasemin-yuruk-20-yil-konseri-icin-birbirine-girdi-600x338.jpg 600w, https:\/\/www.tgrthaber.com\/mavikadin\/wp-content\/uploads\/2024\/09\/hepsi-grubu-arasinda-sular-durulmuyor-gulcin-ergul-ve-yasemin-yuruk-20-yil-konseri-icin-birbirine-girdi-30x16.jpg 30w, https:\/\/www.tgrthaber.com\/mavikadin\/wp-content\/uploads\/2024\/09\/hepsi-grubu-arasinda-sular-durulmuyor-gulcin-ergul-ve-yasemin-yuruk-20-yil-konseri-icin-birbirine-girdi-18x10.jpg 18w\" sizes=\"(max-width: 1208px) 100vw, 1208px\" \/><\/p>\n<hr \/>\n<p>\u00c7ok \u015fey a\u00e7\u0131kl\u0131\u011fa kavu\u015facakt\u0131. Y\u00fcrek gerek! Ama ma\u011fduru oynamak daha kolay oluyor&#8230; Hala ge\u00e7mi\u015fi dile getirmenin sa\u011fl\u0131kl\u0131 oldu\u011funu d\u00fc\u015f\u00fcnm\u00fcyorum. Herkes kendi karmas\u0131n\u0131 ya\u015f\u0131yor diyebiliriz, sevgiyle kal\u0131n. \u015eark\u0131n \u00e7\u0131km\u0131\u015f hay\u0131rl\u0131 olsun.&#8221;<\/p>\n<h3>G\u00dcL\u00c7\u0130N ERG\u00dcL&#8217;DEN Y\u00dcR\u00dcK&#8217;E CEVAP!<\/h3>\n<p>Sosyal medya hesab\u0131ndan yeni g\u00f6nderi payla\u015fan Erg\u00fcl, Y\u00fcr\u00fck&#8217;\u00fcn a\u00e7\u0131klamalar\u0131 i\u00e7in \u015fu ifadeleri kulland\u0131: &#8220;Yine m\u00fcthi\u015f bir man\u015fetle m\u00fcthi\u015f bir haber g\u00f6rerek ba\u015flad\u0131m.<\/p>\n<p><img loading=\"lazy\" decoding=\"async\" class=\"alignnone wp-image-128379\" src=\"https:\/\/www.tgrthaber.com\/mavikadin\/wp-content\/uploads\/3-31.png\" alt=\"\" width=\"1208\" height=\"680\" title=\"\" srcset=\"https:\/\/www.tgrthaber.com\/mavikadin\/wp-content\/uploads\/3-31.png 1280w, https:\/\/www.tgrthaber.com\/mavikadin\/wp-content\/uploads\/3-31-300x169.png 300w, https:\/\/www.tgrthaber.com\/mavikadin\/wp-content\/uploads\/3-31-1024x576.png 1024w, https:\/\/www.tgrthaber.com\/mavikadin\/wp-content\/uploads\/3-31-768x432.png 768w\" sizes=\"(max-width: 1208px) 100vw, 1208px\" \/><\/p>\n<hr \/>\n<p>Kul hakk\u0131 dedikleri cevap hakk\u0131n\u0131 kullanan bir insan\u0131n konu\u015fma hakk\u0131n\u0131 \u00e7ok g\u00f6rmek de olabilir mi? Hi\u00e7bir zaman m\u00fcte\u015fekkir olmamak beraber yaratt\u0131\u011f\u0131m\u0131z marka i\u00e7in mesela. Ke\u015fke 3 ki\u015fi ba\u015ftan olsayd\u0131 o ba\u015fka bir marka olurdu.&#8221;<\/p>\n","protected":false},"excerpt":{"rendered":"<p>Ge\u00e7ti\u011fimiz g\u00fcnlerde kat\u0131ld\u0131\u011f\u0131 programda Hepsi grubunun da\u011f\u0131l\u0131\u015f\u0131ndan bahseden G\u00fcl\u00e7in Erg\u00fcl&#8217;\u00fcn bu ifadelerinden sonra grubun di\u011fer \u00fcyelerinden Cemre Kemer ve Yasemin Y\u00fcr\u00fck imal\u0131 payla\u015f\u0131mlarda bulundu. Bu payla\u015f\u0131mlar \u00fczerine G\u00fcl\u00e7in Erg\u00fcl&#8217;den yeni bir a\u00e7\u0131klama geldi.<\/p>\n","protected":false},"author":27,"featured_media":93974,"comment_status":"closed","ping_status":"closed","sticky":false,"template":"","format":"standard","meta":{"rank_math_lock_modified_date":false,"footnotes":""},"categories":[76],"tags":[2605,1816,133,3006],"class_list":["post-142749","post","type-post","status-publish","format-standard","has-post-thumbnail","hentry","category-magazin","tag-gulcin-ergul","tag-hepsi","tag-magazin","tag-yasemin-yuruk"],"_links":{"self":[{"href":"https:\/\/www.tgrthaber.com\/mavikadin\/wp-json\/wp\/v2\/posts\/142749"}],"collection":[{"href":"https:\/\/www.tgrthaber.com\/mavikadin\/wp-json\/wp\/v2\/posts"}],"about":[{"href":"https:\/\/www.tgrthaber.com\/mavikadin\/wp-json\/wp\/v2\/types\/post"}],"author":[{"embeddable":true,"href":"https:\/\/www.tgrthaber.com\/mavikadin\/wp-json\/wp\/v2\/users\/27"}],"replies":[{"embeddable":true,"href":"https:\/\/www.tgrthaber.com\/mavikadin\/wp-json\/wp\/v2\/comments?post=142749"}],"version-history":[{"count":1,"href":"https:\/\/www.tgrthaber.com\/mavikadin\/wp-json\/wp\/v2\/posts\/142749\/revisions"}],"predecessor-version":[{"id":142755,"href":"https:\/\/www.tgrthaber.com\/mavikadin\/wp-json\/wp\/v2\/posts\/142749\/revisions\/142755"}],"wp:featuredmedia":[{"embeddable":true,"href":"https:\/\/www.tgrthaber.com\/mavikadin\/wp-json\/wp\/v2\/media\/93974"}],"wp:attachment":[{"href":"https:\/\/www.tgrthaber.com\/mavikadin\/wp-json\/wp\/v2\/media?parent=142749"}],"wp:term":[{"taxonomy":"category","embeddable":true,"href":"https:\/\/www.tgrthaber.com\/mavikadin\/wp-json\/wp\/v2\/categories?post=142749"},{"taxonomy":"post_tag","embeddable":true,"href":"https:\/\/www.tgrthaber.com\/mavikadin\/wp-json\/wp\/v2\/tags?post=142749"}],"curies":[{"name":"wp","href":"https:\/\/api.w.org\/{rel}","templated":true}]}}