{"id":142770,"date":"2025-03-06T00:54:58","date_gmt":"2025-03-05T21:54:58","guid":{"rendered":"https:\/\/www.tgrthaber.com\/mavikadin\/?p=142770"},"modified":"2025-03-06T01:01:52","modified_gmt":"2025-03-05T22:01:52","slug":"survivor-batuhan-kafasini-parkura-carpip-aci-icinde-yere-yigildi-saglik-durumu-nasil","status":"publish","type":"post","link":"https:\/\/www.tgrthaber.com\/mavikadin\/survivor-batuhan-kafasini-parkura-carpip-aci-icinde-yere-yigildi-saglik-durumu-nasil\/","title":{"rendered":"Survivor Batuhan kafas\u0131n\u0131 parkura \u00e7arp\u0131p ac\u0131 i\u00e7inde yere y\u0131\u011f\u0131ld\u0131! Sa\u011fl\u0131k durumu nas\u0131l?"},"content":{"rendered":"<p class=\"p1\">Survivor All Star 2025\u2019te gerilim ve heyecan her ge\u00e7en g\u00fcn art\u0131yor. K\u0131ran k\u0131rana ge\u00e7en m\u00fccadelelerin ard\u0131ndan dokunulmazl\u0131k oyununu kazanan tak\u0131m belli olurken, haftan\u0131n ikinci eleme aday\u0131 da a\u00e7\u0131kland\u0131. Bunun yan\u0131 s\u0131ra yar\u0131\u015fman\u0131n h\u0131rsl\u0131 isimlerinden Batuhan\u2019\u0131n parkurda ya\u015fad\u0131\u011f\u0131 sakatl\u0131k, t\u00fcm izleyicileri korkuttu. \u0130\u015fte Survivor son b\u00f6l\u00fcmde ya\u015fanan t\u00fcm geli\u015fmeler\u2026<\/p>\n<h3 class=\"p1\"><b>BATUHAN KARACAKAYA&#8217;NIN SAKATLI\u011eI HERKES\u0130 KORKUTTU\u00a0<\/b><b><\/b><\/h3>\n<p class=\"p1\">Dokunulmazl\u0131k oyunu s\u0131ras\u0131nda b\u00fcy\u00fck bir talihsizlik ya\u015fand\u0131. H\u0131zl\u0131 bir \u015fekilde parkurda ilerleyen Batuhan, ba\u015f\u0131n\u0131 sert bir \u015fekilde \u00e7arpt\u0131 ve ac\u0131 i\u00e7inde yere y\u0131\u011f\u0131ld\u0131. Yar\u0131\u015fmac\u0131n\u0131n \u00e7\u0131\u011fl\u0131klar\u0131n\u0131 duyan tak\u0131m arkada\u015flar\u0131 ve sa\u011fl\u0131k ekipleri h\u0131zla yan\u0131na ko\u015farak m\u00fcdahalede bulundu. \u0130lk kontrollerin ard\u0131ndan Batuhan\u2019\u0131n sa\u011fl\u0131k durumunun iyi oldu\u011fu \u00f6\u011frenildi. Tedavinin ard\u0131ndan yar\u0131\u015fmac\u0131 kendine geldi ve yar\u0131\u015fmaya devam edebilece\u011fi a\u00e7\u0131kland\u0131.<\/p>\n<p><img loading=\"lazy\" decoding=\"async\" class=\"alignnone wp-image-142774 size-large\" src=\"https:\/\/www.tgrthaber.com\/mavikadin\/wp-content\/uploads\/Ekran-Resmi-2025-03-06-00.49.43-1024x576.png\" alt=\"\" width=\"1024\" height=\"576\" title=\"\" srcset=\"https:\/\/www.tgrthaber.com\/mavikadin\/wp-content\/uploads\/Ekran-Resmi-2025-03-06-00.49.43-1024x576.png 1024w, https:\/\/www.tgrthaber.com\/mavikadin\/wp-content\/uploads\/Ekran-Resmi-2025-03-06-00.49.43-300x169.png 300w, https:\/\/www.tgrthaber.com\/mavikadin\/wp-content\/uploads\/Ekran-Resmi-2025-03-06-00.49.43-768x432.png 768w, https:\/\/www.tgrthaber.com\/mavikadin\/wp-content\/uploads\/Ekran-Resmi-2025-03-06-00.49.43.png 1318w\" sizes=\"(max-width: 1024px) 100vw, 1024px\" \/><\/p>\n<hr \/>\n<h3 class=\"p1\"><b>D\u0130L\u015eAH&#8217;IN DUYGU DOLU ANLARI G\u00dcNDEM OLDU\u00a0<\/b><\/h3>\n<p class=\"p1\">G\u00f6n\u00fcll\u00fcler tak\u0131m\u0131ndan Dil\u015fah, ileti\u015fim \u00f6d\u00fcl\u00fcn\u00fcn ard\u0131ndan mutlulu\u011funu dile getirdi. Sevdiklerinden gelen mesajlar kar\u015f\u0131s\u0131nda g\u00f6zya\u015flar\u0131na h\u00e2kim olamayan yar\u0131\u015fmac\u0131, \u201cAn\u0131l, An\u0131l diye hayk\u0131rd\u0131m. B\u00fct\u00fcn tak\u0131m\u0131n bildi\u011fi bir isim o. Bana yazd\u0131\u011f\u0131 mektubu okuyunca inan\u0131lmaz mutlu oldum. Bekledi\u011fim her \u015feyi sat\u0131rlara d\u00f6km\u00fc\u015f\u201d diyerek hislerini payla\u015ft\u0131.<\/p>\n<p><img loading=\"lazy\" decoding=\"async\" class=\"alignnone wp-image-142775 size-large\" src=\"https:\/\/www.tgrthaber.com\/mavikadin\/wp-content\/uploads\/Ekran-Resmi-2025-03-06-00.50.06-1024x574.png\" alt=\"\" width=\"1024\" height=\"574\" title=\"\" srcset=\"https:\/\/www.tgrthaber.com\/mavikadin\/wp-content\/uploads\/Ekran-Resmi-2025-03-06-00.50.06-1024x574.png 1024w, https:\/\/www.tgrthaber.com\/mavikadin\/wp-content\/uploads\/Ekran-Resmi-2025-03-06-00.50.06-300x168.png 300w, https:\/\/www.tgrthaber.com\/mavikadin\/wp-content\/uploads\/Ekran-Resmi-2025-03-06-00.50.06-768x431.png 768w, https:\/\/www.tgrthaber.com\/mavikadin\/wp-content\/uploads\/Ekran-Resmi-2025-03-06-00.50.06.png 1302w\" sizes=\"(max-width: 1024px) 100vw, 1024px\" \/><\/p>\n<hr \/>\n<h3 class=\"p1\"><b>YUSUF NEDEN &#8216;YUSUF YILDIZ&#8217; D\u0130YE BA\u011eIRDI\u011eINI ANLATTI\u00a0<\/b><\/h3>\n<p class=\"p1\">Survivor\u2019\u0131n dikkat \u00e7eken isimlerinden Yusuf, \u201cYusuf Y\u0131ld\u0131z\u201d diye neden ba\u011f\u0131rd\u0131\u011f\u0131n\u0131 anlatarak duygu dolu bir a\u00e7\u0131klama yapt\u0131. Yusuf, \u201cTam 6 y\u0131l boyunca ad\u0131m hi\u00e7 okunmad\u0131. Binlerce insan aras\u0131ndan elemeler yap\u0131ld\u0131 ama benim ismim bir g\u00fcn bile duyulmad\u0131. O y\u00fczden bug\u00fcn burada ad\u0131m\u0131 duyurmak benim i\u00e7in b\u00fcy\u00fck bir anlam ta\u015f\u0131yor\u201d s\u00f6zleriyle ya\u015fad\u0131\u011f\u0131 s\u00fcreci anlatt\u0131.<\/p>\n<p><img loading=\"lazy\" decoding=\"async\" class=\"alignnone wp-image-142776 size-large\" src=\"https:\/\/www.tgrthaber.com\/mavikadin\/wp-content\/uploads\/Ekran-Resmi-2025-03-06-00.50.00-1024x585.png\" alt=\"\" width=\"1024\" height=\"585\" title=\"\" srcset=\"https:\/\/www.tgrthaber.com\/mavikadin\/wp-content\/uploads\/Ekran-Resmi-2025-03-06-00.50.00-1024x585.png 1024w, https:\/\/www.tgrthaber.com\/mavikadin\/wp-content\/uploads\/Ekran-Resmi-2025-03-06-00.50.00-300x171.png 300w, https:\/\/www.tgrthaber.com\/mavikadin\/wp-content\/uploads\/Ekran-Resmi-2025-03-06-00.50.00-768x439.png 768w, https:\/\/www.tgrthaber.com\/mavikadin\/wp-content\/uploads\/Ekran-Resmi-2025-03-06-00.50.00.png 1302w\" sizes=\"(max-width: 1024px) 100vw, 1024px\" \/><\/p>\n<hr \/>\n<h3 class=\"p1\"><b>POYRAZ STRATEJ\u0130S\u0130N\u0130 ANLATTI\u00a0<\/b><b><\/b><\/h3>\n<p class=\"p1\">Erkekler i\u00e7in kritik bir haftaya girildi\u011fini belirten Poyraz, kaybettikleri oyunlara ra\u011fmen motivasyonlar\u0131n\u0131 y\u00fcksek tutmaya \u00e7al\u0131\u015ft\u0131klar\u0131n\u0131 s\u00f6yledi. \u201c\u00d6zellikle benim ve Yunus Emre i\u00e7in bu oyun \u00e7ok \u00f6nemliydi. Dokunulmazl\u0131k oyunlar\u0131nda stratejik ilerliyoruz. Ufak tefek aksakl\u0131klar ya\u015fad\u0131k ama \u015fu an her \u015fey yolunda\u201d dedi.<\/p>\n<p><img loading=\"lazy\" decoding=\"async\" class=\"alignnone wp-image-142777 size-large\" src=\"https:\/\/www.tgrthaber.com\/mavikadin\/wp-content\/uploads\/Ekran-Resmi-2025-03-06-00.49.55-1024x590.png\" alt=\"\" width=\"1024\" height=\"590\" title=\"\" srcset=\"https:\/\/www.tgrthaber.com\/mavikadin\/wp-content\/uploads\/Ekran-Resmi-2025-03-06-00.49.55-1024x590.png 1024w, https:\/\/www.tgrthaber.com\/mavikadin\/wp-content\/uploads\/Ekran-Resmi-2025-03-06-00.49.55-300x173.png 300w, https:\/\/www.tgrthaber.com\/mavikadin\/wp-content\/uploads\/Ekran-Resmi-2025-03-06-00.49.55-768x443.png 768w, https:\/\/www.tgrthaber.com\/mavikadin\/wp-content\/uploads\/Ekran-Resmi-2025-03-06-00.49.55.png 1308w\" sizes=\"(max-width: 1024px) 100vw, 1024px\" \/><\/p>\n<hr \/>\n<h3 class=\"p1\"><b>SURV\u0130VOR \u0130LK ELEME ADAYI BELL\u0130 OLDU<\/b><\/h3>\n<p class=\"p1\">Haftan\u0131n ilk eleme aday\u0131 olarak Sedat belirlendi. Oyun \u00f6ncesi tak\u0131m arkada\u015flar\u0131na moral veren Sedat, \u201cBu adada kalmaya devam etmek i\u00e7in elimden geleni yapaca\u011f\u0131m. Birka\u00e7 oyunu kaybettik ama bu demek de\u011fildir ki pes ediyoruz. G\u00fc\u00e7l\u00fc bir \u015fekilde m\u00fccadele etmeye devam edece\u011fiz\u201d ifadelerini kulland\u0131.<\/p>\n<p><img loading=\"lazy\" decoding=\"async\" class=\"alignnone wp-image-142778 size-large\" src=\"https:\/\/www.tgrthaber.com\/mavikadin\/wp-content\/uploads\/Ekran-Resmi-2025-03-06-00.49.37-1024x595.png\" alt=\"\" width=\"1024\" height=\"595\" title=\"\" srcset=\"https:\/\/www.tgrthaber.com\/mavikadin\/wp-content\/uploads\/Ekran-Resmi-2025-03-06-00.49.37-1024x595.png 1024w, https:\/\/www.tgrthaber.com\/mavikadin\/wp-content\/uploads\/Ekran-Resmi-2025-03-06-00.49.37-300x174.png 300w, https:\/\/www.tgrthaber.com\/mavikadin\/wp-content\/uploads\/Ekran-Resmi-2025-03-06-00.49.37-768x446.png 768w, https:\/\/www.tgrthaber.com\/mavikadin\/wp-content\/uploads\/Ekran-Resmi-2025-03-06-00.49.37.png 1284w\" sizes=\"(max-width: 1024px) 100vw, 1024px\" \/><\/p>\n<hr \/>\n<h3 class=\"p1\"><b>DOKUNULMAZLIK OYUNU KAZANANI BELL\u0130 OLDU<\/b><b><\/b><\/h3>\n<p class=\"p1\">Survivor All Star 2025\u2019te dokunulmazl\u0131k m\u00fccadelesi b\u00fcy\u00fck bir rekabete sahne oldu. Yar\u0131\u015fmac\u0131lar, tak\u0131mlar\u0131 i\u00e7in var g\u00fcc\u00fcyle m\u00fccadele etti. Sonu\u00e7 olarak kazanan taraf All Star tak\u0131m\u0131 oldu.<\/p>\n<p class=\"p1\">\n","protected":false},"excerpt":{"rendered":"<p>Survivor All Star 2025\u2019te heyecan dorukta! Dokunulmazl\u0131k oyununda k\u0131yas\u0131ya m\u00fccadele ya\u015fan\u0131rken, kazanan tak\u0131m avantaj sa\u011flad\u0131. \u00d6te yandan, haftan\u0131n ikinci eleme aday\u0131 da belli oldu. Parkurda ya\u015fad\u0131\u011f\u0131 talihsiz sakatl\u0131kla Batuhan, izleyicileri endi\u015felendirdi. \u0130\u015fte Survivor\u2019un son b\u00f6l\u00fcm\u00fcnde ya\u015fanan dikkat \u00e7eken geli\u015fmeler\u2026<\/p>\n","protected":false},"author":16,"featured_media":142782,"comment_status":"closed","ping_status":"closed","sticky":false,"template":"","format":"standard","meta":{"rank_math_lock_modified_date":false,"footnotes":""},"categories":[101],"tags":[13161,13160,13159],"class_list":["post-142770","post","type-post","status-publish","format-standard","has-post-thumbnail","hentry","category-kesfet","tag-survivor-2025-batuhan-kafasini-carpti","tag-survivor-2025-batuhan-saglik-durumu","tag-survivor-2025-batuhana-ne-oldu"],"_links":{"self":[{"href":"https:\/\/www.tgrthaber.com\/mavikadin\/wp-json\/wp\/v2\/posts\/142770"}],"collection":[{"href":"https:\/\/www.tgrthaber.com\/mavikadin\/wp-json\/wp\/v2\/posts"}],"about":[{"href":"https:\/\/www.tgrthaber.com\/mavikadin\/wp-json\/wp\/v2\/types\/post"}],"author":[{"embeddable":true,"href":"https:\/\/www.tgrthaber.com\/mavikadin\/wp-json\/wp\/v2\/users\/16"}],"replies":[{"embeddable":true,"href":"https:\/\/www.tgrthaber.com\/mavikadin\/wp-json\/wp\/v2\/comments?post=142770"}],"version-history":[{"count":1,"href":"https:\/\/www.tgrthaber.com\/mavikadin\/wp-json\/wp\/v2\/posts\/142770\/revisions"}],"predecessor-version":[{"id":142780,"href":"https:\/\/www.tgrthaber.com\/mavikadin\/wp-json\/wp\/v2\/posts\/142770\/revisions\/142780"}],"wp:featuredmedia":[{"embeddable":true,"href":"https:\/\/www.tgrthaber.com\/mavikadin\/wp-json\/wp\/v2\/media\/142782"}],"wp:attachment":[{"href":"https:\/\/www.tgrthaber.com\/mavikadin\/wp-json\/wp\/v2\/media?parent=142770"}],"wp:term":[{"taxonomy":"category","embeddable":true,"href":"https:\/\/www.tgrthaber.com\/mavikadin\/wp-json\/wp\/v2\/categories?post=142770"},{"taxonomy":"post_tag","embeddable":true,"href":"https:\/\/www.tgrthaber.com\/mavikadin\/wp-json\/wp\/v2\/tags?post=142770"}],"curies":[{"name":"wp","href":"https:\/\/api.w.org\/{rel}","templated":true}]}}