{"id":142781,"date":"2025-03-06T01:08:48","date_gmt":"2025-03-05T22:08:48","guid":{"rendered":"https:\/\/www.tgrthaber.com\/mavikadin\/?p=142781"},"modified":"2025-03-06T01:08:48","modified_gmt":"2025-03-05T22:08:48","slug":"vefa-sultan-yayindan-mi-kaldirildi-vefa-sultan-bugun-var-mi","status":"publish","type":"post","link":"https:\/\/www.tgrthaber.com\/mavikadin\/vefa-sultan-yayindan-mi-kaldirildi-vefa-sultan-bugun-var-mi\/","title":{"rendered":"Vefa Sultan yay\u0131ndan m\u0131 kald\u0131r\u0131ld\u0131? Vefa Sultan bug\u00fcn var m\u0131?"},"content":{"rendered":"<p>TRT1 ekranlar\u0131nda hafta i\u00e7i her g\u00fcn saat 00:15\u2019de ekranlara gelen Vefa Sultan dizisi, neden yay\u0131nlanmad\u0131. Vefa Sultan 5. B\u00f6l\u00fcm fragman\u0131n\u0131n verilmesine ra\u011fmen dizi bu ak\u015fam ekranlara gelmedi. Peki, Vefa Sultan yay\u0131ndan m\u0131 kald\u0131r\u0131ld\u0131? Vefa Sultan bug\u00fcn var m\u0131? Vefa Sultan 5. B\u00f6l\u00fcm\u00fcnde neler olacak?<\/p>\n<h3>VEFA SULTAN YAYINDAN MI KALDIRILDI?<\/h3>\n<p>TRT 1 ekranlar\u0131nda hafta i\u00e7i her ak\u015fam yay\u0131nlanan Vefa Sultan dizisi 6 Mart \u00c7ar\u015famba ak\u015fam\u0131 ekranlara gelmedi. Birka\u00e7 g\u00fcnd\u00fcr dizinin saatinin s\u00fcrekli de\u011fi\u015fmesi izleyicilerin akl\u0131n\u0131 da kar\u0131\u015ft\u0131rd\u0131. Vefa Sultan dizisi beklenen izlenim oran\u0131na ula\u015famad\u0131\u011f\u0131ndan m\u0131 saatlerinde de\u011fi\u015fikli\u011fe gidildi. Vefa Sultan dizisinin 4. B\u00f6l\u00fcm\u00fc ekrana geldikten sonra dizinin yeni b\u00f6l\u00fcm\u00fcne dair fragman yay\u0131nlansa da TRT 1 ekranlar\u0131nda bu ak\u015fam verilmedi. Vefa Sultan dizisinin resmi sayfas\u0131ndan da yay\u0131nlanmamas\u0131n\u0131n nedenine dair herhangi bir a\u00e7\u0131klama yap\u0131lmad\u0131. Vefa Sultan dizisi 7 Mart 2025 Per\u015fembe g\u00fcn\u00fc yay\u0131nlanacak m\u0131?<\/p>\n<p><img loading=\"lazy\" decoding=\"async\" class=\"alignnone wp-image-142279\" src=\"https:\/\/www.tgrthaber.com\/mavikadin\/wp-content\/uploads\/3-333-300x169.png\" alt=\"\" width=\"1208\" height=\"680\" title=\"\" srcset=\"https:\/\/www.tgrthaber.com\/mavikadin\/wp-content\/uploads\/3-333-300x169.png 300w, https:\/\/www.tgrthaber.com\/mavikadin\/wp-content\/uploads\/3-333-1024x576.png 1024w, https:\/\/www.tgrthaber.com\/mavikadin\/wp-content\/uploads\/3-333-768x432.png 768w, https:\/\/www.tgrthaber.com\/mavikadin\/wp-content\/uploads\/3-333.png 1280w\" sizes=\"(max-width: 1208px) 100vw, 1208px\" \/><\/p>\n<hr \/>\n<h3>VEFA SULTAN BUG\u00dcN VAR MI?<\/h3>\n<p>5 Mart 2025 Sal\u0131 ak\u015fam\u0131 Vefa Sultan 4 b\u00f6l\u00fcm\u00fcyle ekranlara gelmi\u015fti. Dizinin 5.b\u00f6l\u00fcm fragman\u0131 yay\u0131nlanmas\u0131na ra\u011fmen 5 Mart \u00c7ar\u015famba ak\u015fam\u0131 TRT1\u2019de yay\u0131nlanan ma\u00e7tan dolay\u0131 Vefa Sultan dizi ekrana gelmedi. Vefa Sultan dizisinin resmi sayfalar\u0131ndan yeni b\u00f6l\u00fcm\u00fcn yay\u0131nlan\u0131p yay\u0131nlanmayaca\u011f\u0131 konusunda herhangi bir a\u00e7\u0131klama gelmedi. Vefa Sultan dizisi takip\u00e7ileri dizinin yeni b\u00f6l\u00fcm\u00fc ne zaman yay\u0131nlanacak diye arama motorlar\u0131nda aramaya ba\u015flad\u0131. Peki, Vefa Sultan 6 Mart Per\u015fembe 5. B\u00f6l\u00fcm yay\u0131nlanacak m\u0131?<\/p>\n<p><img loading=\"lazy\" decoding=\"async\" class=\"alignnone wp-image-142783\" src=\"https:\/\/www.tgrthaber.com\/mavikadin\/wp-content\/uploads\/vefa-sultan-5.bolumde-neler-olacak-300x169.jpg\" alt=\"vefa sultan 5.b\u00f6l\u00fcmde neler olacak\" width=\"1208\" height=\"680\" title=\"\" srcset=\"https:\/\/www.tgrthaber.com\/mavikadin\/wp-content\/uploads\/vefa-sultan-5.bolumde-neler-olacak-300x169.jpg 300w, https:\/\/www.tgrthaber.com\/mavikadin\/wp-content\/uploads\/vefa-sultan-5.bolumde-neler-olacak-1024x576.jpg 1024w, https:\/\/www.tgrthaber.com\/mavikadin\/wp-content\/uploads\/vefa-sultan-5.bolumde-neler-olacak-768x432.jpg 768w, https:\/\/www.tgrthaber.com\/mavikadin\/wp-content\/uploads\/vefa-sultan-5.bolumde-neler-olacak-1536x864.jpg 1536w, https:\/\/www.tgrthaber.com\/mavikadin\/wp-content\/uploads\/vefa-sultan-5.bolumde-neler-olacak.jpg 1920w\" sizes=\"(max-width: 1208px) 100vw, 1208px\" \/><\/p>\n<hr \/>\n<h3>VEFA SULTAN 5. B\u00d6L\u00dcM\u00dcNDE NELER OLACAK?<\/h3>\n<p>Vefa Sultan dizisinin son b\u00f6l\u00fcmde M\u00fcderris Mustafa\u2019ya \u015eeyh Kudsi bir vazife vermi\u015fti. Vazife kar\u015f\u0131s\u0131nda ne yapaca\u011f\u0131n\u0131 bilemeyen M\u00fcderris Mustafa, ona verilen aletle deri i\u015fine verilir ve sab\u0131rla onlar\u0131 y\u0131kamas\u0131n\u0131, temizlemesini, bak\u0131m\u0131n\u0131 yapmas\u0131 istenilir. M\u00fcderris Mustafa\u2019n\u0131n sabr\u0131n\u0131n denendi\u011fi bu vazifenin \u00fcstesinden gelebilecek mi? M\u00fcderris Mustafa, \u015eeyh Kudsi\u2019nin ona verdi\u011fi vazifeyi be\u011fenmez \u201cPislik i\u00e7inde \u00e7\u0131rak oldum\u201d diyerek kendisinin a\u015fa\u011f\u0131land\u0131\u011f\u0131n\u0131 d\u00fc\u015f\u00fcn\u00fcr. Meczup, \u015eeyh Kudsi ile konu\u015fur. \u015eeyh Kudsi, M\u00fcderris Mustafa\u2019ya \u201cya i\u015fine d\u00f6ns\u00fcn ya da geldi\u011fi yere\u201d der.<\/p>\n","protected":false},"excerpt":{"rendered":"<p>TRT1 ekranlar\u0131nda hafta i\u00e7i her g\u00fcn saat 00:15\u2019de ekranlara gelen Vefa Sultan dizisi, neden yay\u0131nlanmad\u0131. Vefa Sultan 5. B\u00f6l\u00fcm fragman\u0131n\u0131n verilmesine ra\u011fmen dizi bu ak\u015fam ekranlara gelmedi. Peki, Vefa Sultan yay\u0131ndan m\u0131 kald\u0131r\u0131ld\u0131? Vefa Sultan bug\u00fcn var m\u0131?<\/p>\n","protected":false},"author":10,"featured_media":142784,"comment_status":"closed","ping_status":"closed","sticky":false,"template":"","format":"standard","meta":{"rank_math_lock_modified_date":false,"footnotes":""},"categories":[602],"tags":[2628,10390,11646,13162],"class_list":["post-142781","post","type-post","status-publish","format-standard","has-post-thumbnail","hentry","category-diziler","tag-dizi-haberleri","tag-dizi-magazin","tag-vefa-sultan","tag-vefa-sultan-5-bolum-neler-olacak"],"_links":{"self":[{"href":"https:\/\/www.tgrthaber.com\/mavikadin\/wp-json\/wp\/v2\/posts\/142781"}],"collection":[{"href":"https:\/\/www.tgrthaber.com\/mavikadin\/wp-json\/wp\/v2\/posts"}],"about":[{"href":"https:\/\/www.tgrthaber.com\/mavikadin\/wp-json\/wp\/v2\/types\/post"}],"author":[{"embeddable":true,"href":"https:\/\/www.tgrthaber.com\/mavikadin\/wp-json\/wp\/v2\/users\/10"}],"replies":[{"embeddable":true,"href":"https:\/\/www.tgrthaber.com\/mavikadin\/wp-json\/wp\/v2\/comments?post=142781"}],"version-history":[{"count":1,"href":"https:\/\/www.tgrthaber.com\/mavikadin\/wp-json\/wp\/v2\/posts\/142781\/revisions"}],"predecessor-version":[{"id":142785,"href":"https:\/\/www.tgrthaber.com\/mavikadin\/wp-json\/wp\/v2\/posts\/142781\/revisions\/142785"}],"wp:featuredmedia":[{"embeddable":true,"href":"https:\/\/www.tgrthaber.com\/mavikadin\/wp-json\/wp\/v2\/media\/142784"}],"wp:attachment":[{"href":"https:\/\/www.tgrthaber.com\/mavikadin\/wp-json\/wp\/v2\/media?parent=142781"}],"wp:term":[{"taxonomy":"category","embeddable":true,"href":"https:\/\/www.tgrthaber.com\/mavikadin\/wp-json\/wp\/v2\/categories?post=142781"},{"taxonomy":"post_tag","embeddable":true,"href":"https:\/\/www.tgrthaber.com\/mavikadin\/wp-json\/wp\/v2\/tags?post=142781"}],"curies":[{"name":"wp","href":"https:\/\/api.w.org\/{rel}","templated":true}]}}