{"id":142794,"date":"2025-03-06T02:20:03","date_gmt":"2025-03-05T23:20:03","guid":{"rendered":"https:\/\/www.tgrthaber.com\/mavikadin\/?p=142794"},"modified":"2025-03-06T02:20:03","modified_gmt":"2025-03-05T23:20:03","slug":"teskilat-135-bolumde-selen-kurtulacak-mi-altay-muhafizliga-geri-mi-donecek","status":"publish","type":"post","link":"https:\/\/www.tgrthaber.com\/mavikadin\/teskilat-135-bolumde-selen-kurtulacak-mi-altay-muhafizliga-geri-mi-donecek\/","title":{"rendered":"Te\u015fkilat 135. B\u00f6l\u00fcmde Selen kurtulacak m\u0131? Altay muhaf\u0131zl\u0131\u011fa geri mi d\u00f6necek?"},"content":{"rendered":"<p>Pazar ak\u015famlar\u0131 TRT 1 \u2018de ekranlara gelen Te\u015fkilat dizisi reyting rekorlar\u0131 k\u0131rmaya devam ediyor. Te\u015fkilat 134. B\u00f6l\u00fcm\u00fcnde hayal k\u0131r\u0131kl\u0131\u011f\u0131 ya\u015fayan Altay\u2019\u0131 sakinle\u015ftirmek i\u00e7in Neslihan devreye girmi\u015fti. Altay ve Selen\u2019in birbirilerine silah do\u011frulttuklar\u0131n\u0131 g\u00f6ren Neslihan Selen\u2019i vurmu\u015ftu. Peki, Te\u015fkilat 135. B\u00f6l\u00fcmde Selen kurtulacak m\u0131? Altay muhaf\u0131zl\u0131\u011fa geri mi d\u00f6necek?<\/p>\n<h3>TE\u015eK\u0130LAT 135.B\u00d6L\u00dcMDE NELER OLACAK?<\/h3>\n<p>Te\u015fkilat dizisinin yeni hafta da yay\u0131nlanacak yeni b\u00f6l\u00fcm\u00fcnde aksiyon ve gerilim yine hat safhada yer alacak. Te\u015fkilat dizisinin 135. B\u00f6l\u00fcm\u00fcnde sular bulan\u0131kla\u015fmaya devam ederken, Krali\u00e7e taraf\u0131nda yeni olaylar geli\u015fiyor. Neslihan\u2019\u0131n Selen\u2019i vurmas\u0131 \u00fczerine Altay, ne yapaca\u011f\u0131n\u0131 \u015fa\u015f\u0131r\u0131r. Neslihan, Altay\u2019\u0131 korudu\u011funu s\u00f6yler. Altay, karde\u015fi Selen\u2019i apar topar hastaneye g\u00f6t\u00fcr\u00fcr. Selen uyanacak m\u0131? Altay\u2019\u0131n muhaf\u0131zl\u0131\u011f\u0131 b\u0131rakt\u0131\u011f\u0131n\u0131 bilen Neslihan, Altay\u2019a y\u00fcz\u00fc\u011f\u00fc tekrardan geri verir ve d\u00f6nmesini ister. \u201cBen o g\u00f6reve lay\u0131k de\u011filim demeden \u00f6nce ben araya gireyim. Hepimizin sana ihtiyac\u0131 var\u201d diyerek Altay\u2019a b\u0131rakt\u0131\u011f\u0131 y\u00fcz\u00fc\u011f\u00fc geri verir.<\/p>\n<p>Sofi\u2019nin \u00f6ld\u00fc\u011f\u00fc san\u0131l\u0131rken, istihbarata ya\u015fad\u0131\u011f\u0131na dair bilgi gelir. Neslihan, Sofi\u2019ye ula\u015fabilirse hem Selen\u2019i kurtarmay\u0131 hem de Krali\u00e7e\u2019ye ula\u015fmay\u0131 hedefler. Altay\u2019\u0131n g\u00f6reve d\u00f6nmesi ile birlikte Selen\u2019in oldu\u011fu klini\u011fe bask\u0131n\u0131 d\u00fczenlenir. Selen\u2019e verilmesi i\u00e7in al\u0131nan panzehir ilac\u0131n\u0131 ona ula\u015ft\u0131rmak i\u00e7in Neslihan kendini tehlikeye atar.<\/p>\n<p>Korkut, Akif ba\u015fkan ile Hamdi\u2019nin pe\u015findedir. Korkut, Ejder\u2019in herkesten gizledi\u011fi para kasas\u0131n\u0131n yerini \u00f6\u011frenir. Korkut, hem masan\u0131n hem de Ejder\u2019in paralar\u0131n\u0131 almay\u0131 planlayarak, Ejder\u2019in itibar\u0131n\u0131 yerle bir etmeye \u00e7al\u0131\u015facak. Korkut ve Ejder kar\u015f\u0131 kar\u015f\u0131ya gelecek.<\/p>\n<p><img loading=\"lazy\" decoding=\"async\" class=\"alignnone wp-image-142795\" src=\"https:\/\/www.tgrthaber.com\/mavikadin\/wp-content\/uploads\/teskilat-135.bolum-neler-olacak-300x169.jpg\" alt=\"te\u015fkilat 135.b\u00f6l\u00fcm neler olacak\" width=\"1208\" height=\"680\" title=\"\" srcset=\"https:\/\/www.tgrthaber.com\/mavikadin\/wp-content\/uploads\/teskilat-135.bolum-neler-olacak-300x169.jpg 300w, https:\/\/www.tgrthaber.com\/mavikadin\/wp-content\/uploads\/teskilat-135.bolum-neler-olacak-1024x576.jpg 1024w, https:\/\/www.tgrthaber.com\/mavikadin\/wp-content\/uploads\/teskilat-135.bolum-neler-olacak-768x432.jpg 768w, https:\/\/www.tgrthaber.com\/mavikadin\/wp-content\/uploads\/teskilat-135.bolum-neler-olacak-1536x864.jpg 1536w, https:\/\/www.tgrthaber.com\/mavikadin\/wp-content\/uploads\/teskilat-135.bolum-neler-olacak.jpg 1920w\" sizes=\"(max-width: 1208px) 100vw, 1208px\" \/><\/p>\n<hr \/>\n<h3>TE\u015eK\u0130LAT 135. B\u00d6L\u00dcM 2. FRAGMAN YAYINLANDI MI?<\/h3>\n<p>Pazar g\u00fcn\u00fc saat 20:00\u2019da yeni b\u00f6l\u00fcm\u00fcyle ekranlara gelecek olan Te\u015fkilat dizisinin 135. B\u00f6l\u00fcm\u00fcn\u00fcn ilk fragman\u0131 yay\u0131nland\u0131. Yay\u0131nlanan fragman\u0131n ard\u0131ndan Te\u015fkilat\u2019\u0131n yeni b\u00f6l\u00fcm\u00fcnde ortal\u0131k daha da k\u0131z\u0131\u015facak. Krali\u00e7e\u2019nin adamlar\u0131 Selen pe\u015fine d\u00fc\u015ferken, Korkut ve Ejder kar\u015f\u0131 kar\u015f\u0131ya gelecek. Te\u015fkilat\u0131n 135. B\u00f6l\u00fcm\u00fcn ilk fragman\u0131nda bunlar ya\u015fan\u0131rken 2. Fragman\u0131 \u015fimdiden merak konusu oldu. Peki, Te\u015fkilat 135. B\u00f6l\u00fcm 2. Fragman ne zaman yay\u0131nlanacak?<\/p>\n","protected":false},"excerpt":{"rendered":"<p>Pazar ak\u015famlar\u0131 TRT 1 \u2018de ekranlara gelen Te\u015fkilat dizisi reyting rekorlar\u0131 k\u0131rmaya devam ediyor. Te\u015fkilat 134. B\u00f6l\u00fcm\u00fcnde hayal k\u0131r\u0131kl\u0131\u011f\u0131 ya\u015fayan Altay\u2019\u0131 sakinle\u015ftirmek i\u00e7in Neslihan devreye girmi\u015fti. Altay ve Selen\u2019in birbirilerine silah do\u011frulttuklar\u0131n\u0131 g\u00f6ren Neslihan Selen\u2019i vurmu\u015ftu. Peki, Te\u015fkilat 135. B\u00f6l\u00fcmde Selen kurtulacak m\u0131? Altay muhaf\u0131zl\u0131\u011fa geri mi d\u00f6necek?<\/p>\n","protected":false},"author":10,"featured_media":142796,"comment_status":"closed","ping_status":"closed","sticky":false,"template":"","format":"standard","meta":{"rank_math_lock_modified_date":false,"footnotes":""},"categories":[602],"tags":[2628,10390,840,13164,13163],"class_list":["post-142794","post","type-post","status-publish","format-standard","has-post-thumbnail","hentry","category-diziler","tag-dizi-haberleri","tag-dizi-magazin","tag-teskilat","tag-teskilat-135-2-fragman","tag-teskilat-135-bolum-neler-olacak"],"_links":{"self":[{"href":"https:\/\/www.tgrthaber.com\/mavikadin\/wp-json\/wp\/v2\/posts\/142794"}],"collection":[{"href":"https:\/\/www.tgrthaber.com\/mavikadin\/wp-json\/wp\/v2\/posts"}],"about":[{"href":"https:\/\/www.tgrthaber.com\/mavikadin\/wp-json\/wp\/v2\/types\/post"}],"author":[{"embeddable":true,"href":"https:\/\/www.tgrthaber.com\/mavikadin\/wp-json\/wp\/v2\/users\/10"}],"replies":[{"embeddable":true,"href":"https:\/\/www.tgrthaber.com\/mavikadin\/wp-json\/wp\/v2\/comments?post=142794"}],"version-history":[{"count":1,"href":"https:\/\/www.tgrthaber.com\/mavikadin\/wp-json\/wp\/v2\/posts\/142794\/revisions"}],"predecessor-version":[{"id":142797,"href":"https:\/\/www.tgrthaber.com\/mavikadin\/wp-json\/wp\/v2\/posts\/142794\/revisions\/142797"}],"wp:featuredmedia":[{"embeddable":true,"href":"https:\/\/www.tgrthaber.com\/mavikadin\/wp-json\/wp\/v2\/media\/142796"}],"wp:attachment":[{"href":"https:\/\/www.tgrthaber.com\/mavikadin\/wp-json\/wp\/v2\/media?parent=142794"}],"wp:term":[{"taxonomy":"category","embeddable":true,"href":"https:\/\/www.tgrthaber.com\/mavikadin\/wp-json\/wp\/v2\/categories?post=142794"},{"taxonomy":"post_tag","embeddable":true,"href":"https:\/\/www.tgrthaber.com\/mavikadin\/wp-json\/wp\/v2\/tags?post=142794"}],"curies":[{"name":"wp","href":"https:\/\/api.w.org\/{rel}","templated":true}]}}