{"id":142825,"date":"2025-03-06T11:33:35","date_gmt":"2025-03-06T08:33:35","guid":{"rendered":"https:\/\/www.tgrthaber.com\/mavikadin\/?p=142825"},"modified":"2025-03-06T11:33:28","modified_gmt":"2025-03-06T08:33:28","slug":"kizilcik-serbetinin-berili-elif-melda-yilmaz-kimdir-elif-melda-yilmaz-hakkinda-merak-edilenler","status":"publish","type":"post","link":"https:\/\/www.tgrthaber.com\/mavikadin\/kizilcik-serbetinin-berili-elif-melda-yilmaz-kimdir-elif-melda-yilmaz-hakkinda-merak-edilenler\/","title":{"rendered":"K\u0131z\u0131lc\u0131k \u015eerbeti&#8217;nin Beril&#8217;i Elif Melda Y\u0131lmaz kimdir? Elif Melda Y\u0131lmaz hakk\u0131nda merak edilenler"},"content":{"rendered":"<p>Son d\u00f6nemlerin en pop\u00fcler dizilerinden biri olan k\u0131z\u0131lc\u0131k \u015eerbeti&#8217;nin kadrosuna yeni biri dahil oldu. Daha \u00f6nce Kurtlar Vadisi Pusu&#8217;da oynad\u0131\u011f\u0131 karakteri ile tan\u0131nan Elif Melda Y\u0131lmaz, K\u0131z\u0131lc\u0131k \u015eerbeti&#8217;nin kadrosuna K\u0131v\u0131lc\u0131m&#8217;\u0131n (Evrim Alasya&#8217;n\u0131n) alt kom\u015fusu Beril karakteriyle diziye girdi. Melis Civelek ve Zeynep G\u00fcr&#8217;\u00fcn senaryosunu kaleme ald\u0131\u011f\u0131 K\u0131z\u0131lc\u0131k \u015eerbeti&#8217;ne Beril isimli bir karakter dahil edildikten sonra kim oldu\u011fu merak ediliyor. \u0130\u015fte Elif Melda Y\u0131lmaz hakk\u0131nda t\u00fcm merak edilenler&#8230;<\/p>\n<h3>EL\u0130F MELDA YILMAZ K\u0130MD\u0130R?<\/h3>\n<p>\u015eark\u0131c\u0131 ve tiyatrocu kimli\u011fiyle tan\u0131nan Elif Melda Y\u0131lmaz, 7 Kas\u0131m 1977&#8217;de Eski\u015fehir&#8217;de do\u011fmu\u015f T\u00fcrk oyuncu ve ayn\u0131 zamanda tiyatrocudur. Y\u0131lmaz, ilk ve ortaokul \u00f6\u011frenimini Eski\u015fehir&#8217;de tamamlad\u0131ktan sonra, 2000 y\u0131l\u0131nda Bilkent \u00dcniversitesi M\u00fczik ve Sahne Sanatlar\u0131 Fak\u00fcltesi Tiyatro B\u00f6l\u00fcm\u00fc&#8217;nden mezun olmu\u015ftur. Ayn\u0131 y\u0131l, Eski\u015fehir B\u00fcy\u00fck\u015fehir Belediyesi \u015eehir Tiyatrolar\u0131&#8217;n\u0131n kurucular\u0131 aras\u0131nda yer alarak profesyonel kariyerine ad\u0131m att\u0131.<\/p>\n<p><img loading=\"lazy\" decoding=\"async\" class=\"alignnone wp-image-142835\" src=\"https:\/\/www.tgrthaber.com\/mavikadin\/wp-content\/uploads\/2-349.png\" alt=\"\" width=\"1208\" height=\"680\" title=\"\" srcset=\"https:\/\/www.tgrthaber.com\/mavikadin\/wp-content\/uploads\/2-349.png 1280w, https:\/\/www.tgrthaber.com\/mavikadin\/wp-content\/uploads\/2-349-300x169.png 300w, https:\/\/www.tgrthaber.com\/mavikadin\/wp-content\/uploads\/2-349-1024x576.png 1024w, https:\/\/www.tgrthaber.com\/mavikadin\/wp-content\/uploads\/2-349-768x432.png 768w\" sizes=\"(max-width: 1208px) 100vw, 1208px\" \/><\/p>\n<hr \/>\n<p>Tiyatro sahnelerinde uzun y\u0131llar ba\u015far\u0131l\u0131 performanslar sergileyen oyuncu, televizyon d\u00fcnyas\u0131na ad\u0131m atm\u0131\u015f, dikkat \u00e7eken rolleri \u00fcstlenmi\u015ftir. &#8220;Kurtlar Vadisi Pusu&#8221; dizisinde Meryem karakteriyle geni\u015f kitlelere ula\u015fan sanat\u00e7\u0131, ayn\u0131 zamanda &#8220;A\u015fk\u0131n Tarifi&#8221; ve &#8220;Yarg\u0131&#8221; gibi pop\u00fcler yap\u0131mlarda da rol ald\u0131.<\/p>\n<p><img loading=\"lazy\" decoding=\"async\" class=\"alignnone wp-image-142838\" src=\"https:\/\/www.tgrthaber.com\/mavikadin\/wp-content\/uploads\/5-197.png\" alt=\"\" width=\"1208\" height=\"680\" title=\"\" srcset=\"https:\/\/www.tgrthaber.com\/mavikadin\/wp-content\/uploads\/5-197.png 1280w, https:\/\/www.tgrthaber.com\/mavikadin\/wp-content\/uploads\/5-197-300x169.png 300w, https:\/\/www.tgrthaber.com\/mavikadin\/wp-content\/uploads\/5-197-1024x576.png 1024w, https:\/\/www.tgrthaber.com\/mavikadin\/wp-content\/uploads\/5-197-768x432.png 768w\" sizes=\"(max-width: 1208px) 100vw, 1208px\" \/><\/p>\n<hr \/>\n<p>Tiyatrodaki ba\u015far\u0131l\u0131 performanslar\u0131 \u00f6d\u00fcllerle ta\u00e7land\u0131r\u0131lan sanat\u00e7\u0131, 2013 y\u0131l\u0131nda Kanl\u0131 Nigar oyunundaki ba\u015far\u0131l\u0131 performans\u0131yla \u00c7a\u011fda\u015f Gazeteciler Derne\u011fi taraf\u0131ndan Y\u0131l\u0131n Kad\u0131n Sanat\u00e7\u0131s\u0131 \u00f6d\u00fcl\u00fcne lay\u0131k g\u00f6r\u00fcld\u00fc. Bu \u00f6d\u00fcl\u00fcn\u00fcn yan\u0131nda, 4. Sadri Al\u0131\u015f\u0131k Anadolu Tiyatro Oyuncu \u00d6d\u00fclleri&#8217;nde M\u00fczikal Dal\u0131nda Y\u0131l\u0131n En Ba\u015far\u0131l\u0131 Kad\u0131n Oyuncusu se\u00e7ildi.<\/p>\n<p><img loading=\"lazy\" decoding=\"async\" class=\"alignnone wp-image-142836\" src=\"https:\/\/www.tgrthaber.com\/mavikadin\/wp-content\/uploads\/3-348.png\" alt=\"\" width=\"1208\" height=\"680\" title=\"\" srcset=\"https:\/\/www.tgrthaber.com\/mavikadin\/wp-content\/uploads\/3-348.png 1280w, https:\/\/www.tgrthaber.com\/mavikadin\/wp-content\/uploads\/3-348-300x169.png 300w, https:\/\/www.tgrthaber.com\/mavikadin\/wp-content\/uploads\/3-348-1024x576.png 1024w, https:\/\/www.tgrthaber.com\/mavikadin\/wp-content\/uploads\/3-348-768x432.png 768w\" sizes=\"(max-width: 1208px) 100vw, 1208px\" \/><\/p>\n<hr \/>\n<h3>EL\u0130F MELDA YILMAZ KIZILCIK \u015eERBET\u0130&#8217;NE DAH\u0130L OLUYOR<\/h3>\n<p>Ekranlar\u0131n en sevilen yap\u0131mlar\u0131ndan biri olan, oyuncu kadrosunda Evrim Alasya, Bar\u0131\u015f K\u0131l\u0131\u00e7, S\u0131la T\u00fcrko\u011flu ve Do\u011fukan G\u00fcng\u00f6r gibi ba\u015far\u0131l\u0131 isimlerin yer ald\u0131\u011f\u0131 K\u0131z\u0131lc\u0131k \u015eerbeti&#8217;ne Elif Melda Y\u0131lmaz dahil oldu. Elif Melda Y\u0131lmaz, K\u0131v\u0131lc\u0131m karakterini oynayan Evrim Alasya&#8217;n\u0131n alt kom\u015fusu olarak izleyicilerin kar\u015f\u0131s\u0131na \u00e7\u0131k\u0131yor.<\/p>\n<p><img loading=\"lazy\" decoding=\"async\" class=\"alignnone wp-image-142837\" src=\"https:\/\/www.tgrthaber.com\/mavikadin\/wp-content\/uploads\/4-287.png\" alt=\"\" width=\"1208\" height=\"680\" title=\"\" srcset=\"https:\/\/www.tgrthaber.com\/mavikadin\/wp-content\/uploads\/4-287.png 1280w, https:\/\/www.tgrthaber.com\/mavikadin\/wp-content\/uploads\/4-287-300x169.png 300w, https:\/\/www.tgrthaber.com\/mavikadin\/wp-content\/uploads\/4-287-1024x576.png 1024w, https:\/\/www.tgrthaber.com\/mavikadin\/wp-content\/uploads\/4-287-768x432.png 768w\" sizes=\"(max-width: 1208px) 100vw, 1208px\" \/><\/p>\n<hr \/>\n<h3>EL\u0130F MELDA YILMAZ&#8217;IN \u00d6ZEL HAYATINA DA\u0130R MERAK ED\u0130LENLER<\/h3>\n<p>Elif Melda Y\u0131lmaz, 2010 y\u0131l\u0131nda Koray Hatipo\u011flu ile hayat\u0131n\u0131 birle\u015ftirdi. Kariyerine hem tiyatrodaki hem de televizyon dizilerinde aktif olarak devam eden Y\u0131lmaz, sosyal medya hesaplar\u0131 \u00fczerinden takip\u00e7ileriyle etkile\u015fimde bulunuyor.<\/p>\n<p>Elif Melda Y\u0131lmaz&#8217;\u0131n K\u0131z\u0131lc\u0131k \u015eerbeti&#8217;ndeki performans\u0131 \u015fimdiden merak konusu. Dizinin yeni b\u00f6l\u00fcmlerinde Beril karakterinin senaryoya nas\u0131l bir giri\u015f yapaca\u011f\u0131 izleyiciler taraf\u0131ndan heyecanla bekleniyor.<\/p>\n","protected":false},"excerpt":{"rendered":"<p>Ekranlar\u0131n en \u00e7ok sevilen projelerinden biri olan K\u0131z\u0131lc\u0131k \u015eerbeti&#8217;ne yeni bir isim dahil oluyor. Elif Melda Y\u0131lmaz K\u0131v\u0131lc\u0131m karakterinin alr kom\u015fusu Beril&#8217;i oynamak \u00fczere senaryoya dahil oldu. Daha \u00f6nce &#8220;Kurtlar Vadisi Pusu&#8221; dizisinde Meryem karakterini oynayarak ad\u0131n\u0131 geni\u015f kitlelere duyuran sanat\u00e7\u0131 ayn\u0131 zamanda &#8220;A\u015fk\u0131n Tarifi&#8221; ve &#8220;Yarg\u0131&#8221; gibi yap\u0131mlarda da yer alm\u0131\u015f. Peki, Elif Melda Y\u0131lmaz kimdir? \u0130\u015fte oyuncunun kariyeri ve \u00f6zel hayat\u0131na dair merak edilenler&#8230;<\/p>\n","protected":false},"author":28,"featured_media":142834,"comment_status":"closed","ping_status":"closed","sticky":false,"template":"","format":"standard","meta":{"rank_math_lock_modified_date":true,"footnotes":""},"categories":[491],"tags":[13174,13175,13176,13173],"class_list":["post-142825","post","type-post","status-publish","format-standard","has-post-thumbnail","hentry","category-biyografi","tag-elif-melda-yilmaz","tag-elif-melda-yilmaz-kimdir","tag-elif-melda-yilmaz-oynadigi-diziler","tag-kizilcik-serbeti-beril"],"_links":{"self":[{"href":"https:\/\/www.tgrthaber.com\/mavikadin\/wp-json\/wp\/v2\/posts\/142825"}],"collection":[{"href":"https:\/\/www.tgrthaber.com\/mavikadin\/wp-json\/wp\/v2\/posts"}],"about":[{"href":"https:\/\/www.tgrthaber.com\/mavikadin\/wp-json\/wp\/v2\/types\/post"}],"author":[{"embeddable":true,"href":"https:\/\/www.tgrthaber.com\/mavikadin\/wp-json\/wp\/v2\/users\/28"}],"replies":[{"embeddable":true,"href":"https:\/\/www.tgrthaber.com\/mavikadin\/wp-json\/wp\/v2\/comments?post=142825"}],"version-history":[{"count":2,"href":"https:\/\/www.tgrthaber.com\/mavikadin\/wp-json\/wp\/v2\/posts\/142825\/revisions"}],"predecessor-version":[{"id":147202,"href":"https:\/\/www.tgrthaber.com\/mavikadin\/wp-json\/wp\/v2\/posts\/142825\/revisions\/147202"}],"wp:featuredmedia":[{"embeddable":true,"href":"https:\/\/www.tgrthaber.com\/mavikadin\/wp-json\/wp\/v2\/media\/142834"}],"wp:attachment":[{"href":"https:\/\/www.tgrthaber.com\/mavikadin\/wp-json\/wp\/v2\/media?parent=142825"}],"wp:term":[{"taxonomy":"category","embeddable":true,"href":"https:\/\/www.tgrthaber.com\/mavikadin\/wp-json\/wp\/v2\/categories?post=142825"},{"taxonomy":"post_tag","embeddable":true,"href":"https:\/\/www.tgrthaber.com\/mavikadin\/wp-json\/wp\/v2\/tags?post=142825"}],"curies":[{"name":"wp","href":"https:\/\/api.w.org\/{rel}","templated":true}]}}