{"id":142847,"date":"2025-03-06T11:47:52","date_gmt":"2025-03-06T08:47:52","guid":{"rendered":"https:\/\/www.tgrthaber.com\/mavikadin\/?p=142847"},"modified":"2025-03-06T11:47:52","modified_gmt":"2025-03-06T08:47:52","slug":"sandik-kokusu-48-bolumde-neler-oldu-sandik-kokusu-49-bolum-fragmani","status":"publish","type":"post","link":"https:\/\/www.tgrthaber.com\/mavikadin\/sandik-kokusu-48-bolumde-neler-oldu-sandik-kokusu-49-bolum-fragmani\/","title":{"rendered":"Sand\u0131k Kokusu 48. b\u00f6l\u00fcmde neler oldu? Sand\u0131k Kokusu 49. b\u00f6l\u00fcm fragman\u0131"},"content":{"rendered":"<p>Show TV ekranlar\u0131n\u0131n b\u00fcy\u00fck bir ilgiyle takip edilen dizisi Sand\u0131k Kokusu, yeni b\u00f6l\u00fcmleriyle izleyiciye heyecan dolu anlar ya\u015fatmaya devam ediyor. Ge\u00e7ti\u011fimiz ak\u015fam 48. b\u00f6l\u00fcm\u00fcyle izleyici kar\u015f\u0131s\u0131na \u00e7\u0131kan dizi, seyirciden tam not ald\u0131. \u0130zleyiciler 48. B\u00f6l\u00fcmde neler oldu\u011funu merak etti. 49. b\u00f6l\u00fcm fragman\u0131n\u0131n yay\u0131nlan\u0131p yay\u0131nlanmad\u0131\u011f\u0131 da merak edilenler aras\u0131nda yer ald\u0131. Peki, Sand\u0131k Kokusu 48. b\u00f6l\u00fcmde neler oldu? Sand\u0131k Kokusu 49. b\u00f6l\u00fcm fragman\u0131nda neler olacak? \u0130\u015fte detaylar\u2026<\/p>\n<h3>SANDIK KOKUSU 48. B\u00d6L\u00dcMDE NELER OLDU?<\/h3>\n<p>Show TV ekranlar\u0131n\u0131n sevilen dizisi Sand\u0131k Kokusu\u2019nun son b\u00f6l\u00fcm\u00fcnde heyecanl\u0131 dakikalar ya\u015fand\u0131. Yeni b\u00f6l\u00fcmleriyle izleyiciyi ekran ba\u015f\u0131na kilitleyen dizi, yay\u0131nlanan son b\u00f6l\u00fcm\u00fcyle seyirciden tam puan ald\u0131. Ge\u00e7ti\u011fimiz ak\u015fam 48. b\u00f6l\u00fcm\u00fcyle ekranlara gelen dizide neler oldu\u011fu da merak edildi. Sand\u0131k Kokusu\u2019nun 48. b\u00f6l\u00fcm\u00fcnde; Nazan, kamera kay\u0131tlar\u0131n\u0131 g\u00f6sterince Bora ve Karsu\u2018nun kafas\u0131 kar\u0131\u015ft\u0131. Karsu, h\u0131zl\u0131ca konuyu bie sonuca ula\u015ft\u0131rmak i\u00e7in Filiz\u2019i arad\u0131 ve y\u00fczle\u015fmek i\u00e7in hepsini bir araya getirdi.<\/p>\n<p><img loading=\"lazy\" decoding=\"async\" class=\"alignnone wp-image-142849\" src=\"https:\/\/www.tgrthaber.com\/mavikadin\/wp-content\/uploads\/Sandik-Kokusu-10-1024x576.jpg\" alt=\"Sand\u0131k Kokusu 48. b\u00f6l\u00fcmde neler oldu? \" width=\"1208\" height=\"680\" title=\"\" srcset=\"https:\/\/www.tgrthaber.com\/mavikadin\/wp-content\/uploads\/Sandik-Kokusu-10-1024x576.jpg 1024w, https:\/\/www.tgrthaber.com\/mavikadin\/wp-content\/uploads\/Sandik-Kokusu-10-300x169.jpg 300w, https:\/\/www.tgrthaber.com\/mavikadin\/wp-content\/uploads\/Sandik-Kokusu-10-768x432.jpg 768w, https:\/\/www.tgrthaber.com\/mavikadin\/wp-content\/uploads\/Sandik-Kokusu-10-1536x864.jpg 1536w, https:\/\/www.tgrthaber.com\/mavikadin\/wp-content\/uploads\/Sandik-Kokusu-10.jpg 1600w\" sizes=\"(max-width: 1208px) 100vw, 1208px\" \/><\/p>\n<hr \/>\n<p>Ay\u00e7a\u2019n\u0131n Hakan\u2019\u0131 ka\u00e7\u0131rmas\u0131 \u00fczerine tekrar bir araya gelen ikili \u00e7ok mutlu oldu. Bora ve Karsu biraz olsun rahatlaman\u0131n ard\u0131ndan birlikte vakit ge\u00e7irmek istedi. Ancak \u015firketin sat\u0131\u015f\u0131 nedeniyle Bora yo\u011fundu. Karsu, Bora\u2019n\u0131n yan\u0131nda olmak istese de, Bora art\u0131k Karsu\u2019nun asistan\u0131 gibi \u00e7al\u0131\u015fmas\u0131ndan ho\u015flanmad\u0131\u011f\u0131n\u0131 s\u00f6yledi.<\/p>\n<h3>KIVAN\u00c7 VE IRMAK VEDA ETT\u0130!<\/h3>\n<p>K\u0131van\u00e7\u2019\u0131n depremzedelerle ilgili ald\u0131\u011f\u0131 davalar yolunda gidince, yan\u0131nda \u00e7al\u0131\u015ft\u0131\u011f\u0131 Demir ona bir teklifte bulundu. K\u0131van\u00e7 ise bu teklifi Irmak\u2019la payla\u015ft\u0131. K\u0131van\u00e7 t\u00fcm karar\u0131 Irmak\u2019a b\u0131rak\u0131rken, ikili teklifi kabul ederek diziye veda etti.<\/p>\n<p><img loading=\"lazy\" decoding=\"async\" class=\"alignnone wp-image-142850\" src=\"https:\/\/www.tgrthaber.com\/mavikadin\/wp-content\/uploads\/Sandik-Kokusu-2-5-1024x576.jpg\" alt=\"Sand\u0131k Kokusu 48. b\u00f6l\u00fcmde neler oldu? \" width=\"1208\" height=\"680\" title=\"\" srcset=\"https:\/\/www.tgrthaber.com\/mavikadin\/wp-content\/uploads\/Sandik-Kokusu-2-5-1024x576.jpg 1024w, https:\/\/www.tgrthaber.com\/mavikadin\/wp-content\/uploads\/Sandik-Kokusu-2-5-300x169.jpg 300w, https:\/\/www.tgrthaber.com\/mavikadin\/wp-content\/uploads\/Sandik-Kokusu-2-5-768x432.jpg 768w, https:\/\/www.tgrthaber.com\/mavikadin\/wp-content\/uploads\/Sandik-Kokusu-2-5-1536x864.jpg 1536w, https:\/\/www.tgrthaber.com\/mavikadin\/wp-content\/uploads\/Sandik-Kokusu-2-5.jpg 1600w\" sizes=\"(max-width: 1208px) 100vw, 1208px\" \/><\/p>\n<hr \/>\n<p>Di\u011fer yandan Filiz, G\u00fclnaz ve T\u00fcrkan, Nazan\u2019a bir oyun oynamaya karar verdi. Ekrem\u2019i g\u00fczelce giydirip tesad\u00fcfm\u00fc\u015f gibi Nazan\u2019\u0131n kar\u015f\u0131s\u0131na \u00e7\u0131kard\u0131lar. Ama\u00e7lar\u0131 ise Nazan\u2019\u0131 Ekrem\u2019e a\u015f\u0131k etmekti.<\/p>\n<h3>SANDIK KOKUSU 49. B\u00d6L\u00dcM FRAGMANI!<\/h3>\n<p>Show TV\u2019nin b\u00fcy\u00fck bir ilgiyle takip edilen dizisi Sand\u0131k Kokusu\u2019nun 49. b\u00f6l\u00fcm fragman\u0131 yay\u0131nland\u0131. \u0130zleyiciyi heyecan dolu dakikalar\u0131n bekledi\u011fi 49. b\u00f6l\u00fcm fragman\u0131 izleyici taraf\u0131ndan \u00e7ok be\u011fenildi. Yeni b\u00f6l\u00fcm\u00fcyle izleyiciyi ekran ba\u015f\u0131na kilitleyecek olan Sand\u0131k Kokusu dizisinin gelecek b\u00f6l\u00fcm\u00fcnde Karsu ve Bora aras\u0131nda ufak bir gerilim ya\u015fanacak gibi duruyor. Dizinin yeni b\u00f6l\u00fcm fragman\u0131n\u0131n yay\u0131nlanmas\u0131yla birlikte izleyiciler gelecek b\u00f6l\u00fcmde neler olaca\u011f\u0131n\u0131 merak etti.<\/p>\n<div style=\"width: 640px;\" class=\"wp-video\"><!--[if lt IE 9]><script>document.createElement('video');<\/script><![endif]-->\n<video class=\"wp-video-shortcode\" id=\"video-142847-1\" width=\"640\" height=\"360\" preload=\"metadata\" controls=\"controls\"><source type=\"video\/mp4\" src=\"https:\/\/www.tgrthaber.com\/mavikadin\/wp-content\/uploads\/Sandik-Kokusu-fragman.mp4?_=1\" \/><a href=\"https:\/\/www.tgrthaber.com\/mavikadin\/wp-content\/uploads\/Sandik-Kokusu-fragman.mp4\">https:\/\/www.tgrthaber.com\/mavikadin\/wp-content\/uploads\/Sandik-Kokusu-fragman.mp4<\/a><\/video><\/div>\n<p>Sand\u0131k Kokusu\u2019nun yeni b\u00f6l\u00fcm fragman\u0131nda Karsu\u2019nun Bora\u2019ya kar\u015f\u0131 k\u0131skan\u00e7 tav\u0131rlar\u0131 dikkat \u00e7ekti. Di\u011fer yandan Ay\u00e7a ve Hakan\u2019\u0131n a\u015fk\u0131 tam gaz ilerlerken Hakan\u2019\u0131n halas\u0131n\u0131n gelmesiyle birlikte i\u015fler kar\u0131\u015facakt\u0131r. Hakan\u2019\u0131n halas\u0131 yaln\u0131zca Ay\u00e7a ve Hakan\u2019\u0131n ili\u015fkisine de\u011fil ayn\u0131 zamanda G\u00fclnaz ve \u0130hsan\u2019\u0131n ili\u015fkisine de el atacakt\u0131r. \u00d6te yandan Filiz\u2019in Nazan\u2019a kar\u015f\u0131 plan\u0131 devam ederken, Nazan\u2019\u0131n durumu fark etmesiyle ortal\u0131k kar\u0131\u015facakt\u0131r.<\/p>\n","protected":false},"excerpt":{"rendered":"<p>Show TV ekranlar\u0131n\u0131n sevilen dizisi Sand\u0131k Kokusu ge\u00e7ti\u011fimiz ak\u015fam 48. b\u00f6l\u00fcm\u00fcyle izleyici kar\u015f\u0131s\u0131na \u00e7\u0131kt\u0131. Dizinin son b\u00f6l\u00fcm\u00fcnde neler oldu\u011fu ve gelecek b\u00f6l\u00fcm fragman\u0131n\u0131n yay\u0131nlan\u0131p yay\u0131nlanmad\u0131\u011f\u0131 merak edildi. \u0130\u015fte detaylar\u2026 <\/p>\n","protected":false},"author":26,"featured_media":142848,"comment_status":"closed","ping_status":"closed","sticky":false,"template":"","format":"standard","meta":{"rank_math_lock_modified_date":false,"footnotes":""},"categories":[602],"tags":[],"class_list":["post-142847","post","type-post","status-publish","format-standard","has-post-thumbnail","hentry","category-diziler"],"_links":{"self":[{"href":"https:\/\/www.tgrthaber.com\/mavikadin\/wp-json\/wp\/v2\/posts\/142847"}],"collection":[{"href":"https:\/\/www.tgrthaber.com\/mavikadin\/wp-json\/wp\/v2\/posts"}],"about":[{"href":"https:\/\/www.tgrthaber.com\/mavikadin\/wp-json\/wp\/v2\/types\/post"}],"author":[{"embeddable":true,"href":"https:\/\/www.tgrthaber.com\/mavikadin\/wp-json\/wp\/v2\/users\/26"}],"replies":[{"embeddable":true,"href":"https:\/\/www.tgrthaber.com\/mavikadin\/wp-json\/wp\/v2\/comments?post=142847"}],"version-history":[{"count":2,"href":"https:\/\/www.tgrthaber.com\/mavikadin\/wp-json\/wp\/v2\/posts\/142847\/revisions"}],"predecessor-version":[{"id":142857,"href":"https:\/\/www.tgrthaber.com\/mavikadin\/wp-json\/wp\/v2\/posts\/142847\/revisions\/142857"}],"wp:featuredmedia":[{"embeddable":true,"href":"https:\/\/www.tgrthaber.com\/mavikadin\/wp-json\/wp\/v2\/media\/142848"}],"wp:attachment":[{"href":"https:\/\/www.tgrthaber.com\/mavikadin\/wp-json\/wp\/v2\/media?parent=142847"}],"wp:term":[{"taxonomy":"category","embeddable":true,"href":"https:\/\/www.tgrthaber.com\/mavikadin\/wp-json\/wp\/v2\/categories?post=142847"},{"taxonomy":"post_tag","embeddable":true,"href":"https:\/\/www.tgrthaber.com\/mavikadin\/wp-json\/wp\/v2\/tags?post=142847"}],"curies":[{"name":"wp","href":"https:\/\/api.w.org\/{rel}","templated":true}]}}