{"id":142910,"date":"2025-03-06T13:30:35","date_gmt":"2025-03-06T10:30:35","guid":{"rendered":"https:\/\/www.tgrthaber.com\/mavikadin\/?p=142910"},"modified":"2025-03-06T13:30:34","modified_gmt":"2025-03-06T10:30:34","slug":"inci-tanelerinin-semiramisi-bestemsu-ozdemir-yeni-imajiyla-izleyiciyi-sasirtti","status":"publish","type":"post","link":"https:\/\/www.tgrthaber.com\/mavikadin\/inci-tanelerinin-semiramisi-bestemsu-ozdemir-yeni-imajiyla-izleyiciyi-sasirtti\/","title":{"rendered":"\u0130nci Taneleri&#8217;nin Semiramis&#8217;i Bestemsu \u00d6zdemir yeni imaj\u0131yla izleyiciyi \u015fa\u015f\u0131rtt\u0131"},"content":{"rendered":"<p>Kanal D&#8217;nin sevilen dizisi \u0130nci Taneleri&#8217;nin yeni sezonunda, Semiramis karakterini hayata ge\u00e7iren Bestemsu \u00d6zdemir, izleyicilerin ve medyan\u0131n dikkatini \u00e7eken cesur bir stil de\u011fi\u015fimi yapt\u0131. Bir dizi \u00e7arp\u0131c\u0131 imaj de\u011fi\u015fikli\u011fiyle, yetenekli oyuncu g\u00f6r\u00fcn\u00fcm\u00fcn\u00fc Semiramis&#8217;in gizemli ve dinamik rol\u00fcn\u00fc m\u00fckemmel bir \u015fekilde oynayacak \u015fekilde yeniden tan\u0131mlad\u0131.<\/p>\n<h3>BESTEMSU \u00d6ZDEM\u0130R YEN\u0130 \u0130MAJIYLA<\/h3>\n<p>Aslen do\u011fal esmer sa\u00e7lar\u0131yla tan\u0131nan Bestemsu \u00d6zdemir, rol\u00fc i\u00e7in dramatik bir d\u00f6n\u00fc\u015f\u00fcm\u00fc benimsedi. Ba\u015flang\u0131\u00e7ta, Semiramis olarak ilk kez sa\u00e7lar\u0131n\u0131 sar\u0131ya boyatarak \u00e7\u0131k\u0131\u015f yapt\u0131; bu se\u00e7im onu \u200b\u200bhemen farkl\u0131 k\u0131ld\u0131 ve karakterin canl\u0131 ki\u015fili\u011fine i\u015faret etti. Bununla yetinmedi, daha sonra sa\u00e7lar\u0131n\u0131 k\u0131sa kestirip kahverengiye boyatarak ba\u015fka bir radikal de\u011fi\u015fiklik daha yapt\u0131, ekrandaki varl\u0131\u011f\u0131n\u0131 daha da art\u0131rd\u0131 ve karaktere olan ba\u011fl\u0131l\u0131\u011f\u0131n\u0131 vurgulad\u0131.<\/p>\n<p><img loading=\"lazy\" decoding=\"async\" class=\"alignnone wp-image-142926\" src=\"https:\/\/www.tgrthaber.com\/mavikadin\/wp-content\/uploads\/2-355.png\" alt=\"\" width=\"1208\" height=\"680\" title=\"\" srcset=\"https:\/\/www.tgrthaber.com\/mavikadin\/wp-content\/uploads\/2-355.png 1280w, https:\/\/www.tgrthaber.com\/mavikadin\/wp-content\/uploads\/2-355-300x169.png 300w, https:\/\/www.tgrthaber.com\/mavikadin\/wp-content\/uploads\/2-355-1024x576.png 1024w, https:\/\/www.tgrthaber.com\/mavikadin\/wp-content\/uploads\/2-355-768x432.png 768w\" sizes=\"(max-width: 1208px) 100vw, 1208px\" \/><\/p>\n<hr \/>\n<h3>&#8220;\u0130NC\u0130 TANELER\u0130&#8221;NDE SEM\u0130RAM\u0130S&#8217;\u0130N ROL\u00dc<\/h3>\n<p>\u0130nci Taneleri&#8217;nde Semiramis, Kubilay Aka&#8217;n\u0131n muhte\u015fem bir \u015fekilde oynad\u0131\u011f\u0131 Cihan karakterinin orta\u011f\u0131 olarak tan\u0131t\u0131l\u0131yor. Rol, Bestemsu&#8217;nun d\u00f6n\u00fc\u015ft\u00fcr\u00fclm\u00fc\u015f imaj\u0131n\u0131n art\u0131k canl\u0131 bir \u015fekilde yans\u0131tt\u0131\u011f\u0131 nitelikler olan g\u00fc\u00e7, gizem ve karma\u015f\u0131kl\u0131\u011f\u0131n bir kar\u0131\u015f\u0131m\u0131n\u0131 gerektiriyor. Geli\u015fen g\u00f6r\u00fcn\u00fcm\u00fc, Semiramis&#8217;in derinli\u011fini ve karma\u015f\u0131kl\u0131\u011f\u0131n\u0131 aktarmada \u00f6nemli bir unsur olarak g\u00f6r\u00fcl\u00fcyor ve hikayeye yeni bir boyut katma ve gelecek b\u00f6l\u00fcmlerde izleyicileri b\u00fcy\u00fcleme s\u00f6z\u00fc veriyor.<\/p>\n<p><img loading=\"lazy\" decoding=\"async\" class=\"alignnone wp-image-142928\" src=\"https:\/\/www.tgrthaber.com\/mavikadin\/wp-content\/uploads\/4-292.png\" alt=\"\" width=\"1208\" height=\"680\" title=\"\" srcset=\"https:\/\/www.tgrthaber.com\/mavikadin\/wp-content\/uploads\/4-292.png 1280w, https:\/\/www.tgrthaber.com\/mavikadin\/wp-content\/uploads\/4-292-300x169.png 300w, https:\/\/www.tgrthaber.com\/mavikadin\/wp-content\/uploads\/4-292-1024x576.png 1024w, https:\/\/www.tgrthaber.com\/mavikadin\/wp-content\/uploads\/4-292-768x432.png 768w\" sizes=\"(max-width: 1208px) 100vw, 1208px\" \/><\/p>\n<hr \/>\n<h3>BESTEMSU \u00d6ZDEM\u0130R HAKKINDA<\/h3>\n<p>1992&#8217;de \u0130stanbul&#8217;da do\u011fan Bestemsu \u00d6zdemir, sekt\u00f6rde sa\u011flam bir \u00fcne kavu\u015ftu. \u0130nci Taneleri&#8217;ndeki rol\u00fcnden \u00f6nce Kara Para A\u015fk gibi pop\u00fcler yap\u0131mlardaki performanslar\u0131yla dikkat \u00e7ekti. Her projede, \u00e7ok y\u00f6nl\u00fcl\u00fc\u011f\u00fcn\u00fc ve zanaat\u0131na olan ba\u011fl\u0131l\u0131\u011f\u0131n\u0131 g\u00f6sterdi ve son d\u00f6n\u00fc\u015f\u00fcm\u00fc, y\u00fckselen bir y\u0131ld\u0131z olarak stat\u00fcs\u00fcn\u00fc daha da sa\u011flamla\u015ft\u0131rd\u0131.<\/p>\n<p><img loading=\"lazy\" decoding=\"async\" class=\"alignnone wp-image-142927\" src=\"https:\/\/www.tgrthaber.com\/mavikadin\/wp-content\/uploads\/3-354.png\" alt=\"\" width=\"1208\" height=\"680\" title=\"\" srcset=\"https:\/\/www.tgrthaber.com\/mavikadin\/wp-content\/uploads\/3-354.png 1280w, https:\/\/www.tgrthaber.com\/mavikadin\/wp-content\/uploads\/3-354-300x169.png 300w, https:\/\/www.tgrthaber.com\/mavikadin\/wp-content\/uploads\/3-354-1024x576.png 1024w, https:\/\/www.tgrthaber.com\/mavikadin\/wp-content\/uploads\/3-354-768x432.png 768w\" sizes=\"(max-width: 1208px) 100vw, 1208px\" \/><\/p>\n<hr \/>\n<p>Bestemsu&#8217;nun g\u00f6r\u00fcn\u00fcm\u00fcndeki \u00e7arp\u0131c\u0131 de\u011fi\u015fiklikler, sosyal medya ve haber kurulu\u015flar\u0131nda bir tepki dalgas\u0131na yol a\u00e7t\u0131. Hayranlar, Semiramis&#8217;in yeni yorumu i\u00e7in heyecan ve hayranl\u0131klar\u0131n\u0131 dile getirirken, medya kurulu\u015flar\u0131 aktrisin karakterinin g\u00f6r\u00fcn\u00fcm\u00fcn\u00fc yeniden tan\u0131mlama konusundaki korkusuz yakla\u015f\u0131m\u0131 i\u00e7in \u00f6vg\u00fcde bulundu. Bu yenilenen imaj\u0131n, karakterin sezon boyunca geli\u015fiminde \u00f6nemli bir rol oynamas\u0131 ve geli\u015fen senaryoya ekstra bir entrika katmas\u0131 bekleniyor.<\/p>\n","protected":false},"excerpt":{"rendered":"<p>T\u00fcrk televizyonunun y\u00fckselen y\u0131ld\u0131z\u0131 Bestemsu \u00d6zdemir, Kanal D&#8217;nin hit dizisi \u0130nci Taneleri&#8217;nde Semiramis rol\u00fcyle dramatik yeni g\u00f6r\u00fcn\u00fcm\u00fcyle dikkatleri \u00fczerine \u00e7ekiyor. Ekrandaki ki\u015fili\u011fini cesurca yeniden yorumlayarak, bilindik esmer stilinden \u00e7arp\u0131c\u0131 bir sar\u0131\u015f\u0131na ve ard\u0131ndan \u015f\u0131k, k\u0131sa kahverengi bir g\u00f6r\u00fcn\u00fcme ge\u00e7i\u015f yapt\u0131. Bu \u00e7arp\u0131c\u0131 d\u00f6n\u00fc\u015f\u00fcm, Kubilay Aka&#8217;n\u0131n karakteri Cihan&#8217;\u0131n orta\u011f\u0131 olan gizemli Semiramis&#8217;i oynamas\u0131n\u0131 y\u00fckseltmekle kalm\u0131yor, ayn\u0131 zamanda hayranlar\u0131 ve ele\u015ftirmenleri b\u00fcy\u00fcleyen kariyerinde \u00f6nemli bir an\u0131 da i\u015faret ediyor.<\/p>\n","protected":false},"author":28,"featured_media":142931,"comment_status":"closed","ping_status":"closed","sticky":false,"template":"","format":"standard","meta":{"rank_math_lock_modified_date":true,"footnotes":""},"categories":[76],"tags":[2522,3034,13202],"class_list":["post-142910","post","type-post","status-publish","format-standard","has-post-thumbnail","hentry","category-magazin","tag-bestemsu-ozdemir","tag-inci-taneleri","tag-semiramis"],"_links":{"self":[{"href":"https:\/\/www.tgrthaber.com\/mavikadin\/wp-json\/wp\/v2\/posts\/142910"}],"collection":[{"href":"https:\/\/www.tgrthaber.com\/mavikadin\/wp-json\/wp\/v2\/posts"}],"about":[{"href":"https:\/\/www.tgrthaber.com\/mavikadin\/wp-json\/wp\/v2\/types\/post"}],"author":[{"embeddable":true,"href":"https:\/\/www.tgrthaber.com\/mavikadin\/wp-json\/wp\/v2\/users\/28"}],"replies":[{"embeddable":true,"href":"https:\/\/www.tgrthaber.com\/mavikadin\/wp-json\/wp\/v2\/comments?post=142910"}],"version-history":[{"count":1,"href":"https:\/\/www.tgrthaber.com\/mavikadin\/wp-json\/wp\/v2\/posts\/142910\/revisions"}],"predecessor-version":[{"id":142936,"href":"https:\/\/www.tgrthaber.com\/mavikadin\/wp-json\/wp\/v2\/posts\/142910\/revisions\/142936"}],"wp:featuredmedia":[{"embeddable":true,"href":"https:\/\/www.tgrthaber.com\/mavikadin\/wp-json\/wp\/v2\/media\/142931"}],"wp:attachment":[{"href":"https:\/\/www.tgrthaber.com\/mavikadin\/wp-json\/wp\/v2\/media?parent=142910"}],"wp:term":[{"taxonomy":"category","embeddable":true,"href":"https:\/\/www.tgrthaber.com\/mavikadin\/wp-json\/wp\/v2\/categories?post=142910"},{"taxonomy":"post_tag","embeddable":true,"href":"https:\/\/www.tgrthaber.com\/mavikadin\/wp-json\/wp\/v2\/tags?post=142910"}],"curies":[{"name":"wp","href":"https:\/\/api.w.org\/{rel}","templated":true}]}}