{"id":142916,"date":"2025-03-06T13:43:15","date_gmt":"2025-03-06T10:43:15","guid":{"rendered":"https:\/\/www.tgrthaber.com\/mavikadin\/?p=142916"},"modified":"2025-03-06T13:43:15","modified_gmt":"2025-03-06T10:43:15","slug":"tugba-coskun-kimdir-kac-yasinda-meslegi-ne-ve-kimlerle-evlendi","status":"publish","type":"post","link":"https:\/\/www.tgrthaber.com\/mavikadin\/tugba-coskun-kimdir-kac-yasinda-meslegi-ne-ve-kimlerle-evlendi\/","title":{"rendered":"Tu\u011fba Co\u015fkun kimdir? Ka\u00e7 ya\u015f\u0131nda, mesle\u011fi ne ve kimlerle evlendi?"},"content":{"rendered":"<p>Be\u015fikta\u015f&#8217;\u0131n eski ba\u015fkan\u0131 Fikret Orman&#8217;\u0131n sevgilisi, \u00fcnl\u00fcler camias\u0131nda pek \u00e7ok \u00fcnl\u00fc isimlerin beslenme uzman\u0131 ve ya\u015fam ko\u00e7u \u015eeyda Co\u015fkun&#8217;un karde\u015fi olan Tu\u011fba Co\u015fkun, son zamanlarda magazin g\u00fcndeminde ad\u0131ndan s\u0131kl\u0131kla bahsettiren \u00fcnl\u00fclerden biriydi.<\/p>\n<p>\u015eimdilerde ise 7 sene boyunca beraber oldu\u011fu Be\u015fikta\u015f tak\u0131m\u0131n\u0131n eski ba\u015fkanlar\u0131ndan olan Fikret Orman ile yollar\u0131n\u0131 ay\u0131rd\u0131\u011f\u0131 iddias\u0131 ile g\u00fcndemde!<\/p>\n<p>Peki Fikret Orman&#8217;\u0131n sevgilisi, sunucu ve \u015fovmen Mehmet Ali Erbil&#8217;in ise eski e\u015fi olan Tu\u011fba Co\u015fkun kimdir? Tu\u011fba Co\u015fkun ka\u00e7 ya\u015f\u0131nda, hangi mesle\u011fi yap\u0131yor ve kimlerle evlendi? \u0130\u015fte Tu\u011fba Co\u015fkun hakk\u0131nda merak edilen t\u00fcm detaylar&#8230;<\/p>\n<h3>F\u0130KRET ORMAN&#8217;IN SEVG\u0130L\u0130S\u0130 TU\u011eBA CO\u015eKUN K\u0130MD\u0130R, KA\u00c7 YA\u015eINDA?<\/h3>\n<p>1979 tarihinde d\u00fcnyaya g\u00f6zlerini a\u00e7an sosyetik isim Tu\u011fba Co\u015fkun, 46 ya\u015f\u0131nda olup yay burcu \u00f6zelliklerine sahiptir.<\/p>\n<p><img loading=\"lazy\" decoding=\"async\" class=\"alignnone wp-image-142938\" src=\"https:\/\/www.tgrthaber.com\/mavikadin\/wp-content\/uploads\/DD-12.png\" alt=\"\" width=\"1208\" height=\"684\" title=\"\" srcset=\"https:\/\/www.tgrthaber.com\/mavikadin\/wp-content\/uploads\/DD-12.png 1063w, https:\/\/www.tgrthaber.com\/mavikadin\/wp-content\/uploads\/DD-12-300x170.png 300w, https:\/\/www.tgrthaber.com\/mavikadin\/wp-content\/uploads\/DD-12-1024x580.png 1024w, https:\/\/www.tgrthaber.com\/mavikadin\/wp-content\/uploads\/DD-12-768x435.png 768w\" sizes=\"(max-width: 1208px) 100vw, 1208px\" \/><\/p>\n<hr \/>\n<p>\u00dcnl\u00fc ya\u015fam ko\u00e7u \u015eeyda Co\u015fkun&#8217;un k\u0131z karde\u015fi ve \u00fcnl\u00fc \u015fovmen Mehmet Ali Erbil&#8217;in de eski e\u015fi olan Tu\u011fba Co\u015fkun&#8217;un Mehmet Ali Erbil&#8217;den &#8216;Ali Sadi&#8217; isminde bir o\u011flu vard\u0131r.<\/p>\n<h3>TU\u011eBA CO\u015eKUN HANG\u0130 B\u00d6L\u00dcM\u00dc OKUDU, MESLE\u011e\u0130 NE?<\/h3>\n<p>Hacettepe \u00dcniversitesi Protohistorya ve \u00d6nasya Arkeolojisi b\u00f6l\u00fcm\u00fcn\u00fc ba\u015far\u0131l\u0131 bir \u015fekilde bitirip mezuniyet belgesini eline alan Tu\u011fba Co\u015fkun, y\u00fcksek lisans\u0131n\u0131 ise Mimar Sinan G\u00fczel Sanatlar \u00dcniversitesi Sanat Tarihi alan\u0131nda yapt\u0131. Sosyetik isim Co\u015fkun daha sonra yine Mimar Sinan G\u00fczel Sanatlar \u00dcniversitesi Sanat Tarihi alan\u0131nda doktora e\u011fitimine ba\u015flad\u0131.<\/p>\n<h3>TU\u011eBA CO\u015eKUN K\u0130MLERLE EVLEND\u0130? NEDEN BO\u015eANDI?<\/h3>\n<p>2005 y\u0131l\u0131nda sunucu ve \u015fovmen Mehmet Ali Erbil&#8217;le d\u00fcnyaevine giren Tu\u011fba Co\u015fkun, be\u015f sene boyunca beraber oldu\u011fu evlili\u011fini aldatma gerek\u00e7esinden dolay\u0131 bitirdi.<\/p>\n<p><img loading=\"lazy\" decoding=\"async\" class=\"alignnone wp-image-142939\" src=\"https:\/\/www.tgrthaber.com\/mavikadin\/wp-content\/uploads\/FFWW.png\" alt=\"\" width=\"1208\" height=\"728\" title=\"\" srcset=\"https:\/\/www.tgrthaber.com\/mavikadin\/wp-content\/uploads\/FFWW.png 830w, https:\/\/www.tgrthaber.com\/mavikadin\/wp-content\/uploads\/FFWW-300x181.png 300w, https:\/\/www.tgrthaber.com\/mavikadin\/wp-content\/uploads\/FFWW-768x463.png 768w\" sizes=\"(max-width: 1208px) 100vw, 1208px\" \/><\/p>\n<hr \/>\n<p>46 ya\u015f\u0131ndaki tan\u0131nan isim Tu\u011fba Co\u015fkun, yedi senedir Be\u015fikta\u015f&#8217;\u0131n eski ba\u015fkan\u0131 olan Fikret Orman ile beraber ili\u015fki s\u00fcrd\u00fcr\u00fcr iken magazin g\u00fcndemini sarsan yeni bir geli\u015fme ya\u015fand\u0131. \u00c7iftin yollar\u0131n\u0131 ay\u0131rd\u0131\u011f\u0131 y\u00f6n\u00fcnde \u00e7\u0131kan haberler, Co\u015fkun&#8217;un Ormanla beraber olan foto\u011fraflar\u0131n\u0131 silmesi \u00fczerine iddialar\u0131 g\u00fc\u00e7lendirdi.<\/p>\n<h3>TU\u011eBA CO\u015eKUN&#8217;UN SOSYAL MEDYASI:<\/h3>\n<p>Tu\u011fba Co\u015fkun,\u00a0 Instagram&#8217;da @tugbana kullan\u0131c\u0131 ad\u0131n\u0131 kullanmaktad\u0131r.<\/p>\n<p>&nbsp;<\/p>\n","protected":false},"excerpt":{"rendered":"<p>Magazin g\u00fcndemine oturan bomba iddia Fikret Orman ile Tu\u011fba Co\u015fkun&#8217;un ayr\u0131l\u0131k haberleri Co\u015fkun&#8217;un kim oldu\u011funu daha da merak ettirdi. Peki Fikret Orman&#8217;\u0131n sevgilisi Tu\u011fba Co\u015fkun kimdir? Tu\u011fba Co\u015fkun kimlerle evlendi, ka\u00e7 ya\u015f\u0131nda?<\/p>\n","protected":false},"author":27,"featured_media":142940,"comment_status":"closed","ping_status":"closed","sticky":false,"template":"","format":"standard","meta":{"rank_math_lock_modified_date":false,"footnotes":""},"categories":[491],"tags":[13204,13194,13203],"class_list":["post-142916","post","type-post","status-publish","format-standard","has-post-thumbnail","hentry","category-biyografi","tag-fikret-ormanin-sevgilisi","tag-tugba-coskun","tag-tugba-coskun-kimdir"],"_links":{"self":[{"href":"https:\/\/www.tgrthaber.com\/mavikadin\/wp-json\/wp\/v2\/posts\/142916"}],"collection":[{"href":"https:\/\/www.tgrthaber.com\/mavikadin\/wp-json\/wp\/v2\/posts"}],"about":[{"href":"https:\/\/www.tgrthaber.com\/mavikadin\/wp-json\/wp\/v2\/types\/post"}],"author":[{"embeddable":true,"href":"https:\/\/www.tgrthaber.com\/mavikadin\/wp-json\/wp\/v2\/users\/27"}],"replies":[{"embeddable":true,"href":"https:\/\/www.tgrthaber.com\/mavikadin\/wp-json\/wp\/v2\/comments?post=142916"}],"version-history":[{"count":2,"href":"https:\/\/www.tgrthaber.com\/mavikadin\/wp-json\/wp\/v2\/posts\/142916\/revisions"}],"predecessor-version":[{"id":142942,"href":"https:\/\/www.tgrthaber.com\/mavikadin\/wp-json\/wp\/v2\/posts\/142916\/revisions\/142942"}],"wp:featuredmedia":[{"embeddable":true,"href":"https:\/\/www.tgrthaber.com\/mavikadin\/wp-json\/wp\/v2\/media\/142940"}],"wp:attachment":[{"href":"https:\/\/www.tgrthaber.com\/mavikadin\/wp-json\/wp\/v2\/media?parent=142916"}],"wp:term":[{"taxonomy":"category","embeddable":true,"href":"https:\/\/www.tgrthaber.com\/mavikadin\/wp-json\/wp\/v2\/categories?post=142916"},{"taxonomy":"post_tag","embeddable":true,"href":"https:\/\/www.tgrthaber.com\/mavikadin\/wp-json\/wp\/v2\/tags?post=142916"}],"curies":[{"name":"wp","href":"https:\/\/api.w.org\/{rel}","templated":true}]}}