{"id":142960,"date":"2025-03-06T14:27:37","date_gmt":"2025-03-06T11:27:37","guid":{"rendered":"https:\/\/www.tgrthaber.com\/mavikadin\/?p=142960"},"modified":"2025-03-06T15:02:29","modified_gmt":"2025-03-06T12:02:29","slug":"kiliste-ramazan-lezzeti-kahke-mesaisi-basladi-hikayesi-55-yil-oncesine-dayaniyor","status":"publish","type":"post","link":"https:\/\/www.tgrthaber.com\/mavikadin\/kiliste-ramazan-lezzeti-kahke-mesaisi-basladi-hikayesi-55-yil-oncesine-dayaniyor\/","title":{"rendered":"Kilis&#8217;te Ramazan lezzeti kahke mesaisi ba\u015flad\u0131! Hik\u00e2yesi 55 y\u0131l \u00f6ncesine dayan\u0131yor"},"content":{"rendered":"<p>Kentte kahke ustal\u0131\u011f\u0131 yapan Ahmet Ye\u015filbah\u00e7eci, hik\u00e2yesi 55 y\u0131l \u00f6ncesine dayanan lezzetle ilgili bilgi vererek bayram kahkesinin dedesi taraf\u0131ndan 1970 y\u0131l\u0131nda Kilis&#8217;e tan\u0131t\u0131ld\u0131\u011f\u0131n\u0131 ve o g\u00fcnden bu yana \u00fcretilmeye devam etti\u011fini belirtti.<\/p>\n<h3>K\u0130L\u0130S&#8217;TE KAHKE MESA\u0130S\u0130 BA\u015eLADI<\/h3>\n<p>Kilis&#8217;in Ramazan ve bayram sofralar\u0131n\u0131n vazge\u00e7ilmezi haline gelen bayram kahkesi mesaisi ba\u015flad\u0131. Kentte kahke ve unlu mamuller ustal\u0131\u011f\u0131 yapan Ahmet Ye\u015filbah\u00e7eci, bu e\u015fsiz lezzetin 55 y\u0131l \u00f6nce dedesinin bulu\u015fuyla Kilis&#8217;te \u00fcretilmeye ba\u015fland\u0131\u011f\u0131n\u0131 s\u00f6yledi. Ye\u015filbah\u00e7eci, mesle\u011fini dedesinden devrald\u0131\u011f\u0131n\u0131 belirterek, &#8220;Bu mesle\u011fe dededen atand\u0131m, babadan o\u011fula ilerliyoruz, ku\u015faktan ku\u015fa\u011fa devam ediyoruz. Dedem, 1970&#8217;te bayram kahkesini Kilis y\u00f6resine tan\u0131tm\u0131\u015f. O g\u00fcnden beri kahkemiz bayram sofralar\u0131n\u0131n de\u011fi\u015fmez lezzeti oldu&#8221; dedi.<\/p>\n<div style=\"width: 512px;\" class=\"wp-video\"><!--[if lt IE 9]><script>document.createElement('video');<\/script><![endif]-->\n<video class=\"wp-video-shortcode\" id=\"video-142960-1\" width=\"512\" height=\"288\" preload=\"metadata\" controls=\"controls\"><source type=\"video\/mp4\" src=\"https:\/\/www.tgrthaber.com\/mavikadin\/wp-content\/uploads\/DE7F0F58-840D-4F4A-B377-4F7662A06818.mp4?_=1\" \/><a href=\"https:\/\/www.tgrthaber.com\/mavikadin\/wp-content\/uploads\/DE7F0F58-840D-4F4A-B377-4F7662A06818.mp4\">https:\/\/www.tgrthaber.com\/mavikadin\/wp-content\/uploads\/DE7F0F58-840D-4F4A-B377-4F7662A06818.mp4<\/a><\/video><\/div>\n<hr \/>\n<h3>&#8220;BAYRAMLARIN OLMAZSA OLMAZIDIR&#8221;<\/h3>\n<p>Kahkenin sadece bayramda de\u011fil, y\u0131l boyunca \u00fcretildi\u011fini vurgulayan Ye\u015filbah\u00e7eci, &#8220;Kilis&#8217;te bayramda hangi kap\u0131y\u0131 \u00e7alarsan\u0131z \u00e7al\u0131n, mutlaka bir tabakta bayram kahkesi bulunur. Bayramlar\u0131n olmazsa olmaz\u0131d\u0131r&#8221; diye konu\u015ftu.<br \/>\nKahkenin lezzet s\u0131rr\u0131n\u0131 da payla\u015fan usta, &#8220;\u0130\u00e7inde un, vanilya ve zeytinya\u011f\u0131 var. Ama as\u0131l lezzeti veren bizim ellerimiz ve kulland\u0131\u011f\u0131m\u0131z do\u011fal zeytinya\u011f\u0131d\u0131r&#8221; dedi.<\/p>\n<p><img loading=\"lazy\" decoding=\"async\" class=\"alignnone wp-image-142964\" src=\"https:\/\/www.tgrthaber.com\/mavikadin\/wp-content\/uploads\/AW406406_03.jpg\" alt=\"\" width=\"1208\" height=\"906\" title=\"\" srcset=\"https:\/\/www.tgrthaber.com\/mavikadin\/wp-content\/uploads\/AW406406_03.jpg 2040w, https:\/\/www.tgrthaber.com\/mavikadin\/wp-content\/uploads\/AW406406_03-300x225.jpg 300w, https:\/\/www.tgrthaber.com\/mavikadin\/wp-content\/uploads\/AW406406_03-1024x768.jpg 1024w, https:\/\/www.tgrthaber.com\/mavikadin\/wp-content\/uploads\/AW406406_03-768x576.jpg 768w, https:\/\/www.tgrthaber.com\/mavikadin\/wp-content\/uploads\/AW406406_03-1536x1152.jpg 1536w\" sizes=\"(max-width: 1208px) 100vw, 1208px\" \/><\/p>\n","protected":false},"excerpt":{"rendered":"<p>Kilis&#8217;te bayram ve Ramazan sofralar\u0131n\u0131n vazge\u00e7ilmez lezzeti kahke mesaisi ba\u015flad\u0131. Kahke ustal\u0131\u011f\u0131 yapan Ahmet Ye\u015filbah\u00e7eci bu 55 y\u0131ll\u0131k lezzet hakk\u0131nda bilgiler payla\u015ft\u0131.<\/p>\n","protected":false},"author":5,"featured_media":142962,"comment_status":"closed","ping_status":"closed","sticky":false,"template":"","format":"standard","meta":{"rank_math_lock_modified_date":false,"footnotes":""},"categories":[78],"tags":[13214,13211,13213,13212],"class_list":["post-142960","post","type-post","status-publish","format-standard","has-post-thumbnail","hentry","category-yasam","tag-kahke","tag-kilis","tag-kilis-yemekleri","tag-ramazan-sofrasi"],"_links":{"self":[{"href":"https:\/\/www.tgrthaber.com\/mavikadin\/wp-json\/wp\/v2\/posts\/142960"}],"collection":[{"href":"https:\/\/www.tgrthaber.com\/mavikadin\/wp-json\/wp\/v2\/posts"}],"about":[{"href":"https:\/\/www.tgrthaber.com\/mavikadin\/wp-json\/wp\/v2\/types\/post"}],"author":[{"embeddable":true,"href":"https:\/\/www.tgrthaber.com\/mavikadin\/wp-json\/wp\/v2\/users\/5"}],"replies":[{"embeddable":true,"href":"https:\/\/www.tgrthaber.com\/mavikadin\/wp-json\/wp\/v2\/comments?post=142960"}],"version-history":[{"count":3,"href":"https:\/\/www.tgrthaber.com\/mavikadin\/wp-json\/wp\/v2\/posts\/142960\/revisions"}],"predecessor-version":[{"id":142983,"href":"https:\/\/www.tgrthaber.com\/mavikadin\/wp-json\/wp\/v2\/posts\/142960\/revisions\/142983"}],"wp:featuredmedia":[{"embeddable":true,"href":"https:\/\/www.tgrthaber.com\/mavikadin\/wp-json\/wp\/v2\/media\/142962"}],"wp:attachment":[{"href":"https:\/\/www.tgrthaber.com\/mavikadin\/wp-json\/wp\/v2\/media?parent=142960"}],"wp:term":[{"taxonomy":"category","embeddable":true,"href":"https:\/\/www.tgrthaber.com\/mavikadin\/wp-json\/wp\/v2\/categories?post=142960"},{"taxonomy":"post_tag","embeddable":true,"href":"https:\/\/www.tgrthaber.com\/mavikadin\/wp-json\/wp\/v2\/tags?post=142960"}],"curies":[{"name":"wp","href":"https:\/\/api.w.org\/{rel}","templated":true}]}}