{"id":142998,"date":"2025-03-06T15:55:07","date_gmt":"2025-03-06T12:55:07","guid":{"rendered":"https:\/\/www.tgrthaber.com\/mavikadin\/?p=142998"},"modified":"2025-03-06T15:59:48","modified_gmt":"2025-03-06T12:59:48","slug":"nursel-ergin-mutfak-bahane-programinda-sasti-kaldi-yarismaci-melek-hanimdan-dilberay-itirafi-geldi","status":"publish","type":"post","link":"https:\/\/www.tgrthaber.com\/mavikadin\/nursel-ergin-mutfak-bahane-programinda-sasti-kaldi-yarismaci-melek-hanimdan-dilberay-itirafi-geldi\/","title":{"rendered":"Nursel Ergin Mutfak Bahane program\u0131nda \u015fa\u015ft\u0131 kald\u0131! Yar\u0131\u015fmac\u0131 Melek Han\u0131m&#8217;dan Dilberay itiraf\u0131 geldi"},"content":{"rendered":"<p>Kanseri atlatt\u0131ktan sonra ekranlara geri d\u00f6nen Nursel Ergin canl\u0131 yay\u0131nda duygusal anlar ya\u015fad\u0131. Melek isimli yar\u0131\u015fmac\u0131y\u0131 rahmetli sanat\u00e7\u0131 Dilberay&#8217;a benzeten Ergin duyduklar\u0131 kar\u015f\u0131s\u0131nda \u015foke oldu.<\/p>\n<p>G\u00fcnd\u00fcz ku\u015fa\u011f\u0131n\u0131n sevilen sunucusu Nursel Ergin Mutfak Bahane program\u0131yla yeniden ekranlara geri d\u00f6nd\u00fc. 8 ayl\u0131k kanser tedavisinden sonra i\u015finin ba\u015f\u0131na d\u00f6nen \u00fcnl\u00fc isim yar\u0131\u015fmac\u0131lardan Melek Han\u0131m&#8217;\u0131n Dilberay itiraf\u0131yla \u015fa\u015fk\u0131nl\u0131\u011f\u0131n\u0131 gizleyemedi.<\/p>\n<h3>NURSEL ERG\u0130N CANLI YAYINDA DUYGUSAL ANLAR YA\u015eADI<\/h3>\n<p>Nursel Ergin 8 ayl\u0131k bir kanser tedavisinden sonra ekranlara geri d\u00f6nm\u00fc\u015ft\u00fc. Ergin canl\u0131 yay\u0131nda hi\u00e7 beklemedi\u011fi bir itiraf ald\u0131.<\/p>\n<div style=\"width: 640px;\" class=\"wp-video\"><!--[if lt IE 9]><script>document.createElement('video');<\/script><![endif]-->\n<video class=\"wp-video-shortcode\" id=\"video-142998-1\" width=\"640\" height=\"360\" preload=\"metadata\" controls=\"controls\"><source type=\"video\/mp4\" src=\"https:\/\/www.tgrthaber.com\/mavikadin\/wp-content\/uploads\/Mutfak-Bahane.mp4?_=1\" \/><a href=\"https:\/\/www.tgrthaber.com\/mavikadin\/wp-content\/uploads\/Mutfak-Bahane.mp4\">https:\/\/www.tgrthaber.com\/mavikadin\/wp-content\/uploads\/Mutfak-Bahane.mp4<\/a><\/video><\/div>\n<hr \/>\n<p>Yar\u0131\u015fmac\u0131lardan Melek Han\u0131m&#8217;\u0131 rahmetli sanat\u00e7\u0131 Dilberay&#8217;a benzeten \u00fcnl\u00fc sunucu Nursel Ergin Melek Han\u0131m&#8217;\u0131n &#8216;Dilberay benim ablamd\u0131&#8217; s\u00f6zleriyle \u015foke oldu. Yar\u0131\u015fmac\u0131lar da duyduklar\u0131 kar\u015f\u0131s\u0131nda \u015fa\u015f\u0131r\u0131p kal\u0131nca Melek Han\u0131m duygusal anlar ya\u015fad\u0131.<\/p>\n<h3>D\u0130LBERAY \u0130T\u0130RAFI GELD\u0130<\/h3>\n<p>Nursel Ergin ben sizi 2019 y\u0131l\u0131nda kaybetti\u011fimiz sanat\u00e7\u0131 Dilberay&#8217;a benzetiyorum dedikten sonra yar\u0131\u015fmac\u0131 huyumuz da benzerdi dedi. St\u00fcdyoda herkesin \u015fa\u015f\u0131rd\u0131\u011f\u0131 bu itiraftan sonra Ergin neden bunu s\u00f6ylemedin bize dedi. Melek Han\u0131m da &#8216;ben yar\u0131\u015fmaya geldim buraya onun ismi alt\u0131nda lanse edilmek istenmedim&#8217; dedi.<\/p>\n<p><img loading=\"lazy\" decoding=\"async\" class=\"alignnone wp-image-143001\" src=\"https:\/\/www.tgrthaber.com\/mavikadin\/wp-content\/uploads\/Mutfak-Bahane-1.jpg\" alt=\"\" width=\"1208\" height=\"792\" title=\"\" srcset=\"https:\/\/www.tgrthaber.com\/mavikadin\/wp-content\/uploads\/Mutfak-Bahane-1.jpg 848w, https:\/\/www.tgrthaber.com\/mavikadin\/wp-content\/uploads\/Mutfak-Bahane-1-300x197.jpg 300w, https:\/\/www.tgrthaber.com\/mavikadin\/wp-content\/uploads\/Mutfak-Bahane-1-768x504.jpg 768w\" sizes=\"(max-width: 1208px) 100vw, 1208px\" \/><\/p>\n<hr \/>\n<h3>PERUKLA EKRANLARA GER\u0130 D\u00d6ND\u00dc<\/h3>\n<p>Hastal\u0131\u011f\u0131 boyunca b\u00fcy\u00fck zorluklar ya\u015fad\u0131\u011f\u0131n\u0131 anlatan Ergin, kanser tedavisi s\u00fcrecinde sa\u00e7lar\u0131n\u0131 ve kirpiklerini kaybetti\u011fini de s\u00f6yledi. Canl\u0131 yay\u0131na perukla \u00e7\u0131kt\u0131\u011f\u0131n\u0131 ifade ederek, fiziksel g\u00f6r\u00fcn\u00fcm\u00fcndeki de\u011fi\u015fimi \u015fu s\u00f6zlerle anlatt\u0131:<\/p>\n<p>&#8220;\u015eu an sa\u00e7\u0131mda peruk var. Kirpiklerim yok. G\u00fczellikten eser kalmad\u0131. Ama \u00f6\u011frendim ki g\u00fczellik i\u00e7ten gelen bir \u015feymi\u015f. Bunlar\u0131n hi\u00e7bir \u00f6nemi yokmu\u015f.&#8221;<\/p>\n<p><img loading=\"lazy\" decoding=\"async\" class=\"alignnone wp-image-143004\" src=\"https:\/\/www.tgrthaber.com\/mavikadin\/wp-content\/uploads\/Mutfak-Bahane-3.jpg\" alt=\"\" width=\"1028\" height=\"538\" title=\"\" srcset=\"https:\/\/www.tgrthaber.com\/mavikadin\/wp-content\/uploads\/Mutfak-Bahane-3.jpg 1090w, https:\/\/www.tgrthaber.com\/mavikadin\/wp-content\/uploads\/Mutfak-Bahane-3-300x157.jpg 300w, https:\/\/www.tgrthaber.com\/mavikadin\/wp-content\/uploads\/Mutfak-Bahane-3-1024x535.jpg 1024w, https:\/\/www.tgrthaber.com\/mavikadin\/wp-content\/uploads\/Mutfak-Bahane-3-768x402.jpg 768w\" sizes=\"(max-width: 1028px) 100vw, 1028px\" \/><\/p>\n<hr \/>\n<h3>&#8220;HERKESE UMUT VE G\u00dc\u00c7 VERMEK \u0130ST\u0130YORUM&#8221;<\/h3>\n<p>Ya\u015fad\u0131\u011f\u0131 hastal\u0131k s\u00fcrecinden bahseden \u00fcnl\u00fc isim benzer s\u00fcre\u00e7lerden ge\u00e7en insanlara moral vermek istedi\u011fini anlatt\u0131.<br \/>\nKanserle m\u00fccadele ederken edindi\u011fi deneyimleri payla\u015faca\u011f\u0131n\u0131 ifade eden Ergin, herkese umut ve g\u00fc\u00e7 vermek istedi\u011fini belirtti.<\/p>\n<p><img loading=\"lazy\" decoding=\"async\" class=\"alignnone size-full wp-image-143017\" src=\"https:\/\/www.tgrthaber.com\/mavikadin\/wp-content\/uploads\/2-76.jpg\" alt=\"\" width=\"1208\" height=\"680\" title=\"\" srcset=\"https:\/\/www.tgrthaber.com\/mavikadin\/wp-content\/uploads\/2-76.jpg 1208w, https:\/\/www.tgrthaber.com\/mavikadin\/wp-content\/uploads\/2-76-300x169.jpg 300w, https:\/\/www.tgrthaber.com\/mavikadin\/wp-content\/uploads\/2-76-1024x576.jpg 1024w, https:\/\/www.tgrthaber.com\/mavikadin\/wp-content\/uploads\/2-76-768x432.jpg 768w\" sizes=\"(max-width: 1208px) 100vw, 1208px\" \/><\/p>\n<hr \/>\n<p>Ekranlara h\u0131zl\u0131 ve g\u00fc\u00e7l\u00fc bir \u015fekilde d\u00f6nen \u00fcnl\u00fc sunucu ya\u015fad\u0131\u011f\u0131 zorluklar\u0131 geride b\u0131rakarak ekranlarda olmaya devam edece\u011fini duyurdu.<\/p>\n","protected":false},"excerpt":{"rendered":"<p>Nursel Ergin\u2019nin sundu\u011fu Mutfak Bahane program\u0131nda duygusal anlar ya\u015fand\u0131. Yar\u0131\u015fmac\u0131lardan Melek Han\u0131m&#8217;\u0131n, 2019 y\u0131l\u0131nda kaybetti\u011finiz sanat\u00e7\u0131 Dilberay itiraf\u0131 herkesi \u015foke etti.<\/p>\n","protected":false},"author":5,"featured_media":143005,"comment_status":"closed","ping_status":"closed","sticky":false,"template":"","format":"standard","meta":{"rank_math_lock_modified_date":false,"footnotes":""},"categories":[76],"tags":[13224,12364,12363],"class_list":["post-142998","post","type-post","status-publish","format-standard","has-post-thumbnail","hentry","category-magazin","tag-dilberay","tag-mutfak-bahane","tag-nursel-ergin"],"_links":{"self":[{"href":"https:\/\/www.tgrthaber.com\/mavikadin\/wp-json\/wp\/v2\/posts\/142998"}],"collection":[{"href":"https:\/\/www.tgrthaber.com\/mavikadin\/wp-json\/wp\/v2\/posts"}],"about":[{"href":"https:\/\/www.tgrthaber.com\/mavikadin\/wp-json\/wp\/v2\/types\/post"}],"author":[{"embeddable":true,"href":"https:\/\/www.tgrthaber.com\/mavikadin\/wp-json\/wp\/v2\/users\/5"}],"replies":[{"embeddable":true,"href":"https:\/\/www.tgrthaber.com\/mavikadin\/wp-json\/wp\/v2\/comments?post=142998"}],"version-history":[{"count":4,"href":"https:\/\/www.tgrthaber.com\/mavikadin\/wp-json\/wp\/v2\/posts\/142998\/revisions"}],"predecessor-version":[{"id":143018,"href":"https:\/\/www.tgrthaber.com\/mavikadin\/wp-json\/wp\/v2\/posts\/142998\/revisions\/143018"}],"wp:featuredmedia":[{"embeddable":true,"href":"https:\/\/www.tgrthaber.com\/mavikadin\/wp-json\/wp\/v2\/media\/143005"}],"wp:attachment":[{"href":"https:\/\/www.tgrthaber.com\/mavikadin\/wp-json\/wp\/v2\/media?parent=142998"}],"wp:term":[{"taxonomy":"category","embeddable":true,"href":"https:\/\/www.tgrthaber.com\/mavikadin\/wp-json\/wp\/v2\/categories?post=142998"},{"taxonomy":"post_tag","embeddable":true,"href":"https:\/\/www.tgrthaber.com\/mavikadin\/wp-json\/wp\/v2\/tags?post=142998"}],"curies":[{"name":"wp","href":"https:\/\/api.w.org\/{rel}","templated":true}]}}