{"id":142999,"date":"2025-03-06T16:05:37","date_gmt":"2025-03-06T13:05:37","guid":{"rendered":"https:\/\/www.tgrthaber.com\/mavikadin\/?p=142999"},"modified":"2025-03-06T16:05:37","modified_gmt":"2025-03-06T13:05:37","slug":"dilber-ay-kac-kardes-dilber-ay-kimdir-neden-oldu","status":"publish","type":"post","link":"https:\/\/www.tgrthaber.com\/mavikadin\/dilber-ay-kac-kardes-dilber-ay-kimdir-neden-oldu\/","title":{"rendered":"Dilber Ay ka\u00e7 karde\u015f? Dilber Ay kimdir, neden \u00f6ld\u00fc?"},"content":{"rendered":"<p>Dilber Ay, g\u00fc\u00e7l\u00fc sesi, duygusal performanslar\u0131 ve s\u0131ra d\u0131\u015f\u0131 ya\u015fam \u00f6yk\u00fcs\u00fcyle tan\u0131nan efsanevi bir T\u00fcrk halk \u015fark\u0131c\u0131s\u0131yd\u0131. Fakir bir ailede do\u011fan Dilber Ay, k\u00fc\u00e7\u00fck ya\u015ftan itibaren maddi s\u0131k\u0131nt\u0131lar, erken evlilik ve \u00e7alkant\u0131l\u0131 bir ki\u015fisel ya\u015fam gibi bir\u00e7ok zorlukla kar\u015f\u0131la\u015ft\u0131. Bu zorluklara ra\u011fmen, benzersiz \u015fark\u0131 s\u00f6yleme tarz\u0131 ve geleneksel halk \u015fark\u0131lar\u0131n\u0131n i\u00e7ten yorumlar\u0131yla \u00fcnlendi. 2019&#8217;daki beklenmedik \u00f6l\u00fcm\u00fc hayranlar\u0131n\u0131 ve m\u00fczik sekt\u00f6r\u00fcn\u00fc \u015fok etti ve ger\u00e7ek neden hakk\u0131nda merak uyand\u0131rd\u0131. Dilber Ay kimdir? Ka\u00e7 karde\u015fi vard\u0131? Ve onu ger\u00e7ekten \u00f6l\u00fcme g\u00f6t\u00fcren \u015fey neydi? \u0130\u015fte ayr\u0131nt\u0131lar.<\/p>\n<h3>D\u0130LBER AY K\u0130MD\u0130R?<\/h3>\n<p>Dilber Ay, 1956 y\u0131l\u0131nda T\u00fcrkiye&#8217;nin Kahramanmara\u015f kentinde kalabal\u0131k ve maddi a\u00e7\u0131dan zorluk \u00e7eken bir ailenin \u00e7ocu\u011fu olarak d\u00fcnyaya geldi. Babas\u0131n\u0131n i\u015fi nedeniyle ailesi s\u00fcrekli olarak farkl\u0131 \u015fehirler aras\u0131nda ta\u015f\u0131nd\u0131, D\u00fczce de dahil olmak \u00fczere \u00e7ocuklu\u011funun \u00f6nemli bir b\u00f6l\u00fcm\u00fcn\u00fc burada ge\u00e7irdi. Zor ko\u015fullarda b\u00fcy\u00fcyen Ay, m\u00fczi\u011fe olan tutkusunu gen\u00e7 ya\u015fta ke\u015ffetti.<\/p>\n<p><img loading=\"lazy\" decoding=\"async\" class=\"alignnone wp-image-143011\" src=\"https:\/\/www.tgrthaber.com\/mavikadin\/wp-content\/uploads\/3-356.png\" alt=\"\" width=\"1208\" height=\"680\" title=\"\" srcset=\"https:\/\/www.tgrthaber.com\/mavikadin\/wp-content\/uploads\/3-356.png 1280w, https:\/\/www.tgrthaber.com\/mavikadin\/wp-content\/uploads\/3-356-300x169.png 300w, https:\/\/www.tgrthaber.com\/mavikadin\/wp-content\/uploads\/3-356-1024x576.png 1024w, https:\/\/www.tgrthaber.com\/mavikadin\/wp-content\/uploads\/3-356-768x432.png 768w\" sizes=\"(max-width: 1208px) 100vw, 1208px\" \/><\/p>\n<hr \/>\n<p>\u00c7\u0131\u011f\u0131r a\u00e7mas\u0131, Ankara&#8217;da bir radyo yetenek yar\u0131\u015fmas\u0131na kat\u0131ld\u0131\u011f\u0131nda ger\u00e7ekle\u015fti. Etkileyici performans\u0131 yap\u0131mc\u0131lar\u0131n dikkatini \u00e7ekti ve k\u0131sa s\u00fcrede alb\u00fcmler kaydetmeye ba\u015flad\u0131. Y\u0131llar ge\u00e7tik\u00e7e, genellikle a\u015fk, ac\u0131 ve dayan\u0131kl\u0131l\u0131k temalar\u0131na de\u011finen folk ve arabesk tarz\u0131 \u015fark\u0131lar\u0131yla tan\u0131nan bir isim haline geldi. Zorunda m\u0131s\u0131n?, Meyhaneci ve Tavuklar\u0131 Pi\u015firmi\u015fem gibi \u015fark\u0131lar T\u00fcrk m\u00fczik tarihinde ikonik hale geldi.<\/p>\n<p>Ba\u015far\u0131s\u0131na ra\u011fmen, Dilber Ay&#8217;\u0131n ki\u015fisel hayat\u0131 m\u00fccadelelerle doluydu. Zorlu bir evlilik ge\u00e7irdi, zaman zaman maddi istikrars\u0131zl\u0131klarla kar\u015f\u0131 kar\u015f\u0131ya kald\u0131 ve hatta hapis yatt\u0131. Ancak, zorluklar\u0131n\u0131 her zaman g\u00fcce d\u00f6n\u00fc\u015ft\u00fcrmeyi ba\u015fard\u0131 ve m\u00fczi\u011fi duygular\u0131n\u0131 ifade etmek ve dinleyicileriyle ba\u011flant\u0131 kurmak i\u00e7in bir \u00e7\u0131k\u0131\u015f yolu olarak kulland\u0131.<\/p>\n<p><img loading=\"lazy\" decoding=\"async\" class=\"alignnone wp-image-143009\" src=\"https:\/\/www.tgrthaber.com\/mavikadin\/wp-content\/uploads\/1-328.png\" alt=\"\" width=\"1208\" height=\"680\" title=\"\" srcset=\"https:\/\/www.tgrthaber.com\/mavikadin\/wp-content\/uploads\/1-328.png 1280w, https:\/\/www.tgrthaber.com\/mavikadin\/wp-content\/uploads\/1-328-300x169.png 300w, https:\/\/www.tgrthaber.com\/mavikadin\/wp-content\/uploads\/1-328-1024x576.png 1024w, https:\/\/www.tgrthaber.com\/mavikadin\/wp-content\/uploads\/1-328-768x432.png 768w\" sizes=\"(max-width: 1208px) 100vw, 1208px\" \/><\/p>\n<hr \/>\n<h3>D\u0130LBER AY&#8217;IN KA\u00c7 KARDE\u015e\u0130 VARDIR?<\/h3>\n<p>Dilber Ay, yedi karde\u015fi olan kalabal\u0131k bir aileden geliyordu ve sekiz \u00e7ocuktan biriydi. S\u0131n\u0131rl\u0131 kaynaklara sahip bir evde b\u00fcy\u00fcyen Dilber Ay, gen\u00e7 ya\u015fta s\u0131k\u0131 \u00e7al\u0131\u015fman\u0131n ve azmin de\u011ferini \u00f6\u011frendi. Zorlu yeti\u015ftirilme tarz\u0131, s\u0131k s\u0131k m\u00fccadele, dayan\u0131kl\u0131l\u0131k ve zorluklar\u0131n \u00fcstesinden gelmek hakk\u0131nda \u015fark\u0131 s\u00f6yledi\u011fi i\u00e7in m\u00fczi\u011fi \u00fczerinde derin bir etki b\u0131rakt\u0131.<\/p>\n<p><img loading=\"lazy\" decoding=\"async\" class=\"alignnone wp-image-143015\" src=\"https:\/\/www.tgrthaber.com\/mavikadin\/wp-content\/uploads\/7-87.png\" alt=\"\" width=\"1208\" height=\"680\" title=\"\" srcset=\"https:\/\/www.tgrthaber.com\/mavikadin\/wp-content\/uploads\/7-87.png 1280w, https:\/\/www.tgrthaber.com\/mavikadin\/wp-content\/uploads\/7-87-300x169.png 300w, https:\/\/www.tgrthaber.com\/mavikadin\/wp-content\/uploads\/7-87-1024x576.png 1024w, https:\/\/www.tgrthaber.com\/mavikadin\/wp-content\/uploads\/7-87-768x432.png 768w\" sizes=\"(max-width: 1208px) 100vw, 1208px\" \/><\/p>\n<hr \/>\n<h3>D\u0130LBER AY NEDEN \u00d6LD\u00dc?<\/h3>\n<p>Dilber Ay, 29 Nisan 2019&#8217;da 63 ya\u015f\u0131nda Ankara, T\u00fcrkiye&#8217;de vefat etti. \u0130lk raporlarda, yak\u0131nlar\u0131n\u0131 ziyaret ederken kalp krizi ge\u00e7irdi\u011fi ve Ankara E\u011fitim ve Ara\u015ft\u0131rma Hastanesi&#8217;ne kald\u0131r\u0131ld\u0131\u011f\u0131 ve burada \u00f6ld\u00fc\u011f\u00fc belirtildi. Ancak daha sonra \u015fok edici bir a\u00e7\u0131klama, \u00f6l\u00fcm nedeni hakk\u0131ndaki olay\u0131 de\u011fi\u015ftirdi.<\/p>\n<p>E\u015fi \u0130brahim Karaka\u015f, canl\u0131 bir televizyon yay\u0131n\u0131nda konu\u015ftu ve Dilber Ay&#8217;\u0131n ilk bildirildi\u011fi gibi kalp krizinden \u00f6lmedi\u011fini a\u00e7\u0131klad\u0131. Bunun yerine, ayak t\u0131rna\u011f\u0131n\u0131 kestikten sonra enfeksiyon kapt\u0131\u011f\u0131n\u0131 ve bunun ciddi komplikasyonlara yol a\u00e7t\u0131\u011f\u0131n\u0131 ve sonunda \u00f6l\u00fcm\u00fcne neden oldu\u011funu iddia etti. Bu beklenmedik olaylar bir\u00e7ok ki\u015fiyi \u015fa\u015f\u0131rtt\u0131 ve bazen \u00f6l\u00fcmc\u00fcl sonu\u00e7lara yol a\u00e7abilen tedavi edilmeyen enfeksiyonlar\u0131n tehlikelerini vurgulad\u0131.<\/p>\n<p><img loading=\"lazy\" decoding=\"async\" class=\"alignnone wp-image-143013\" src=\"https:\/\/www.tgrthaber.com\/mavikadin\/wp-content\/uploads\/5-200.png\" alt=\"\" width=\"1208\" height=\"680\" title=\"\" srcset=\"https:\/\/www.tgrthaber.com\/mavikadin\/wp-content\/uploads\/5-200.png 1280w, https:\/\/www.tgrthaber.com\/mavikadin\/wp-content\/uploads\/5-200-300x169.png 300w, https:\/\/www.tgrthaber.com\/mavikadin\/wp-content\/uploads\/5-200-1024x576.png 1024w, https:\/\/www.tgrthaber.com\/mavikadin\/wp-content\/uploads\/5-200-768x432.png 768w\" sizes=\"(max-width: 1208px) 100vw, 1208px\" \/><\/p>\n<hr \/>\n<p>\u00d6l\u00fcm\u00fc T\u00fcrk m\u00fczi\u011finde derin bir bo\u015fluk b\u0131rakt\u0131, \u00e7\u00fcnk\u00fc o sadece bir \u015fark\u0131c\u0131 de\u011fil, ayn\u0131 zamanda bir\u00e7ok insan\u0131n m\u00fccadelelerini ve duygular\u0131n\u0131 temsil eden k\u00fclt\u00fcrel bir ikondu. M\u00fczi\u011fi ya\u015famaya devam ediyor ve T\u00fcrkiye&#8217;nin m\u00fczik tarihinde sevilen bir fig\u00fcr olmaya devam ediyor.<\/p>\n<p><img loading=\"lazy\" decoding=\"async\" class=\"alignnone wp-image-143014\" src=\"https:\/\/www.tgrthaber.com\/mavikadin\/wp-content\/uploads\/6-148.png\" alt=\"\" width=\"1208\" height=\"680\" title=\"\" srcset=\"https:\/\/www.tgrthaber.com\/mavikadin\/wp-content\/uploads\/6-148.png 1280w, https:\/\/www.tgrthaber.com\/mavikadin\/wp-content\/uploads\/6-148-300x169.png 300w, https:\/\/www.tgrthaber.com\/mavikadin\/wp-content\/uploads\/6-148-1024x576.png 1024w, https:\/\/www.tgrthaber.com\/mavikadin\/wp-content\/uploads\/6-148-768x432.png 768w\" sizes=\"(max-width: 1208px) 100vw, 1208px\" \/><\/p>\n<hr \/>\n<p>Dilber Ay sadece bir \u015fark\u0131c\u0131dan daha fazlas\u0131yd\u0131; o, m\u00fczi\u011fi arac\u0131l\u0131\u011f\u0131yla hayat\u0131n zorluklar\u0131n\u0131, sevin\u00e7lerini ve \u00fcz\u00fcnt\u00fclerini aktaran bir hikaye anlat\u0131c\u0131s\u0131yd\u0131. Ham, duygusal performanslar\u0131 ve kendine \u00f6zg\u00fc sesi onu T\u00fcrk halk ve arabesk m\u00fczik sahnesindeki bir\u00e7ok sanat\u00e7\u0131dan ay\u0131rd\u0131. Ayr\u0131ca, zorluklarla kar\u015f\u0131la\u015fan kad\u0131nlar i\u00e7in bir ilham kayna\u011f\u0131 oldu ve yetene\u011fin ve dayan\u0131kl\u0131l\u0131\u011f\u0131n hayat\u0131n zorluklar\u0131na ra\u011fmen ba\u015far\u0131ya yol a\u00e7abilece\u011fini kan\u0131tlad\u0131.<\/p>\n<p>\u00d6l\u00fcm\u00fcnden sonra bile \u015fark\u0131lar\u0131 pop\u00fclerli\u011fini s\u00fcrd\u00fcr\u00fcyor ve hayat hikayesi yeni nesillere ilham vermeye devam ediyor. Dilber Ay&#8217;\u0131n miras\u0131, m\u00fczi\u011fin insan duygular\u0131n\u0131 ve deneyimlerini ifade etme g\u00fcc\u00fcn\u00fcn bir kan\u0131t\u0131d\u0131r.<\/p>\n","protected":false},"excerpt":{"rendered":"<p>Derin, duygulu sesi ve dramatik hikaye anlat\u0131m\u0131yla Dilber Ay, T\u00fcrk halk m\u00fczi\u011finde sevilen bir fig\u00fcr haline geldi. Duygusal \u015fark\u0131lar\u0131yla bir\u00e7ok ki\u015finin kalbini fethetti ve \u00e7o\u011fu zaman s\u0131radan insanlar\u0131n m\u00fccadelelerini ve ac\u0131lar\u0131n\u0131 yans\u0131tt\u0131. M\u00fczik kariyerinin \u00f6tesinde, hayat\u0131 ini\u015f \u00e7\u0131k\u0131\u015flarla doluydu ve bu da onu T\u00fcrkiye&#8217;nin en \u00e7ok konu\u015fulan sanat\u00e7\u0131lar\u0131ndan biri yapt\u0131. Ancak 2019&#8217;daki ani \u00f6l\u00fcm\u00fc bir\u00e7ok soruyu g\u00fcndeme getirdi, \u00e7\u00fcnk\u00fc daha sonraki raporlar ba\u015flang\u0131\u00e7ta a\u00e7\u0131klanandan farkl\u0131 bir neden \u00f6nerdi. Hayat\u0131na, ailesine ve trajik \u00f6l\u00fcm\u00fcn\u00fcn ard\u0131ndaki ger\u00e7ek nedene daha yak\u0131ndan bakal\u0131m.<\/p>\n","protected":false},"author":28,"featured_media":143010,"comment_status":"closed","ping_status":"closed","sticky":false,"template":"","format":"standard","meta":{"rank_math_lock_modified_date":true,"footnotes":""},"categories":[491],"tags":[13225,13227,13226,13229,13228],"class_list":["post-142999","post","type-post","status-publish","format-standard","has-post-thumbnail","hentry","category-biyografi","tag-dilber-ay","tag-dilber-ay-kac-kardestir","tag-dilber-ay-kimdir","tag-dilber-ay-ne-zaman-oldu","tag-dilber-ay-neden-oldu"],"_links":{"self":[{"href":"https:\/\/www.tgrthaber.com\/mavikadin\/wp-json\/wp\/v2\/posts\/142999"}],"collection":[{"href":"https:\/\/www.tgrthaber.com\/mavikadin\/wp-json\/wp\/v2\/posts"}],"about":[{"href":"https:\/\/www.tgrthaber.com\/mavikadin\/wp-json\/wp\/v2\/types\/post"}],"author":[{"embeddable":true,"href":"https:\/\/www.tgrthaber.com\/mavikadin\/wp-json\/wp\/v2\/users\/28"}],"replies":[{"embeddable":true,"href":"https:\/\/www.tgrthaber.com\/mavikadin\/wp-json\/wp\/v2\/comments?post=142999"}],"version-history":[{"count":1,"href":"https:\/\/www.tgrthaber.com\/mavikadin\/wp-json\/wp\/v2\/posts\/142999\/revisions"}],"predecessor-version":[{"id":143020,"href":"https:\/\/www.tgrthaber.com\/mavikadin\/wp-json\/wp\/v2\/posts\/142999\/revisions\/143020"}],"wp:featuredmedia":[{"embeddable":true,"href":"https:\/\/www.tgrthaber.com\/mavikadin\/wp-json\/wp\/v2\/media\/143010"}],"wp:attachment":[{"href":"https:\/\/www.tgrthaber.com\/mavikadin\/wp-json\/wp\/v2\/media?parent=142999"}],"wp:term":[{"taxonomy":"category","embeddable":true,"href":"https:\/\/www.tgrthaber.com\/mavikadin\/wp-json\/wp\/v2\/categories?post=142999"},{"taxonomy":"post_tag","embeddable":true,"href":"https:\/\/www.tgrthaber.com\/mavikadin\/wp-json\/wp\/v2\/tags?post=142999"}],"curies":[{"name":"wp","href":"https:\/\/api.w.org\/{rel}","templated":true}]}}