{"id":143143,"date":"2025-03-06T22:20:45","date_gmt":"2025-03-06T19:20:45","guid":{"rendered":"https:\/\/www.tgrthaber.com\/mavikadin\/?p=143143"},"modified":"2025-03-06T22:20:45","modified_gmt":"2025-03-06T19:20:45","slug":"nevra-serezliden-sasirtan-turkan-soray-yorumu-tipim-degil","status":"publish","type":"post","link":"https:\/\/www.tgrthaber.com\/mavikadin\/nevra-serezliden-sasirtan-turkan-soray-yorumu-tipim-degil\/","title":{"rendered":"Nevra Serezli\u2019den \u015fa\u015f\u0131rtan T\u00fcrkan \u015eoray yorumu! \u201cTipim de\u011fil\u201d"},"content":{"rendered":"<p>Sosyal medyay\u0131 kas\u0131p kavurmaya devam eden Turkish Delight makyaj\u0131 ak\u0131m\u0131 hakk\u0131nda Nevra Serezli\u2019den de \u015fa\u015f\u0131rtan bir cevap geldi. T\u00fcrkan \u015eoray\u2019\u0131n ikonik makyaj\u0131 uluslararas\u0131 alanda konu\u015fulup uygulan\u0131rken Serezli, \u201cTipim de\u011fil\u201d diyerek ak\u0131ma kar\u015f\u0131 d\u00fc\u015f\u00fcncesini dile getirdi.<\/p>\n<h3>\u00dcNL\u00dcLER\u0130N \u201cTURK\u0130SH DEL\u0130GHT\u201d AKIMI<\/h3>\n<p>Influencerlar taraf\u0131ndan son g\u00fcnlerde d\u00fcnya \u00e7ap\u0131nda trend olan Turkish Delight makyaj\u0131, g\u00fcndem olmaya devam ediyor. Makyaj\u0131n uygulan\u0131\u015f\u0131 ve yap\u0131l\u0131\u015f \u015fekliyle Ye\u015fil\u00e7am\u2019\u0131n Sultan\u0131 T\u00fcrkan \u015eoray\u2019\u0131n fimlerindeki makyaj tarz\u0131ndan ilham al\u0131narak yap\u0131l\u0131yor. B\u00fcy\u00fck ve \u00e7ekik g\u00f6zler, do\u011fal dolgun ka\u015flar, bu\u011fulu g\u00f6z far\u0131, hacimli kirpikler, porselen gibi parlak bir cilt g\u00f6r\u00fcn\u00fcm\u00fc ve k\u0131rm\u0131z\u0131 dudak renkleri \u00f6n planda yer al\u0131yor.<\/p>\n<p>K\u0131sa s\u00fcrede sosyal mecralarda g\u00fczellik anlam\u0131nda y\u00fckselen ak\u0131m halini alan T\u00fcrkan \u015eoray makyaj\u0131 ile ilgili Nevra Serezli\u2019den \u00e7arp\u0131c\u0131 bir a\u00e7\u0131klama geldi. Emel Say\u0131n&#8217;\u0131n yapt\u0131\u011f\u0131 yorumdan sonra usta oyuncu Nevra Serezli&#8217;den de ak\u0131mla ilgili yorum geldi.<\/p>\n<p><img loading=\"lazy\" decoding=\"async\" class=\"alignnone wp-image-143144\" src=\"https:\/\/www.tgrthaber.com\/mavikadin\/wp-content\/uploads\/nevra-serezli-emel-sayin-makyaji-bana-uygun-300x169.jpg\" alt=\"nevra serezli emel say\u0131n makyaj\u0131 bana uygun\" width=\"1208\" height=\"680\" title=\"\" srcset=\"https:\/\/www.tgrthaber.com\/mavikadin\/wp-content\/uploads\/nevra-serezli-emel-sayin-makyaji-bana-uygun-300x169.jpg 300w, https:\/\/www.tgrthaber.com\/mavikadin\/wp-content\/uploads\/nevra-serezli-emel-sayin-makyaji-bana-uygun-1024x576.jpg 1024w, https:\/\/www.tgrthaber.com\/mavikadin\/wp-content\/uploads\/nevra-serezli-emel-sayin-makyaji-bana-uygun-768x432.jpg 768w, https:\/\/www.tgrthaber.com\/mavikadin\/wp-content\/uploads\/nevra-serezli-emel-sayin-makyaji-bana-uygun-1536x864.jpg 1536w, https:\/\/www.tgrthaber.com\/mavikadin\/wp-content\/uploads\/nevra-serezli-emel-sayin-makyaji-bana-uygun.jpg 1920w\" sizes=\"(max-width: 1208px) 100vw, 1208px\" \/><\/p>\n<hr \/>\n<h3>\u201cT\u0130P\u0130M DE\u011e\u0130L\u201d<\/h3>\n<p>Nevra Serezli, bas\u0131n mensuplar\u0131n\u0131n T\u00fcrkan \u015eoray makyaj\u0131 ak\u0131m\u0131 hakk\u0131nda sorulan soruya \u015fa\u015f\u0131rt\u0131c\u0131 bir cevap verdi. \u201cT\u00fcrkan \u015eoray makyaj\u0131n\u0131 denediniz mi? sorusu y\u00f6neltilince Nevra Serezli, \u201c tipim de\u011fil\u201d cevab\u0131yla herkesi \u015fa\u015f\u0131rtt\u0131. Serezli, a\u00e7\u0131klamas\u0131n\u0131n yanl\u0131\u015f anla\u015f\u0131lmamas\u0131 i\u00e7in c\u00fcmlesini \u015f\u00f6yle a\u00e7\u0131klad\u0131.<\/p>\n<p>&#8220;T\u00fcrkan&#8217;da tabi \u00e7ok sevdi\u011fim bir oyuncu ama esmer g\u00fczeli, iri, kocaman kahverengi g\u00f6zleri var.&#8221; diyerek T\u00fcrkan \u015eoray makyaj\u0131n\u0131 neden tercihlerine uymad\u0131\u011f\u0131n\u0131 dile getirdi. Makyaj anlay\u0131\u015f\u0131na &#8220;Ben ancak Filiz Ak\u0131n veya Emel Say\u0131n makyaj\u0131 yapabilirim&#8221; diyerek belirtti.<\/p>\n","protected":false},"excerpt":{"rendered":"<p>Sosyal medyay\u0131 kas\u0131p kavurmaya devam eden Turkish Delight makyaj\u0131 ak\u0131m\u0131 hakk\u0131nda Nevra Serezli\u2019den de \u015fa\u015f\u0131rtan bir cevap geldi. T\u00fcrkan \u015eoray\u2019\u0131n ikonik makyaj\u0131 uluslararas\u0131 alanda konu\u015fulup uygulan\u0131rken Serezli, \u201cTipim de\u011fil\u201d diyerek ak\u0131ma kar\u015f\u0131 d\u00fc\u015f\u00fcncesini dile getirdi. <\/p>\n","protected":false},"author":10,"featured_media":143145,"comment_status":"closed","ping_status":"closed","sticky":false,"template":"","format":"standard","meta":{"rank_math_lock_modified_date":false,"footnotes":""},"categories":[76],"tags":[133,2218,2426,13272,3295],"class_list":["post-143143","post","type-post","status-publish","format-standard","has-post-thumbnail","hentry","category-magazin","tag-magazin","tag-magazin-haberleri","tag-nevra-serezli","tag-nevra-serezli-turkan-soray-makyaji","tag-turkan-soray"],"_links":{"self":[{"href":"https:\/\/www.tgrthaber.com\/mavikadin\/wp-json\/wp\/v2\/posts\/143143"}],"collection":[{"href":"https:\/\/www.tgrthaber.com\/mavikadin\/wp-json\/wp\/v2\/posts"}],"about":[{"href":"https:\/\/www.tgrthaber.com\/mavikadin\/wp-json\/wp\/v2\/types\/post"}],"author":[{"embeddable":true,"href":"https:\/\/www.tgrthaber.com\/mavikadin\/wp-json\/wp\/v2\/users\/10"}],"replies":[{"embeddable":true,"href":"https:\/\/www.tgrthaber.com\/mavikadin\/wp-json\/wp\/v2\/comments?post=143143"}],"version-history":[{"count":1,"href":"https:\/\/www.tgrthaber.com\/mavikadin\/wp-json\/wp\/v2\/posts\/143143\/revisions"}],"predecessor-version":[{"id":143146,"href":"https:\/\/www.tgrthaber.com\/mavikadin\/wp-json\/wp\/v2\/posts\/143143\/revisions\/143146"}],"wp:featuredmedia":[{"embeddable":true,"href":"https:\/\/www.tgrthaber.com\/mavikadin\/wp-json\/wp\/v2\/media\/143145"}],"wp:attachment":[{"href":"https:\/\/www.tgrthaber.com\/mavikadin\/wp-json\/wp\/v2\/media?parent=143143"}],"wp:term":[{"taxonomy":"category","embeddable":true,"href":"https:\/\/www.tgrthaber.com\/mavikadin\/wp-json\/wp\/v2\/categories?post=143143"},{"taxonomy":"post_tag","embeddable":true,"href":"https:\/\/www.tgrthaber.com\/mavikadin\/wp-json\/wp\/v2\/tags?post=143143"}],"curies":[{"name":"wp","href":"https:\/\/api.w.org\/{rel}","templated":true}]}}