{"id":143215,"date":"2025-03-07T00:14:54","date_gmt":"2025-03-06T21:14:54","guid":{"rendered":"https:\/\/www.tgrthaber.com\/mavikadin\/?p=143215"},"modified":"2025-03-07T00:14:54","modified_gmt":"2025-03-06T21:14:54","slug":"ece-gurel-4-gun-boyunca-belgrad-ormaninda-ne-yapti-onu-bulan-kopekle-bagi","status":"publish","type":"post","link":"https:\/\/www.tgrthaber.com\/mavikadin\/ece-gurel-4-gun-boyunca-belgrad-ormaninda-ne-yapti-onu-bulan-kopekle-bagi\/","title":{"rendered":"Ece G\u00fcrel 4 g\u00fcn boyunca Belgrad Orman\u0131\u2019nda ne yapt\u0131? Onu bulan k\u00f6pekle ba\u011f\u0131!"},"content":{"rendered":"<p class=\"p1\">\u0130stanbul\u2019un Ka\u011f\u0131thane il\u00e7esinde ya\u015fayan 36 ya\u015f\u0131ndaki Ece G\u00fcrel\u2019in kaybolmas\u0131, T\u00fcrkiye\u2019nin g\u00fcndemine oturmu\u015ftu. 2 Mart\u2019ta evinden ayr\u0131ld\u0131ktan sonra kendisinden haber al\u0131namayan G\u00fcrel\u2019in bulunmas\u0131yla, olay farkl\u0131 bir boyut kazand\u0131. \u0130stanbul Valili\u011fi\u2019nin yapt\u0131\u011f\u0131 resmi a\u00e7\u0131klamaya g\u00f6re, ekiplerin y\u00fcr\u00fctt\u00fc\u011f\u00fc arama \u00e7al\u0131\u015fmalar\u0131 sonucunda Ece G\u00fcrel, Belgrad Orman\u0131\u2019nda bir dere kenar\u0131nda uyur halde tespit edildi. Kayboldu\u011fu g\u00fcnden bu yana b\u00fcy\u00fck bir merakla aranan G\u00fcrel olay\u0131n\u0131n<span class=\"Apple-converted-space\">\u00a0 <\/span>en dikkat \u00e7eken detaylar\u0131ndan biri ise bir sokak k\u00f6pe\u011finin Ece G\u00fcrel\u2019in yan\u0131ndan ayr\u0131lmamas\u0131 oldu. 4 g\u00fcn boyunca onun \u00fczerine kapanarak onu korumas\u0131 ve k\u00f6pe\u011fin onu a\u00e7l\u0131ktan yememesi sosyal medyada da geni\u015f tart\u0131\u015fmalar\u0131n ya\u015fanmas\u0131na neden oldu.<\/p>\n<h3>ECE G\u00dcREL 4 G\u00dcN BOYUNCA BELGRAD ORMANI&#8217;NDA NE YAPTI?<\/h3>\n<p class=\"p1\">\u0130stanbul\u2019un Ka\u011f\u0131thane il\u00e7esinde ya\u015fayan 36 ya\u015f\u0131ndaki Ece G\u00fcrel, g\u00fcnlerdir kay\u0131pt\u0131. 2 Mart\u2019ta evinden ayr\u0131ld\u0131ktan sonra kendisinden haber al\u0131namayan G\u00fcrel i\u00e7in ailesi ve ekipler seferber oldu. \u0130stanbul Valili\u011fi taraf\u0131ndan yap\u0131lan a\u00e7\u0131klamada, y\u00fcr\u00fct\u00fclen arama \u00e7al\u0131\u015fmalar\u0131n\u0131n sonucunda G\u00fcrel\u2019in bulundu\u011fu duyuruldu.<\/p>\n<p><img loading=\"lazy\" decoding=\"async\" class=\"alignnone wp-image-143230 size-large\" src=\"https:\/\/www.tgrthaber.com\/mavikadin\/wp-content\/uploads\/Ekran-Resmi-2025-03-07-00.09.02-1024x615.png\" alt=\"\" width=\"1024\" height=\"615\" title=\"\" srcset=\"https:\/\/www.tgrthaber.com\/mavikadin\/wp-content\/uploads\/Ekran-Resmi-2025-03-07-00.09.02-1024x615.png 1024w, https:\/\/www.tgrthaber.com\/mavikadin\/wp-content\/uploads\/Ekran-Resmi-2025-03-07-00.09.02-300x180.png 300w, https:\/\/www.tgrthaber.com\/mavikadin\/wp-content\/uploads\/Ekran-Resmi-2025-03-07-00.09.02-768x461.png 768w, https:\/\/www.tgrthaber.com\/mavikadin\/wp-content\/uploads\/Ekran-Resmi-2025-03-07-00.09.02-1536x923.png 1536w, https:\/\/www.tgrthaber.com\/mavikadin\/wp-content\/uploads\/Ekran-Resmi-2025-03-07-00.09.02.png 1578w\" sizes=\"(max-width: 1024px) 100vw, 1024px\" \/><\/p>\n<hr \/>\n<p class=\"p1\">Yetkililer taraf\u0131ndan y\u00fcr\u00fct\u00fclen arama \u00e7al\u0131\u015fmalar\u0131, G\u00fcrel\u2019in Belgrad Orman\u0131\u2019nda bir dere kenar\u0131nda uyur halde tespit edilmesiyle sona erdi. \u0130lk kontrollerde sa\u011fl\u0131k durumunun stabil oldu\u011fu \u00f6\u011frenilen G\u00fcrel, ekipler taraf\u0131ndan g\u00fcvenli bir \u015fekilde bulundu\u011fu yerden \u00e7\u0131kar\u0131ld\u0131. G\u00fcrel\u2019in bulunmas\u0131n\u0131n ard\u0131ndan, sosyal medyada bir sokak k\u00f6pe\u011finin onu korudu\u011funa dair iddialar h\u0131zla yay\u0131ld\u0131. Ancak bu iddialar\u0131n do\u011frulu\u011funa dair resmi bir a\u00e7\u0131klama yap\u0131lmad\u0131. Olay\u0131n yank\u0131lar\u0131 s\u00fcrerken, G\u00fcrel\u2019in sa\u011fl\u0131k durumu ciddiyetini koruyor.<\/p>\n<h3 class=\"p1\">\u0130STANBUL VAL\u0130L\u0130\u011e\u0130&#8217;NDEN A\u00c7IKLAMA GELD\u0130<\/h3>\n<p class=\"p1\">\u0130stanbul Valili\u011fi, G\u00fcrel\u2019in bulunmas\u0131na ili\u015fkin yapt\u0131\u011f\u0131 a\u00e7\u0131klamada \u015fu ifadelere yer verdi:<\/p>\n<p class=\"p1\">&#8220;Belgrad Orman\u0131&#8217;na gezmek i\u00e7in giden ve daha sonra kendisinden haber al\u0131namayan Ece G\u00fcrel, 6 Mart g\u00fcn\u00fc saat 01.15 itibar\u0131yla sarp ormanl\u0131k alanda sa\u011f olarak bulunmu\u015ftur. AFAD koordinasyonunda y\u00fcr\u00fct\u00fclen arama kurtarma \u00e7al\u0131\u015fmalar\u0131 sonucu bulunan Ece G\u00fcrel, sa\u011fl\u0131k ekipleri taraf\u0131ndan hastaneye kald\u0131r\u0131lm\u0131\u015ft\u0131r.&#8221;<\/p>\n<p><img loading=\"lazy\" decoding=\"async\" class=\"alignnone wp-image-143231 size-large\" src=\"https:\/\/www.tgrthaber.com\/mavikadin\/wp-content\/uploads\/Ekran-Resmi-2025-03-07-00.09.08-1024x605.png\" alt=\"\" width=\"1024\" height=\"605\" title=\"\" srcset=\"https:\/\/www.tgrthaber.com\/mavikadin\/wp-content\/uploads\/Ekran-Resmi-2025-03-07-00.09.08-1024x605.png 1024w, https:\/\/www.tgrthaber.com\/mavikadin\/wp-content\/uploads\/Ekran-Resmi-2025-03-07-00.09.08-300x177.png 300w, https:\/\/www.tgrthaber.com\/mavikadin\/wp-content\/uploads\/Ekran-Resmi-2025-03-07-00.09.08-768x454.png 768w, https:\/\/www.tgrthaber.com\/mavikadin\/wp-content\/uploads\/Ekran-Resmi-2025-03-07-00.09.08.png 1510w\" sizes=\"(max-width: 1024px) 100vw, 1024px\" \/><\/p>\n<hr \/>\n<h3 class=\"p1\">ECE G\u00dcREL YA\u015eIYOR MU?<\/h3>\n<p class=\"p1\">36 ya\u015f\u0131ndaki Ece G\u00fcrel, kaybolduktan \u00fc\u00e7 g\u00fcn sonra ormanda uyur halde bulundu. G\u00fcnlerdir aranan G\u00fcrel\u2019in hayatta oldu\u011fu kesinle\u015firken, sa\u011fl\u0131k ekipleri olay yerine ula\u015farak ilk m\u00fcdahaleyi ger\u00e7ekle\u015ftirdi.<\/p>\n<p><img loading=\"lazy\" decoding=\"async\" class=\"alignnone wp-image-143232 size-large\" src=\"https:\/\/www.tgrthaber.com\/mavikadin\/wp-content\/uploads\/Ekran-Resmi-2025-03-07-00.09.14-1024x618.png\" alt=\"\" width=\"1024\" height=\"618\" title=\"\" srcset=\"https:\/\/www.tgrthaber.com\/mavikadin\/wp-content\/uploads\/Ekran-Resmi-2025-03-07-00.09.14-1024x618.png 1024w, https:\/\/www.tgrthaber.com\/mavikadin\/wp-content\/uploads\/Ekran-Resmi-2025-03-07-00.09.14-300x181.png 300w, https:\/\/www.tgrthaber.com\/mavikadin\/wp-content\/uploads\/Ekran-Resmi-2025-03-07-00.09.14-768x464.png 768w, https:\/\/www.tgrthaber.com\/mavikadin\/wp-content\/uploads\/Ekran-Resmi-2025-03-07-00.09.14.png 1500w\" sizes=\"(max-width: 1024px) 100vw, 1024px\" \/><\/p>\n<hr \/>\n<p class=\"p1\">G\u00fcrel, yap\u0131lan sa\u011fl\u0131k kontrollerinin ard\u0131ndan Seyrantepe Hamidiye Etfal E\u011fitim ve Ara\u015ft\u0131rma Hastanesi\u2019ne kald\u0131r\u0131ld\u0131. Yetkililer taraf\u0131ndan yap\u0131lan a\u00e7\u0131klamada, sa\u011fl\u0131k durumunun stabil oldu\u011fu ve tedavisinin s\u00fcrd\u00fc\u011f\u00fc belirtildi. Olay\u0131n nas\u0131l ger\u00e7ekle\u015fti\u011fi ve G\u00fcrel\u2019in ormanda nas\u0131l hayatta kald\u0131\u011f\u0131 konusunda detayl\u0131 incelemeler devam ediyor.<\/p>\n<p>&nbsp;<\/p>\n","protected":false},"excerpt":{"rendered":"<p>\u0130stanbul\u2019un Ka\u011f\u0131thane il\u00e7esinde ya\u015fayan 36 ya\u015f\u0131ndaki Ece G\u00fcrel\u2019in kaybolmas\u0131, \u00fclke g\u00fcndeminde geni\u015f yank\u0131 uyand\u0131rd\u0131. 2 Mart\u2019ta evinden ayr\u0131ld\u0131ktan sonra haber al\u0131namayan G\u00fcrel, g\u00fcnler s\u00fcren arama \u00e7al\u0131\u015fmalar\u0131 sonucunda Belgrad Orman\u0131\u2019nda bir dere kenar\u0131nda uyur halde bulundu. Yetkililerin yapt\u0131\u011f\u0131 a\u00e7\u0131klamaya g\u00f6re, sa\u011fl\u0131k durumu kontrol alt\u0131na al\u0131nd\u0131. Olay\u0131n en dikkat \u00e7eken detaylar\u0131ndan biri ise bir sokak k\u00f6pe\u011finin g\u00fcnlerce G\u00fcrel\u2019in yan\u0131nda beklemesi oldu.<\/p>\n","protected":false},"author":16,"featured_media":143233,"comment_status":"closed","ping_status":"closed","sticky":false,"template":"","format":"standard","meta":{"rank_math_lock_modified_date":false,"footnotes":""},"categories":[101],"tags":[13299,13300],"class_list":["post-143215","post","type-post","status-publish","format-standard","has-post-thumbnail","hentry","category-kesfet","tag-ece-gurel-belgrad-ormani","tag-ece-gurel-belgrad-ormani-sokak-kopegi"],"_links":{"self":[{"href":"https:\/\/www.tgrthaber.com\/mavikadin\/wp-json\/wp\/v2\/posts\/143215"}],"collection":[{"href":"https:\/\/www.tgrthaber.com\/mavikadin\/wp-json\/wp\/v2\/posts"}],"about":[{"href":"https:\/\/www.tgrthaber.com\/mavikadin\/wp-json\/wp\/v2\/types\/post"}],"author":[{"embeddable":true,"href":"https:\/\/www.tgrthaber.com\/mavikadin\/wp-json\/wp\/v2\/users\/16"}],"replies":[{"embeddable":true,"href":"https:\/\/www.tgrthaber.com\/mavikadin\/wp-json\/wp\/v2\/comments?post=143215"}],"version-history":[{"count":1,"href":"https:\/\/www.tgrthaber.com\/mavikadin\/wp-json\/wp\/v2\/posts\/143215\/revisions"}],"predecessor-version":[{"id":143234,"href":"https:\/\/www.tgrthaber.com\/mavikadin\/wp-json\/wp\/v2\/posts\/143215\/revisions\/143234"}],"wp:featuredmedia":[{"embeddable":true,"href":"https:\/\/www.tgrthaber.com\/mavikadin\/wp-json\/wp\/v2\/media\/143233"}],"wp:attachment":[{"href":"https:\/\/www.tgrthaber.com\/mavikadin\/wp-json\/wp\/v2\/media?parent=143215"}],"wp:term":[{"taxonomy":"category","embeddable":true,"href":"https:\/\/www.tgrthaber.com\/mavikadin\/wp-json\/wp\/v2\/categories?post=143215"},{"taxonomy":"post_tag","embeddable":true,"href":"https:\/\/www.tgrthaber.com\/mavikadin\/wp-json\/wp\/v2\/tags?post=143215"}],"curies":[{"name":"wp","href":"https:\/\/api.w.org\/{rel}","templated":true}]}}