{"id":143388,"date":"2025-03-07T11:35:21","date_gmt":"2025-03-07T08:35:21","guid":{"rendered":"https:\/\/www.tgrthaber.com\/mavikadin\/?p=143388"},"modified":"2025-03-07T11:35:21","modified_gmt":"2025-03-07T08:35:21","slug":"muge-anli-canli-yayinda-vefat-eden-ece-gurel-olayini-anlatti-otopsi-tamamlandi-son-bilgileri-aktardi","status":"publish","type":"post","link":"https:\/\/www.tgrthaber.com\/mavikadin\/muge-anli-canli-yayinda-vefat-eden-ece-gurel-olayini-anlatti-otopsi-tamamlandi-son-bilgileri-aktardi\/","title":{"rendered":"M\u00fcge Anl\u0131 canl\u0131 yay\u0131nda vefat eden Ece G\u00fcrel olay\u0131n\u0131 anlatt\u0131! Otopsi tamamland\u0131 son bilgileri aktard\u0131"},"content":{"rendered":"<p>Belgrad Orman\u0131&#8217;nda kaybolan Ece G\u00fcrel 4 g\u00fcn\u00fcn ard\u0131ndan sa\u011f salim bulunmu\u015f hemen tedavisi i\u00e7in hastaneye kald\u0131r\u0131lm\u0131\u015ft\u0131. M\u00fcge Anl\u0131&#8217;da program\u0131nda bu olaya geni\u015f bir \u015fekilde yer vermi\u015fti.<\/p>\n<h3>M\u00dcGE ANLI CANLI YAYINDA VEFAT EDEN ECE G\u00dcREL OLAYINI ANLATTI!<\/h3>\n<p>M\u00fcge Anl\u0131 ilk olarak ailesinin Ece&#8217;yi neden ormana yaln\u0131z g\u00f6nderdi\u011fine k\u0131zm\u0131\u015f olsa da ailesinin samimiyetini sevdi\u011fini aktarm\u0131\u015ft\u0131.<\/p>\n<div style=\"width: 640px;\" class=\"wp-video\"><!--[if lt IE 9]><script>document.createElement('video');<\/script><![endif]-->\n<video class=\"wp-video-shortcode\" id=\"video-143388-1\" width=\"640\" height=\"360\" preload=\"metadata\" controls=\"controls\"><source type=\"video\/mp4\" src=\"https:\/\/www.tgrthaber.com\/mavikadin\/wp-content\/uploads\/Kayboldugu-ormanda-5-gun-sonra-bulundu.-Ece-Gurel-yasam-mucadelesini-kaybetti.-MugeAnliIleTatliSert-MugeAnli.mp4?_=1\" \/><a href=\"https:\/\/www.tgrthaber.com\/mavikadin\/wp-content\/uploads\/Kayboldugu-ormanda-5-gun-sonra-bulundu.-Ece-Gurel-yasam-mucadelesini-kaybetti.-MugeAnliIleTatliSert-MugeAnli.mp4\">https:\/\/www.tgrthaber.com\/mavikadin\/wp-content\/uploads\/Kayboldugu-ormanda-5-gun-sonra-bulundu.-Ece-Gurel-yasam-mucadelesini-kaybetti.-MugeAnliIleTatliSert-MugeAnli.mp4<\/a><\/video><\/div>\n<hr \/>\n<p>M\u00fcge Anl\u0131 bu d\u00fcn gece yar\u0131s\u0131 ya\u015fam m\u00fccadelesini kaybeden Ece G\u00fcrel hakk\u0131nda bir a\u00e7\u0131klama yapt\u0131. G\u00fcrel&#8217;in vefat etti\u011fini \u00fczg\u00fcn bir \u015fekilde aktaran Anl\u0131 Adli T\u0131p \u00f6n\u00fcnden canl\u0131 ba\u011flant\u0131 kurdu.<\/p>\n<p>Adli T\u0131p \u00f6n\u00fcnden yap\u0131lan ba\u011flant\u0131dan Ece G\u00fcrel&#8217;in otopsisinin tamamland\u0131\u011f\u0131 bilgisi geldi. Otopsi sonu\u00e7lar\u0131 gen\u00e7 kad\u0131n\u0131n ormanda neler ya\u015fad\u0131\u011f\u0131n\u0131 g\u00f6sterecek.<\/p>\n<p><img loading=\"lazy\" decoding=\"async\" class=\"alignnone wp-image-143391\" src=\"https:\/\/www.tgrthaber.com\/mavikadin\/wp-content\/uploads\/Ekran-goruntusu-2025-03-07-105559.jpg\" alt=\"\" width=\"1208\" height=\"690\" title=\"\" srcset=\"https:\/\/www.tgrthaber.com\/mavikadin\/wp-content\/uploads\/Ekran-goruntusu-2025-03-07-105559.jpg 583w, https:\/\/www.tgrthaber.com\/mavikadin\/wp-content\/uploads\/Ekran-goruntusu-2025-03-07-105559-300x171.jpg 300w\" sizes=\"(max-width: 1208px) 100vw, 1208px\" \/><\/p>\n<hr \/>\n<h3>ECE G\u00dcREL HASTANEDE VEFAT ETT\u0130<\/h3>\n<p>\u0130stanbul&#8217;da Belgrad Orman\u0131&#8217;nda kaybolduktan 4 g\u00fcn sonra yaral\u0131 \u015fekilde bulunan Ece G\u00fcrel, hastanede ya\u015fam\u0131n\u0131 yitirdi.<\/p>\n<p>Ece G\u00fcrel Maslak Ac\u0131badem Hastanesi&#8217;nde tedavi g\u00f6rm\u00fc\u015ft\u00fc. \u0130ki kez kalbi duran G\u00fcrel organlar\u0131n\u0131n iflas etmesi \u00fczerine hayata veda etti. Yo\u011fun bak\u0131mda ent\u00fcbe halde tedavi edilen G\u00fcrel \u00f6l\u00fcm\u00fcyle t\u00fcm T\u00fcrkiye&#8217;yi derinden etkiledi.<\/p>\n<p><img loading=\"lazy\" decoding=\"async\" class=\"alignnone wp-image-143392\" src=\"https:\/\/www.tgrthaber.com\/mavikadin\/wp-content\/uploads\/Ekran-goruntusu-2025-03-07-105753.jpg\" alt=\"\" width=\"1208\" height=\"578\" title=\"\" srcset=\"https:\/\/www.tgrthaber.com\/mavikadin\/wp-content\/uploads\/Ekran-goruntusu-2025-03-07-105753.jpg 585w, https:\/\/www.tgrthaber.com\/mavikadin\/wp-content\/uploads\/Ekran-goruntusu-2025-03-07-105753-300x144.jpg 300w\" sizes=\"(max-width: 1208px) 100vw, 1208px\" \/><\/p>\n<hr \/>\n<h3>2. KEZ KALB\u0130 DURDU<\/h3>\n<p>ATV&#8217;de M\u00fcge Anl\u0131 ile Tatl\u0131 Sert program\u0131nda Ece G\u00fcrel&#8217;in \u00f6l\u00fcm\u00fcne ili\u015fkin yeni bilgiler aktar\u0131ld\u0131. Canl\u0131 yay\u0131nda, Ece G\u00fcrel&#8217;in d\u00fcn ak\u015fam ikinci defa kalbinin durdu\u011fu, fakat bu kez kurtar\u0131lamad\u0131\u011f\u0131n\u0131 ifade etti.<\/p>\n<p><img loading=\"lazy\" decoding=\"async\" class=\"alignnone wp-image-143393\" src=\"https:\/\/www.tgrthaber.com\/mavikadin\/wp-content\/uploads\/Ekran-goruntusu-2025-03-07-105845.jpg\" alt=\"\" width=\"1208\" height=\"695\" title=\"\" srcset=\"https:\/\/www.tgrthaber.com\/mavikadin\/wp-content\/uploads\/Ekran-goruntusu-2025-03-07-105845.jpg 570w, https:\/\/www.tgrthaber.com\/mavikadin\/wp-content\/uploads\/Ekran-goruntusu-2025-03-07-105845-300x173.jpg 300w\" sizes=\"(max-width: 1208px) 100vw, 1208px\" \/><\/p>\n<hr \/>\n<h3>&#8220;UZUN S\u00dcRE A\u00c7 VE SUSUZ KALDI&#8221;<\/h3>\n<p>M\u00fcge Anl\u0131 Ece G\u00fcrel&#8217;le ilgili aktard\u0131\u011f\u0131 bilgilerde gen\u00e7 kad\u0131n\u0131n uzun s\u00fcre a\u00e7 ve susuz kald\u0131\u011f\u0131n\u0131 s\u00f6ylemi\u015fti. G\u00fcrel&#8217;in organlar\u0131 bu nedenle iflas etmi\u015fti.<\/p>\n<h3>ECE&#8217;Y\u0130 \u0130K\u0130NC\u0130 B\u0130R \u015eAHIS MI BULUNDU\u011eU YERE GET\u0130RD\u0130?<\/h3>\n<p>Ece G\u00fcrel vefat\u0131yla bir\u00e7ok soruyu da arkas\u0131nda b\u0131rakt\u0131. G\u00fcrel&#8217;i ikinci bir \u015fahs\u0131n bulundu\u011fu yere getirip getirmedi\u011fi merak ediliyor.<\/p>\n<p><img loading=\"lazy\" decoding=\"async\" class=\"alignnone wp-image-143394\" src=\"https:\/\/www.tgrthaber.com\/mavikadin\/wp-content\/uploads\/Ekran-goruntusu-2025-03-07-110352.jpg\" alt=\"\" width=\"1208\" height=\"695\" title=\"\" srcset=\"https:\/\/www.tgrthaber.com\/mavikadin\/wp-content\/uploads\/Ekran-goruntusu-2025-03-07-110352.jpg 579w, https:\/\/www.tgrthaber.com\/mavikadin\/wp-content\/uploads\/Ekran-goruntusu-2025-03-07-110352-300x173.jpg 300w\" sizes=\"(max-width: 1208px) 100vw, 1208px\" \/><\/p>\n<hr \/>\n<p>Ece G\u00fcrel&#8217;in e\u015fi Sezer G\u00fcrel&#8217;in e\u015fi bulunduktan sonra video payla\u015fmas\u0131 ise dikkat \u00e7ekmi\u015fti. Her ne kadar e\u015fi i\u00e7in \u00fcz\u00fcld\u00fc\u011f\u00fc g\u00f6r\u00fclse de baz\u0131 sosyal medya kullan\u0131c\u0131lar\u0131 bu duruma bir anlam veremedi. E\u015finin o halde oldu\u011funu bilerek nas\u0131l video payla\u015f\u0131r \u015feklinde yorumlar gelmi\u015fti.<\/p>\n","protected":false},"excerpt":{"rendered":"<p>M\u00fcge Anl\u0131 ile Tatl\u0131 Sert program\u0131nda Ece G\u00fcrel&#8217;in \u00f6l\u00fcm\u00fcne ili\u015fkin yeni bilgiler aktar\u0131ld\u0131. Anl\u0131 G\u00fcrel&#8217;in vefat haberini canl\u0131 yay\u0131nda payla\u015ft\u0131.<\/p>\n","protected":false},"author":5,"featured_media":143395,"comment_status":"closed","ping_status":"closed","sticky":false,"template":"","format":"standard","meta":{"rank_math_lock_modified_date":false,"footnotes":""},"categories":[76],"tags":[12903,2453],"class_list":["post-143388","post","type-post","status-publish","format-standard","has-post-thumbnail","hentry","category-magazin","tag-ece-gurel","tag-muge-anli"],"_links":{"self":[{"href":"https:\/\/www.tgrthaber.com\/mavikadin\/wp-json\/wp\/v2\/posts\/143388"}],"collection":[{"href":"https:\/\/www.tgrthaber.com\/mavikadin\/wp-json\/wp\/v2\/posts"}],"about":[{"href":"https:\/\/www.tgrthaber.com\/mavikadin\/wp-json\/wp\/v2\/types\/post"}],"author":[{"embeddable":true,"href":"https:\/\/www.tgrthaber.com\/mavikadin\/wp-json\/wp\/v2\/users\/5"}],"replies":[{"embeddable":true,"href":"https:\/\/www.tgrthaber.com\/mavikadin\/wp-json\/wp\/v2\/comments?post=143388"}],"version-history":[{"count":1,"href":"https:\/\/www.tgrthaber.com\/mavikadin\/wp-json\/wp\/v2\/posts\/143388\/revisions"}],"predecessor-version":[{"id":143396,"href":"https:\/\/www.tgrthaber.com\/mavikadin\/wp-json\/wp\/v2\/posts\/143388\/revisions\/143396"}],"wp:featuredmedia":[{"embeddable":true,"href":"https:\/\/www.tgrthaber.com\/mavikadin\/wp-json\/wp\/v2\/media\/143395"}],"wp:attachment":[{"href":"https:\/\/www.tgrthaber.com\/mavikadin\/wp-json\/wp\/v2\/media?parent=143388"}],"wp:term":[{"taxonomy":"category","embeddable":true,"href":"https:\/\/www.tgrthaber.com\/mavikadin\/wp-json\/wp\/v2\/categories?post=143388"},{"taxonomy":"post_tag","embeddable":true,"href":"https:\/\/www.tgrthaber.com\/mavikadin\/wp-json\/wp\/v2\/tags?post=143388"}],"curies":[{"name":"wp","href":"https:\/\/api.w.org\/{rel}","templated":true}]}}