{"id":143784,"date":"2025-03-08T01:47:23","date_gmt":"2025-03-07T22:47:23","guid":{"rendered":"https:\/\/www.tgrthaber.com\/mavikadin\/?p=143784"},"modified":"2025-03-08T01:47:23","modified_gmt":"2025-03-07T22:47:23","slug":"danla-bilic-ve-emirhan-cakal-yeniden-sevgili-mi-oldu-danla-bilicten-sasirtan-itiraf","status":"publish","type":"post","link":"https:\/\/www.tgrthaber.com\/mavikadin\/danla-bilic-ve-emirhan-cakal-yeniden-sevgili-mi-oldu-danla-bilicten-sasirtan-itiraf\/","title":{"rendered":"Danla Bilic ve Emirhan \u00c7akal yeniden sevgili mi oldu? Danla Bilic\u2019ten \u015fa\u015f\u0131rtan itiraf!"},"content":{"rendered":"<p>Danla Bilic, son d\u00f6neminde Be\u015fikta\u015fl\u0131 futbolcu Emirhan Top\u00e7u ile a\u015fk ya\u015fad\u0131\u011f\u0131na dair iddialar g\u00fcndemde. Youtube kanal\u0131na eski sevgilisi Emirhan \u00c7akal&#8217;\u0131 davet eden Danla Bilic, eski sevgilisi ile olan samimi halleri yeniden sevgili olurlar m\u0131? sorusunu ak\u0131llara getirdi. \u0130kilinin birbirlerine sorup verdikleri cevaplar izleyenleri \u015fa\u015fk\u0131na \u00e7evirdi.<\/p>\n<h3>\u201cA\u015eK HO\u015eGELD\u0130N\u201d<\/h3>\n<p>Danla Bilic, program\u0131n\u0131n a\u00e7\u0131l\u0131\u015f\u0131nda Emirhan \u00c7akal\u2019\u0131n ak\u015fam\u0131n 05:30 kendi elleriyle yapt\u0131\u011f\u0131 \u00e7i\u00e7e\u011fi vererek ba\u015flad\u0131. Bilic, jestin kar\u015f\u0131s\u0131nda \u201ca\u015fk ho\u015f geldin\u201d s\u00f6zleriyle konu\u015funca Emirhan \u00c7akal, ne yapaca\u011f\u0131n\u0131 bilemedi. Danla Bilic\u2019in sordu\u011fu sorar kar\u015f\u0131s\u0131nda heyecan\u0131n\u0131 gizleyemeyen \u00c7akal, bunu her f\u0131rsatta dile getirdi.<\/p>\n<p><img loading=\"lazy\" decoding=\"async\" class=\"alignnone wp-image-143785\" src=\"https:\/\/www.tgrthaber.com\/mavikadin\/wp-content\/uploads\/emirhan-cakal-ve-danla-bilic-300x169.jpg\" alt=\"emirhan \u00e7akal ve danla bilic\" width=\"1208\" height=\"680\" title=\"\" srcset=\"https:\/\/www.tgrthaber.com\/mavikadin\/wp-content\/uploads\/emirhan-cakal-ve-danla-bilic-300x169.jpg 300w, https:\/\/www.tgrthaber.com\/mavikadin\/wp-content\/uploads\/emirhan-cakal-ve-danla-bilic-1024x576.jpg 1024w, https:\/\/www.tgrthaber.com\/mavikadin\/wp-content\/uploads\/emirhan-cakal-ve-danla-bilic-768x432.jpg 768w, https:\/\/www.tgrthaber.com\/mavikadin\/wp-content\/uploads\/emirhan-cakal-ve-danla-bilic-1536x864.jpg 1536w, https:\/\/www.tgrthaber.com\/mavikadin\/wp-content\/uploads\/emirhan-cakal-ve-danla-bilic.jpg 1920w\" sizes=\"(max-width: 1208px) 100vw, 1208px\" \/><\/p>\n<hr \/>\n<h3>\u201cDAMLA DAMLA DAMLARSIN\u201d S\u00d6Z\u00dc<\/h3>\n<p>Emirhan \u00c7akal\u2019\u0131n \u00e7\u0131kard\u0131\u011f\u0131 \u015fark\u0131y\u0131 Danla Bilic, verdi\u011fi bir r\u00f6portajda kendisine yazd\u0131\u011f\u0131n\u0131 dile getirmi\u015fti ama \u00c7akal, taraf\u0131ndan bu durum inkar edilmi\u015fti. Program\u0131na konuk olarak ald\u0131\u011f\u0131 Emirhan \u00c7akal\u2019a ilk sorular\u0131ndan biri \u201c O \u015fark\u0131y\u0131 bana m\u0131 yazm\u0131\u015ft\u0131n?\u201d oldu. \u00c7akal, \u201cHangi \u015fark\u0131dan bahsediyoruz?\u201d diyerek cevap verince Danla Bilic \u015fa\u015f\u0131rd\u0131. \u00c7akal, \u201cDamla damla damlars\u0131n\u201d \u015fark\u0131s\u0131n\u0131 ona yazmad\u0131\u011f\u0131n\u0131 ba\u015fka bir \u015fark\u0131 yazd\u0131\u011f\u0131n\u0131 itiraf etti. \u00c7akal,\u201c Onu sadece kafiye olsun diye yapm\u0131\u015ft\u0131m. Sen bir anda \u00fcst\u00fcne al\u0131nd\u0131n.\u201d dedi.<\/p>\n<h3>\u00c7AKAL\u2019DAN DAMLA B\u0130L\u0130C\u2019E S\u0130NEMA TEKL\u0130F\u0130<\/h3>\n<p>Emirhan \u00c7akal, A\u015fk Sadece Bir An filmini izlemek i\u00e7in Danla Bilic\u2019e sinemaya gitme teklifi etti. Filmimi izledin mi sorusu \u00fczerine \u201cHay\u0131r\u201d cevab\u0131n\u0131 veren Bilic, magazin bas\u0131n\u0131n haber yapmas\u0131ndan kaynakl\u0131 filmine gitmedi\u011fini a\u00e7\u0131klad\u0131. \u00c7akal, Danla Bilic\u2019e \u201c Sinemaya izlemeye birlikte gidelim mi? sorusuna Danla Bilic\u2019in \u201cTamam\u201d demesi ikilinin yeniden sevgili olabilece\u011fine dair iddialar konu\u015fulmaya ba\u015fland\u0131.<\/p>\n<p><img loading=\"lazy\" decoding=\"async\" class=\"alignnone wp-image-143786\" src=\"https:\/\/www.tgrthaber.com\/mavikadin\/wp-content\/uploads\/emirhan-cakal-danla-bilic-sinema-teklif-etti-300x169.jpg\" alt=\"emirhan \u00e7akal, danla bilic sinema teklif etti\" width=\"1208\" height=\"680\" title=\"\" srcset=\"https:\/\/www.tgrthaber.com\/mavikadin\/wp-content\/uploads\/emirhan-cakal-danla-bilic-sinema-teklif-etti-300x169.jpg 300w, https:\/\/www.tgrthaber.com\/mavikadin\/wp-content\/uploads\/emirhan-cakal-danla-bilic-sinema-teklif-etti-1024x576.jpg 1024w, https:\/\/www.tgrthaber.com\/mavikadin\/wp-content\/uploads\/emirhan-cakal-danla-bilic-sinema-teklif-etti-768x432.jpg 768w, https:\/\/www.tgrthaber.com\/mavikadin\/wp-content\/uploads\/emirhan-cakal-danla-bilic-sinema-teklif-etti-1536x864.jpg 1536w, https:\/\/www.tgrthaber.com\/mavikadin\/wp-content\/uploads\/emirhan-cakal-danla-bilic-sinema-teklif-etti.jpg 1920w\" sizes=\"(max-width: 1208px) 100vw, 1208px\" \/><\/p>\n<hr \/>\n<h3>\u201cSEN\u0130 D\u011e\u0130\u015eT\u0130R\u0130RD\u0130M\u201d<\/h3>\n<p>Danla Bilic, bir k\u0131z\u0131n hakk\u0131nda fikir sahibi olabilmek i\u00e7in bir soru sorma hakk\u0131n var. Ne sorard\u0131n?\u201d sorusu \u00fczerine Emirhan \u00c7akal, \u201cHayatta bir \u015feyi de\u011fi\u015ftirmek istesen neyi de\u011fi\u015ftirirdin?\u201d diye sordu. Bilic\u2019in \u201c Seni\u201d cevab\u0131 Emirhan \u00c7akal\u2019\u0131 \u015fok etti.<\/p>\n","protected":false},"excerpt":{"rendered":"<p>Danla Bilic, son d\u00f6neminde Be\u015fikta\u015fl\u0131 futbolcu Emirhan Top\u00e7u ile a\u015fk ya\u015fad\u0131\u011f\u0131na dair iddialar g\u00fcndemde. Youtube kanal\u0131na eski sevgilisi Emirhan \u00c7akal&#8217;\u0131 davet eden Danla Bilic, eski sevgilisi ile olan samimi halleri yeniden sevgili olurlar m\u0131? sorusunu ak\u0131llara getirdi. \u0130kilinin birbirlerine sorup verdikleri cevaplar izleyenleri \u015fa\u015fk\u0131na \u00e7evirdi. <\/p>\n","protected":false},"author":10,"featured_media":143787,"comment_status":"closed","ping_status":"closed","sticky":false,"template":"","format":"standard","meta":{"rank_math_lock_modified_date":false,"footnotes":""},"categories":[76],"tags":[2654,3214,133,2218],"class_list":["post-143784","post","type-post","status-publish","format-standard","has-post-thumbnail","hentry","category-magazin","tag-danla-bilic","tag-emirhan-cakal","tag-magazin","tag-magazin-haberleri"],"_links":{"self":[{"href":"https:\/\/www.tgrthaber.com\/mavikadin\/wp-json\/wp\/v2\/posts\/143784"}],"collection":[{"href":"https:\/\/www.tgrthaber.com\/mavikadin\/wp-json\/wp\/v2\/posts"}],"about":[{"href":"https:\/\/www.tgrthaber.com\/mavikadin\/wp-json\/wp\/v2\/types\/post"}],"author":[{"embeddable":true,"href":"https:\/\/www.tgrthaber.com\/mavikadin\/wp-json\/wp\/v2\/users\/10"}],"replies":[{"embeddable":true,"href":"https:\/\/www.tgrthaber.com\/mavikadin\/wp-json\/wp\/v2\/comments?post=143784"}],"version-history":[{"count":1,"href":"https:\/\/www.tgrthaber.com\/mavikadin\/wp-json\/wp\/v2\/posts\/143784\/revisions"}],"predecessor-version":[{"id":143788,"href":"https:\/\/www.tgrthaber.com\/mavikadin\/wp-json\/wp\/v2\/posts\/143784\/revisions\/143788"}],"wp:featuredmedia":[{"embeddable":true,"href":"https:\/\/www.tgrthaber.com\/mavikadin\/wp-json\/wp\/v2\/media\/143787"}],"wp:attachment":[{"href":"https:\/\/www.tgrthaber.com\/mavikadin\/wp-json\/wp\/v2\/media?parent=143784"}],"wp:term":[{"taxonomy":"category","embeddable":true,"href":"https:\/\/www.tgrthaber.com\/mavikadin\/wp-json\/wp\/v2\/categories?post=143784"},{"taxonomy":"post_tag","embeddable":true,"href":"https:\/\/www.tgrthaber.com\/mavikadin\/wp-json\/wp\/v2\/tags?post=143784"}],"curies":[{"name":"wp","href":"https:\/\/api.w.org\/{rel}","templated":true}]}}