{"id":143791,"date":"2025-03-08T02:24:35","date_gmt":"2025-03-07T23:24:35","guid":{"rendered":"https:\/\/www.tgrthaber.com\/mavikadin\/?p=143791"},"modified":"2025-03-08T02:24:35","modified_gmt":"2025-03-07T23:24:35","slug":"mukbang-videolariyla-unlenen-obezite-fenomen-efecan-kultur-neden-oldu-hastaligi-neydi","status":"publish","type":"post","link":"https:\/\/www.tgrthaber.com\/mavikadin\/mukbang-videolariyla-unlenen-obezite-fenomen-efecan-kultur-neden-oldu-hastaligi-neydi\/","title":{"rendered":"Mukbang videolar\u0131yla \u00fcnlenen Obezite fenomen Efecan K\u00fclt\u00fcr neden \u00f6ld\u00fc, hastal\u0131\u011f\u0131 neydi?"},"content":{"rendered":"<p>TikTok&#8217;ta 148 bin olmak \u00fczere Instagram&#8217;da 10 bin, YouTube&#8217;da ise 2 bin takip\u00e7isi olarak sosyal medyan\u0131n takip edilen fenomenlerinden olan Efecan K\u00fclt\u00fcr, sosyal medyada yay\u0131nlad\u0131\u011f\u0131 yemek yeme videolar\u0131yla izleyenlerin dikkatini \u00e7ekmi\u015fti.<\/p>\n<p>Obezite hastas\u0131 Efecan K\u00fclt\u00fcr, aktif kulland\u0131\u011f\u0131 sosyal medya hesaplar\u0131nda g\u00fcn ve g\u00fcn yay\u0131nlad\u0131\u011f\u0131 yemek videolar\u0131 ile her g\u00fcn takip\u00e7i say\u0131s\u0131n\u0131 katlaya katlaya ilerliyordu. Instagram hesab\u0131nda &#8216;Ankara Abisi&#8217; isimli kullan\u0131c\u0131 ad\u0131yla bilinen Yasin Oyan\u0131k, 24 ya\u015f\u0131ndaki gen\u00e7 fenomenin ac\u0131 haberini duyurdu.<\/p>\n<p>&#8216;Mukbang&#8217; ak\u0131m\u0131 sayesinde \u00fcn kazanan fenomen i\u00e7in bir\u00e7ok ki\u015fi internette, &#8220;Efecan K\u00fclt\u00fcr \u00f6ld\u00fc m\u00fc, neden \u00f6ld\u00fc?&#8221; gibi sorular\u0131 ara\u015ft\u0131rd\u0131. Peki, TikTok fenomeni Efecan K\u00fclt\u00fcr neden hayat\u0131n\u0131 kaybetti, hastal\u0131\u011f\u0131 neydi? \u0130\u015fte merak edilenler&#8230;<\/p>\n<h3>YEMEK YEME V\u0130DEOLARI \u0130LE TANINIYORDU&#8230; FENOMEN EFECAN K\u00dcLT\u00dcR NEDEN \u00d6LD\u00dc?<\/h3>\n<p>G\u00fcn\u00fcm\u00fczde \u00f6zellikle de \u00e7ocuklar\u0131 ve gen\u00e7ler b\u00fcy\u00fck bir tehlike alt\u0131na sokan Mukbang ak\u0131m\u0131, uygulayan ki\u015filer \u00fczerinde \u00e7ok ciddi \u00f6l\u00fcmc\u00fcl sonu\u00e7lar do\u011furarak o kimseleri hastanelik ediyordu.<\/p>\n<p><img loading=\"lazy\" decoding=\"async\" class=\"wp-image-143796\" src=\"https:\/\/www.tgrthaber.com\/mavikadin\/wp-content\/uploads\/efecan-kultur.png\" alt=\"efecan k\u00fclt\u00fcr\" width=\"1208\" height=\"722\" title=\"\" srcset=\"https:\/\/www.tgrthaber.com\/mavikadin\/wp-content\/uploads\/efecan-kultur.png 865w, https:\/\/www.tgrthaber.com\/mavikadin\/wp-content\/uploads\/efecan-kultur-300x179.png 300w, https:\/\/www.tgrthaber.com\/mavikadin\/wp-content\/uploads\/efecan-kultur-768x459.png 768w\" sizes=\"(max-width: 1208px) 100vw, 1208px\" \/><\/p>\n<hr \/>\n<p>Buna son \u00f6rnek ise \u00fcnl\u00fc sosyal medya fenomeni Efe Can K\u00fclt\u00fcr oldu. Yemek yeme videolar\u0131n\u0131 sosyal medya hesab\u0131nda payla\u015f\u0131p fenomen olan Efecan K\u00fclt\u00fcr, v\u00fccudunda olu\u015fan morluklar nedeniyle hastaneye kald\u0131r\u0131lm\u0131\u015ft\u0131.<\/p>\n<p>Fazla kilolar\u0131ndan dolay\u0131 ya\u015fad\u0131\u011f\u0131 s\u0131k\u0131nt\u0131lar nedeniyle hastanelik olan K\u00fclt\u00fcr&#8217;\u00fcn tedavisi bir s\u00fcreli\u011fine evden devam edilse de K\u00fclt\u00fcr daha fazla dayanamad\u0131 ve hayat\u0131n\u0131 kaybetti.<\/p>\n<h3>YOUTUBER TAYLAN \u00d6ZG\u00dc\u00c7&#8217;TEN EFECAN K\u00dcLT\u00dcR A\u00c7IKLAMASI!<\/h3>\n<p>Youtube da yay\u0131nlad\u0131\u011f\u0131 videolarla izlenme rekorlar\u0131 k\u0131ran \u00fcnl\u00fc Youtuber Taylan \u00d6zg\u00fc\u00e7 Dany\u0131ld\u0131z, sosyal medya hesab\u0131ndan fenomen Efecan K\u00fclt\u00fcr&#8217;\u00fcn vefat etti\u011fini duyurdu.<\/p>\n<p><img loading=\"lazy\" decoding=\"async\" class=\"alignnone wp-image-143797\" src=\"https:\/\/www.tgrthaber.com\/mavikadin\/wp-content\/uploads\/ffffffffffffffffffffff.png\" alt=\"\" width=\"1208\" height=\"654\" title=\"\" srcset=\"https:\/\/www.tgrthaber.com\/mavikadin\/wp-content\/uploads\/ffffffffffffffffffffff.png 911w, https:\/\/www.tgrthaber.com\/mavikadin\/wp-content\/uploads\/ffffffffffffffffffffff-300x162.png 300w, https:\/\/www.tgrthaber.com\/mavikadin\/wp-content\/uploads\/ffffffffffffffffffffff-768x416.png 768w\" sizes=\"(max-width: 1208px) 100vw, 1208px\" \/><\/p>\n<hr \/>\n<p>Taylan a\u00e7\u0131klamas\u0131nda &#8220;Ayaklanmas\u0131 i\u00e7in umudum vard\u0131, ba\u015faramad\u0131k&#8221; diyerek \u00fcz\u00fcnt\u00fcs\u00fcn\u00fc dile getirdi.<\/p>\n<h3>FENOMEN EFECAN K\u00dcLT\u00dcR K\u0130MD\u0130R?<\/h3>\n<p>TikTok&#8217;ta 155 bini ge\u00e7en ve her g\u00fcn takip\u00e7i say\u0131s\u0131 daha da artan sosyal medya fenomeni Efecan K\u00fclt\u00fcr, devaml\u0131 olarak takip\u00e7ilerine payla\u015ft\u0131\u011f\u0131 yemek yedi\u011fi videolar ve canl\u0131 yay\u0131n a\u00e7arak kamera kar\u015f\u0131s\u0131nda yemek yemesiyle tan\u0131n\u0131yordu.<\/p>\n<p>Birka\u00e7 ayd\u0131r fazla kilolar\u0131n\u0131n s\u0131k\u0131nt\u0131s\u0131n\u0131 \u00e7ekerek hastanelik olan K\u00fclt\u00fcr&#8217;\u00fcn ac\u0131 haberi geldi.\u00a0 fazla kilo nedeniyle ya\u015fad\u0131\u011f\u0131 sa\u011fl\u0131k sorunlar\u0131ndan dolay\u0131 hastaneye kald\u0131r\u0131lan Efecan K\u00fclt\u00fcr hayat\u0131n\u0131 kaybetti.<\/p>\n<p>Kilosundan dolay\u0131 \u00e7ok ciddi sa\u011fl\u0131k problemleri olan Efecan K\u00fclt\u00fcr&#8217;\u00fcn \u00f6l\u00fcm\u00fcne y\u00f6nelik hen\u00fcz net bir a\u00e7\u0131klama gelmedi.<\/p>\n","protected":false},"excerpt":{"rendered":"<p>Canl\u0131 yay\u0131nda ve payla\u015ft\u0131\u011f\u0131 g\u00f6nderilerde yemek yeme videolar\u0131 ile tan\u0131nan sosyal medya fenomeni Efecan K\u00fclt\u00fcr hayat\u0131n\u0131 kaybetti. Peki efecan k\u00fclt\u00fcr nedne \u00f6ld\u00fc, hastal\u0131\u011f\u0131 neydi?<\/p>\n","protected":false},"author":27,"featured_media":143798,"comment_status":"closed","ping_status":"closed","sticky":false,"template":"","format":"standard","meta":{"rank_math_lock_modified_date":false,"footnotes":""},"categories":[78],"tags":[13446,13447,13448,13450,13449,4795,13451],"class_list":["post-143791","post","type-post","status-publish","format-standard","has-post-thumbnail","hentry","category-yasam","tag-efecan-kultur","tag-efecan-kultur-kimdir","tag-efecan-kultur-neden-oldu","tag-efecan-kultur-oldu-mu","tag-efecan-kulturun-hastaligi","tag-mukbang-akimi","tag-obezite"],"_links":{"self":[{"href":"https:\/\/www.tgrthaber.com\/mavikadin\/wp-json\/wp\/v2\/posts\/143791"}],"collection":[{"href":"https:\/\/www.tgrthaber.com\/mavikadin\/wp-json\/wp\/v2\/posts"}],"about":[{"href":"https:\/\/www.tgrthaber.com\/mavikadin\/wp-json\/wp\/v2\/types\/post"}],"author":[{"embeddable":true,"href":"https:\/\/www.tgrthaber.com\/mavikadin\/wp-json\/wp\/v2\/users\/27"}],"replies":[{"embeddable":true,"href":"https:\/\/www.tgrthaber.com\/mavikadin\/wp-json\/wp\/v2\/comments?post=143791"}],"version-history":[{"count":1,"href":"https:\/\/www.tgrthaber.com\/mavikadin\/wp-json\/wp\/v2\/posts\/143791\/revisions"}],"predecessor-version":[{"id":143799,"href":"https:\/\/www.tgrthaber.com\/mavikadin\/wp-json\/wp\/v2\/posts\/143791\/revisions\/143799"}],"wp:featuredmedia":[{"embeddable":true,"href":"https:\/\/www.tgrthaber.com\/mavikadin\/wp-json\/wp\/v2\/media\/143798"}],"wp:attachment":[{"href":"https:\/\/www.tgrthaber.com\/mavikadin\/wp-json\/wp\/v2\/media?parent=143791"}],"wp:term":[{"taxonomy":"category","embeddable":true,"href":"https:\/\/www.tgrthaber.com\/mavikadin\/wp-json\/wp\/v2\/categories?post=143791"},{"taxonomy":"post_tag","embeddable":true,"href":"https:\/\/www.tgrthaber.com\/mavikadin\/wp-json\/wp\/v2\/tags?post=143791"}],"curies":[{"name":"wp","href":"https:\/\/api.w.org\/{rel}","templated":true}]}}