{"id":143820,"date":"2025-03-08T04:12:39","date_gmt":"2025-03-08T01:12:39","guid":{"rendered":"https:\/\/www.tgrthaber.com\/mavikadin\/?p=143820"},"modified":"2025-03-08T04:12:39","modified_gmt":"2025-03-08T01:12:39","slug":"vefa-sultan-6-bolumde-muderris-mustafa-imtihani-gecebilecek-mi-vefa-sultan-7-bolumde-neler-olacak","status":"publish","type":"post","link":"https:\/\/www.tgrthaber.com\/mavikadin\/vefa-sultan-6-bolumde-muderris-mustafa-imtihani-gecebilecek-mi-vefa-sultan-7-bolumde-neler-olacak\/","title":{"rendered":"Vefa Sultan 6. b\u00f6l\u00fcmde M\u00fcderris Mustafa imtihan\u0131 ge\u00e7ebilecek mi? Vefa Sultan 7. b\u00f6l\u00fcmde neler olacak?"},"content":{"rendered":"<p>TRT 1 ekranlar\u0131nda her ak\u015fam 23:30 \u2018da ekranlara gelen Vefa Sultan dizisi 5. B\u00f6l\u00fcm\u00fc ile ekranlarda geldi. Hakikat bulma yolculu\u011funda insano\u011flunun ge\u00e7ece\u011fi ad\u0131mlar\u0131 ve zorluklar\u0131 anlat\u0131rken, tasavvuf ruhunu da izleyenlere aktarmay\u0131 ba\u015far\u0131yor. M\u00fcderris Mustafa\u2019n\u0131n sabr\u0131n\u0131 dizginleyerek ula\u015fmak istedi\u011fi hakikat yolculu\u011funda \u015eeyh Kudsi\u2019nin ona verdi\u011fi g\u00f6revin anlam\u0131n\u0131 bu kez ke\u015ffedebilecek mi? Vefa Sultan 6. b\u00f6l\u00fcm\u00fcnde neler oldu? Vefa Sultan 7. B\u00f6l\u00fcmde neler olacak? \u015eeyh Kudsi\u2019nin yarenin kim olacak?<\/p>\n<h3>VEFA SULTAN 6. B\u00d6L\u00dcM\u00dcNDE NELER OLDU?<\/h3>\n<p>M\u00fcderris Mustafa, \u015eeyh Kudsi\u2019nin huzuruna g\u00f6n\u00fcl rahatl\u0131\u011f\u0131yla \u00e7\u0131kabilmek ad\u0131na ona verdi\u011fi vazifeyi hatas\u0131z \u015fekilde yapmaya \u00e7al\u0131\u015f\u0131r. Deri y\u00fczeyini y\u00fczerken ki acelecili\u011fi yine ba\u015f\u0131na dert olur. Ak\u0131l ve g\u00f6nl\u00fcn ba\u015fka yerde oldu\u011fundan M\u00fcderris Mustafa ona verilen i\u015fin alt metninde yatan mesaj\u0131 alg\u0131lamakta zorlan\u0131r. Hatalar\u0131n\u0131n fark\u0131na varmas\u0131 i\u00e7in ustas\u0131 taraf\u0131ndan uyar\u0131l\u0131r.<\/p>\n<p>\u015eeyh Kudsi\u2019nin huzuruna \u00e7\u0131kt\u0131ktan sonra M\u00fcderris Mustafa\u2019n\u0131n kafas\u0131 daha \u00e7ok kar\u0131\u015f\u0131r. G\u00f6rd\u00fc\u011f\u00fc r\u00fcya ilerledi\u011fi yolda bir \u00fcst seviyeye \u00e7\u0131kar. Hatalar\u0131n\u0131 g\u00f6ren pi\u015fman olan ve kendini sorgulayan nefis mertebesine ula\u015f\u0131r. Dergah\u2019\u0131n kap\u0131s\u0131n\u0131n hak edip etmedi\u011fini d\u00fc\u015f\u00fcnen M\u00fcderris Mustafa, Karamani ile konuyu konu\u015fur. Koyun derilerini d\u00f6vemeye devam ederken \u201c La ilahe illallah\u201d zikrini diyerek derileri d\u00f6vmeye ba\u015flar. \u015eeyh Kudsi\u2019nin M\u00fcderris Mustafa\u2019ya verdi\u011fi ikinci g\u00f6rev budur. \u015eeyh Kudsi\u2019nin yan\u0131nda yarenlik edecek ki\u015fi ise M\u00fcderris Mustafa\u2019d\u0131r.<\/p>\n<p><img loading=\"lazy\" decoding=\"async\" class=\"alignnone wp-image-143822\" src=\"https:\/\/www.tgrthaber.com\/mavikadin\/wp-content\/uploads\/vefa-sultan-6.-bolum-300x169.jpg\" alt=\"vefa sultan 6. b\u00f6l\u00fcm\" width=\"1208\" height=\"680\" title=\"\" srcset=\"https:\/\/www.tgrthaber.com\/mavikadin\/wp-content\/uploads\/vefa-sultan-6.-bolum-300x169.jpg 300w, https:\/\/www.tgrthaber.com\/mavikadin\/wp-content\/uploads\/vefa-sultan-6.-bolum-1024x576.jpg 1024w, https:\/\/www.tgrthaber.com\/mavikadin\/wp-content\/uploads\/vefa-sultan-6.-bolum-768x432.jpg 768w, https:\/\/www.tgrthaber.com\/mavikadin\/wp-content\/uploads\/vefa-sultan-6.-bolum-1536x864.jpg 1536w, https:\/\/www.tgrthaber.com\/mavikadin\/wp-content\/uploads\/vefa-sultan-6.-bolum.jpg 1920w\" sizes=\"(max-width: 1208px) 100vw, 1208px\" \/><\/p>\n<hr \/>\n<h3>\u201cKALPLERDE OLANI EN \u0130Y\u0130 ALLAH B\u0130L\u0130R\u201d<\/h3>\n<p>Celaleddin, \u015eeyh Kudsi\u2019nin ona verece\u011fi h\u00fckm\u00fcn ne oldu\u011funu merak eder. \u015eeyh Kudsi\u2019nin verece\u011fi her h\u00fckm\u00fc kabul edece\u011fini s\u00f6yler. Kabakhaneye can\u0131 ile birlikte gitmesini ister. \u0130\u00e7ini kemiren k\u00f6t\u00fc d\u00fc\u015f\u00fcncelerden ar\u0131nmas\u0131 gerekti\u011fini s\u00f6yleyen \u015eeyh Kudsi\u2019nin g\u00f6revini kabul eder.<\/p>\n<h3>YALEL\u0130 AY\u015eE\u2019YLE Y\u00dcZLE\u015e\u0130R<\/h3>\n<p>Yaleli, Ay\u015fe\u2019nin \u00e7eyizleri i\u00e7in at\u0131n satm\u0131\u015ft\u0131r. Ay\u015fe kap\u0131s\u0131nda g\u00f6rd\u00fc\u011f\u00fc \u00e7eyizlerin Yaleli\u2019nin ald\u0131\u011f\u0131n\u0131 \u00f6\u011frenir ve onun kar\u015f\u0131s\u0131na \u00e7\u0131kar. Ay\u015fe, Yaleli\u2019nin bunu neden yapt\u0131\u011f\u0131n\u0131 \u00f6\u011frenmek ister. Yaleli, \u201ckokusu geldi burnuma\u201d der ama Ay\u015fe, Belinay\u2019la konu\u015furken \u015fi\u015feleri k\u0131r\u0131p giden ki\u015finin o oldu\u011funu anlar. Ard\u0131nda hi\u00e7bir iz b\u0131rakmadan yard\u0131m etti\u011fi i\u00e7in Yaleli\u2019nin yapt\u0131\u011f\u0131 g\u00fczelli\u011fi asla unutmayaca\u011f\u0131n\u0131 s\u00f6yler. Yadigar olarak ona mendil verir ve hat\u0131rlamas\u0131n\u0131 ister. Yaleli, mendilin onu hat\u0131rlat\u0131r bilemedi\u011fini ama a\u015fk\u0131ndan meftun oldu\u011funu hat\u0131rlayaca\u011f\u0131n\u0131 s\u00f6yler.<\/p>\n<p><img loading=\"lazy\" decoding=\"async\" class=\"alignnone wp-image-143821\" src=\"https:\/\/www.tgrthaber.com\/mavikadin\/wp-content\/uploads\/vefa-sutan-6.-bolumde-neler-oldu-300x169.jpg\" alt=\"vefa sutan 6. b\u00f6l\u00fcmde neler oldu\" width=\"1208\" height=\"680\" title=\"\" srcset=\"https:\/\/www.tgrthaber.com\/mavikadin\/wp-content\/uploads\/vefa-sutan-6.-bolumde-neler-oldu-300x169.jpg 300w, https:\/\/www.tgrthaber.com\/mavikadin\/wp-content\/uploads\/vefa-sutan-6.-bolumde-neler-oldu-1024x576.jpg 1024w, https:\/\/www.tgrthaber.com\/mavikadin\/wp-content\/uploads\/vefa-sutan-6.-bolumde-neler-oldu-768x432.jpg 768w, https:\/\/www.tgrthaber.com\/mavikadin\/wp-content\/uploads\/vefa-sutan-6.-bolumde-neler-oldu-1536x864.jpg 1536w, https:\/\/www.tgrthaber.com\/mavikadin\/wp-content\/uploads\/vefa-sutan-6.-bolumde-neler-oldu.jpg 1920w\" sizes=\"(max-width: 1208px) 100vw, 1208px\" \/><\/p>\n<hr \/>\n<h3>VEFA SULTAN 7. B\u00d6L\u00dcMDE NELER OLACAK?<\/h3>\n<p>M\u00fcderris Mustafa, \u015eeyh Kudsi\u2019nin yareni olur. Onunla birlikte bir yolculu\u011fa \u00e7\u0131kacak. Yolculuk s\u0131ras\u0131nda sualinin cevab\u0131na bir ad\u0131m daha yakla\u015fmaya \u00e7al\u0131\u015fabilecek mi? Yaleli\u2019nin i\u00e7indeki a\u015fk de\u011fi\u015fmi\u015ftir, art\u0131k kainat\u0131n sahibi yolunda ilerlemeye ba\u015flar. H\u0131rs\u0131zl\u0131\u011f\u0131 yapan dilsiz kimdir?<\/p>\n","protected":false},"excerpt":{"rendered":"<p>TRT 1 ekranlar\u0131nda her ak\u015fam 23:30 \u2018da ekranlara gelen Vefa Sultan dizisi 5. B\u00f6l\u00fcm\u00fc ile ekranlarda geldi. Hakikat bulma yolculu\u011funda insano\u011flunun ge\u00e7ece\u011fi ad\u0131mlar\u0131 ve zorluklar\u0131 anlat\u0131rken, tasavvuf ruhunu da izleyenlere aktarmay\u0131 ba\u015far\u0131yor. M\u00fcderris Mustafa\u2019n\u0131n sabr\u0131n\u0131 dizginleyerek ula\u015fmak istedi\u011fi hakikat yolculu\u011funda \u015eeyh Kudsi\u2019nin ona verdi\u011fi g\u00f6revin anlam\u0131n\u0131 bu kez ke\u015ffedebilecek mi? Vefa Sultan 6. b\u00f6l\u00fcm\u00fcnde neler oldu? Vefa Sultan 7. B\u00f6l\u00fcmde neler olacak? \u015eeyh Kudsi\u2019nin yarenin kim olacak?<\/p>\n","protected":false},"author":10,"featured_media":143823,"comment_status":"closed","ping_status":"closed","sticky":false,"template":"","format":"standard","meta":{"rank_math_lock_modified_date":false,"footnotes":""},"categories":[602],"tags":[12829,2628,10390,11646,13458,13459],"class_list":["post-143820","post","type-post","status-publish","format-standard","has-post-thumbnail","hentry","category-diziler","tag-dizi-analiz","tag-dizi-haberleri","tag-dizi-magazin","tag-vefa-sultan","tag-vefa-sultan-6-bolum","tag-vefa-sultan-7-bolum-fragmani"],"_links":{"self":[{"href":"https:\/\/www.tgrthaber.com\/mavikadin\/wp-json\/wp\/v2\/posts\/143820"}],"collection":[{"href":"https:\/\/www.tgrthaber.com\/mavikadin\/wp-json\/wp\/v2\/posts"}],"about":[{"href":"https:\/\/www.tgrthaber.com\/mavikadin\/wp-json\/wp\/v2\/types\/post"}],"author":[{"embeddable":true,"href":"https:\/\/www.tgrthaber.com\/mavikadin\/wp-json\/wp\/v2\/users\/10"}],"replies":[{"embeddable":true,"href":"https:\/\/www.tgrthaber.com\/mavikadin\/wp-json\/wp\/v2\/comments?post=143820"}],"version-history":[{"count":1,"href":"https:\/\/www.tgrthaber.com\/mavikadin\/wp-json\/wp\/v2\/posts\/143820\/revisions"}],"predecessor-version":[{"id":143824,"href":"https:\/\/www.tgrthaber.com\/mavikadin\/wp-json\/wp\/v2\/posts\/143820\/revisions\/143824"}],"wp:featuredmedia":[{"embeddable":true,"href":"https:\/\/www.tgrthaber.com\/mavikadin\/wp-json\/wp\/v2\/media\/143823"}],"wp:attachment":[{"href":"https:\/\/www.tgrthaber.com\/mavikadin\/wp-json\/wp\/v2\/media?parent=143820"}],"wp:term":[{"taxonomy":"category","embeddable":true,"href":"https:\/\/www.tgrthaber.com\/mavikadin\/wp-json\/wp\/v2\/categories?post=143820"},{"taxonomy":"post_tag","embeddable":true,"href":"https:\/\/www.tgrthaber.com\/mavikadin\/wp-json\/wp\/v2\/tags?post=143820"}],"curies":[{"name":"wp","href":"https:\/\/api.w.org\/{rel}","templated":true}]}}