{"id":143877,"date":"2025-03-08T11:03:00","date_gmt":"2025-03-08T08:03:00","guid":{"rendered":"https:\/\/www.tgrthaber.com\/mavikadin\/?p=143877"},"modified":"2025-03-08T16:35:10","modified_gmt":"2025-03-08T13:35:10","slug":"imam-bayildinin-yanina-ne-hangi-yiyecekler-gider-nasil-servis-edilir-imam-bayildi-ve-karniyarik-arasindaki-fark-nedir","status":"publish","type":"post","link":"https:\/\/www.tgrthaber.com\/mavikadin\/imam-bayildinin-yanina-ne-hangi-yiyecekler-gider-nasil-servis-edilir-imam-bayildi-ve-karniyarik-arasindaki-fark-nedir\/","title":{"rendered":"\u0130mam bay\u0131ld\u0131n\u0131n yan\u0131na ne, hangi yiyecekler gider, nas\u0131l servis edilir? \u0130mam bay\u0131ld\u0131 ve karn\u0131yar\u0131k aras\u0131ndaki fark nedir?"},"content":{"rendered":"<p>\u0130mam bay\u0131ld\u0131 T\u00fcrk mutfa\u011f\u0131n\u0131n sevilen zeytinya\u011fl\u0131 yemeklerinden. Peki imam bay\u0131ld\u0131n\u0131n yan\u0131na hangi yiyecek ve i\u00e7ecekler yak\u0131\u015f\u0131r?<\/p>\n<p>\u0130mam bay\u0131ld\u0131, Osmanl\u0131 mutfa\u011f\u0131ndan g\u00fcn\u00fcm\u00fcze ula\u015fm\u0131\u015f geleneksel lezzetlerden.<\/p>\n<p>Patl\u0131can, so\u011fan, biber, domates gibi malzemelerle yap\u0131lan bu yemek genellikle so\u011fuk servis ediliyor. Hatta karn\u0131yar\u0131kla imam bay\u0131ld\u0131n\u0131n bir fark\u0131 da imam bay\u0131ld\u0131n\u0131n so\u011fuk servis edilmesi, di\u011fer fark\u0131 ise imam bay\u0131ld\u0131 yeme\u011finde k\u0131yma bulunmuyor.<\/p>\n<p>\u0130mam bay\u0131ld\u0131n\u0131n daha hafif olmas\u0131 i\u00e7in patl\u0131canlar k\u0131zart\u0131lm\u0131yor, f\u0131r\u0131na verilip pi\u015firiliyor. Fakat k\u0131zart\u0131nca daha lezzetli oluyor.<\/p>\n<p>\u0130\u015fte imam bay\u0131ld\u0131n\u0131n yan\u0131nda en \u00e7ok yak\u0131\u015fan yiyecekler listesi:<\/p>\n<h3>\u0130MAM BAYILDININ YANINA NE YAKI\u015eIR?<\/h3>\n<p>\u0130mam bay\u0131ld\u0131 yeme\u011finin yan\u0131na yak\u0131\u015fan, imam bay\u0131ld\u0131 ile servis edebilece\u011finiz yemekler \u015funlard\u0131r:<\/p>\n<ul>\n<li>Cac\u0131k<\/li>\n<li>Pilav<\/li>\n<li>D\u00fc\u011f\u00fcn \u00e7orbas\u0131<\/li>\n<li>Cevizli eri\u015fte<\/li>\n<li>\u015eekerpare<\/li>\n<\/ul>\n<p><img loading=\"lazy\" decoding=\"async\" class=\"wp-image-143879\" src=\"https:\/\/www.tgrthaber.com\/mavikadin\/wp-content\/uploads\/imam-bayildinin-yanina-ne-gider-2.jpg\" alt=\"imam bay\u0131ld\u0131n\u0131n yan\u0131na ne gider\" width=\"1208\" height=\"680\" title=\"\" srcset=\"https:\/\/www.tgrthaber.com\/mavikadin\/wp-content\/uploads\/imam-bayildinin-yanina-ne-gider-2.jpg 1920w, https:\/\/www.tgrthaber.com\/mavikadin\/wp-content\/uploads\/imam-bayildinin-yanina-ne-gider-2-300x169.jpg 300w, https:\/\/www.tgrthaber.com\/mavikadin\/wp-content\/uploads\/imam-bayildinin-yanina-ne-gider-2-1024x576.jpg 1024w, https:\/\/www.tgrthaber.com\/mavikadin\/wp-content\/uploads\/imam-bayildinin-yanina-ne-gider-2-768x432.jpg 768w, https:\/\/www.tgrthaber.com\/mavikadin\/wp-content\/uploads\/imam-bayildinin-yanina-ne-gider-2-1536x864.jpg 1536w\" sizes=\"(max-width: 1208px) 100vw, 1208px\" \/><\/p>\n<hr \/>\n<ul>\n<li>Ezogelin \u00e7orbas\u0131<\/li>\n<li>Mercimek \u00e7orbas\u0131<\/li>\n<li>Un helvas\u0131<\/li>\n<li>Bulgur pilav\u0131<\/li>\n<li>Yo\u011furt<\/li>\n<li>Mevsim salatas\u0131<\/li>\n<li>Bo\u015fnak b\u00f6re\u011fi<\/li>\n<li>Su b\u00f6re\u011fi<\/li>\n<li>K\u00f6z domates \u00e7orbas\u0131<\/li>\n<li>Haydari<\/li>\n<li>\u015ealgam suyu<\/li>\n<li>G\u00fcve\u00e7<\/li>\n<li>Ezme<\/li>\n<li>Havu\u00e7 tarator<\/li>\n<li>Ayran<\/li>\n<li>Yo\u011furt \u00e7orbas\u0131<\/li>\n<li>Izgara k\u00f6fte, tavuk veya et<\/li>\n<li>Ha\u015flama et<\/li>\n<li>Biber dolmas\u0131<\/li>\n<li>Tavuk sote<\/li>\n<li>Kuzu tand\u0131r<\/li>\n<li>G\u00fclla\u00e7<\/li>\n<li>Baklava<\/li>\n<li>Et sote<\/li>\n<li>F\u0131r\u0131nda makarna<\/li>\n<li>Makarna<\/li>\n<li>Mant\u0131<\/li>\n<li>\u015einitzel<\/li>\n<\/ul>\n<h3>\u0130MAM BAYILDI VE KARNIYARIK ARASINDAK\u0130 FARK NED\u0130R?<\/h3>\n<p>\u0130mam bay\u0131ld\u0131 ve karn\u0131yar\u0131k her ikisinin de ana malzemeleri patl\u0131can, so\u011fan, biber, domates gibi besinlerin kullan\u0131ld\u0131\u011f\u0131 bir yemektir. Fakat karn\u0131yar\u0131k s\u0131cak, imam bay\u0131ld\u0131 so\u011fuk servis edilir, ayr\u0131ca karn\u0131yar\u0131k k\u0131ymal\u0131, imam bay\u0131ld\u0131 ise sade yap\u0131l\u0131r.<\/p>\n<p><img loading=\"lazy\" decoding=\"async\" class=\"wp-image-143880\" src=\"https:\/\/www.tgrthaber.com\/mavikadin\/wp-content\/uploads\/imam-bayildinin-yanina-ne-gider-3.jpg\" alt=\"imam bay\u0131ld\u0131n\u0131n yan\u0131na ne gider\" width=\"1208\" height=\"680\" title=\"\" srcset=\"https:\/\/www.tgrthaber.com\/mavikadin\/wp-content\/uploads\/imam-bayildinin-yanina-ne-gider-3.jpg 1920w, https:\/\/www.tgrthaber.com\/mavikadin\/wp-content\/uploads\/imam-bayildinin-yanina-ne-gider-3-300x169.jpg 300w, https:\/\/www.tgrthaber.com\/mavikadin\/wp-content\/uploads\/imam-bayildinin-yanina-ne-gider-3-1024x576.jpg 1024w, https:\/\/www.tgrthaber.com\/mavikadin\/wp-content\/uploads\/imam-bayildinin-yanina-ne-gider-3-768x432.jpg 768w, https:\/\/www.tgrthaber.com\/mavikadin\/wp-content\/uploads\/imam-bayildinin-yanina-ne-gider-3-1536x864.jpg 1536w\" sizes=\"(max-width: 1208px) 100vw, 1208px\" \/><\/p>\n<hr \/>\n<h3>PRAT\u0130K \u0130MAM BAYILDI TAR\u0130F\u0130<\/h3>\n<p><strong>Malzemeler<\/strong><\/p>\n<ul>\n<li>3 adet patl\u0131can<\/li>\n<li>2 di\u015f sar\u0131msak<\/li>\n<li>3 orta boy so\u011fan<\/li>\n<li>1 adet biber<\/li>\n<li>1 adet domates<\/li>\n<li>1 yemek ka\u015f\u0131\u011f\u0131 domates sal\u00e7as\u0131<\/li>\n<li>Maydanoz<\/li>\n<li>3 yemek ka\u015f\u0131\u011f\u0131 zeytinya\u011f\u0131<\/li>\n<li>Karabiber<\/li>\n<li>Tuz<\/li>\n<\/ul>\n<p><strong>Yap\u0131l\u0131\u015f\u0131<\/strong><\/p>\n<p>Patl\u0131canlar\u0131 alacal\u0131 soyup tuzlu suda ac\u0131s\u0131 gidene kadar 15-20 dakika bekletelim.<\/p>\n<p>Patl\u0131canlar\u0131n ortas\u0131na b\u0131\u00e7akla kesikler at\u0131p borcama veya f\u0131r\u0131n tepsisine alal\u0131m, f\u0131r\u0131na at\u0131p f\u0131r\u0131n\u0131 180 dereceye ayarlay\u0131p patl\u0131canlar yumu\u015fayana kadar pi\u015firelim. Ortalama 50 dakika s\u00fcrebilir.<\/p>\n<p>So\u011fanlar\u0131 ince ince yahut yar\u0131m ay \u015feklinde keselim.<\/p>\n<p>Domateslerin kabuklar\u0131n\u0131 soyduktan sonra k\u00fcp k\u00fcp do\u011frayal\u0131m.<\/p>\n<p>Biberleri k\u00fc\u00e7\u00fck k\u00fc\u00e7\u00fck keselim.<\/p>\n<p>Sar\u0131msaklar\u0131 ve maydanozlar\u0131 da ince ince k\u0131yal\u0131m.<\/p>\n<p>Tavaya so\u011fan, sar\u0131msak ve sal\u00e7ay\u0131 al\u0131p 5 dakika kadar kar\u0131\u015ft\u0131r\u0131p pi\u015firelim. Domates ve biberleri de ekleyip pi\u015firmeye devam edelim. Oca\u011f\u0131n alt\u0131n\u0131 kapat\u0131p k\u0131ym\u0131\u015f oldu\u011funuz maydanozlar\u0131 ekleyip kavurun.<\/p>\n<p>Patl\u0131canlar\u0131 f\u0131r\u0131ndan al\u0131p ortas\u0131n\u0131 a\u00e7\u0131p so\u011fanl\u0131 har\u00e7la dolduruyoruz.<\/p>\n<p>Yeniden 180 derece f\u0131r\u0131na koyup 15 dakika boyunca pi\u015firiyoruz.<\/p>\n<p>Damak zevkine g\u00f6re s\u0131cak veya so\u011fuk t\u00fcketebilirsiniz. Afiyet olsun.<\/p>\n","protected":false},"excerpt":{"rendered":"<p>\u0130mam bay\u0131ld\u0131, lezzetiyle sofralar\u0131n ba\u015f tac\u0131, damaklarda unutulmaz tat b\u0131rakan, y\u00fczy\u0131llard\u0131r yap\u0131lmaya devam edilen geleneksel T\u00fcrk mutfa\u011f\u0131 yemeklerinden. \u0130mam bay\u0131ld\u0131 yapt\u0131m yan\u0131na ne ikram edeyim diye karar veremiyorsan\u0131z i\u015fte imam bay\u0131ld\u0131n\u0131n yan\u0131na yak\u0131\u015fanlar:<\/p>\n","protected":false},"author":30,"featured_media":143878,"comment_status":"closed","ping_status":"closed","sticky":false,"template":"","format":"standard","meta":{"rank_math_lock_modified_date":false,"footnotes":""},"categories":[191],"tags":[13471],"class_list":["post-143877","post","type-post","status-publish","format-standard","has-post-thumbnail","hentry","category-yemek-tarifleri","tag-imam-bayildi"],"_links":{"self":[{"href":"https:\/\/www.tgrthaber.com\/mavikadin\/wp-json\/wp\/v2\/posts\/143877"}],"collection":[{"href":"https:\/\/www.tgrthaber.com\/mavikadin\/wp-json\/wp\/v2\/posts"}],"about":[{"href":"https:\/\/www.tgrthaber.com\/mavikadin\/wp-json\/wp\/v2\/types\/post"}],"author":[{"embeddable":true,"href":"https:\/\/www.tgrthaber.com\/mavikadin\/wp-json\/wp\/v2\/users\/30"}],"replies":[{"embeddable":true,"href":"https:\/\/www.tgrthaber.com\/mavikadin\/wp-json\/wp\/v2\/comments?post=143877"}],"version-history":[{"count":3,"href":"https:\/\/www.tgrthaber.com\/mavikadin\/wp-json\/wp\/v2\/posts\/143877\/revisions"}],"predecessor-version":[{"id":143888,"href":"https:\/\/www.tgrthaber.com\/mavikadin\/wp-json\/wp\/v2\/posts\/143877\/revisions\/143888"}],"wp:featuredmedia":[{"embeddable":true,"href":"https:\/\/www.tgrthaber.com\/mavikadin\/wp-json\/wp\/v2\/media\/143878"}],"wp:attachment":[{"href":"https:\/\/www.tgrthaber.com\/mavikadin\/wp-json\/wp\/v2\/media?parent=143877"}],"wp:term":[{"taxonomy":"category","embeddable":true,"href":"https:\/\/www.tgrthaber.com\/mavikadin\/wp-json\/wp\/v2\/categories?post=143877"},{"taxonomy":"post_tag","embeddable":true,"href":"https:\/\/www.tgrthaber.com\/mavikadin\/wp-json\/wp\/v2\/tags?post=143877"}],"curies":[{"name":"wp","href":"https:\/\/api.w.org\/{rel}","templated":true}]}}