{"id":143891,"date":"2025-03-08T11:35:42","date_gmt":"2025-03-08T08:35:42","guid":{"rendered":"https:\/\/www.tgrthaber.com\/mavikadin\/?p=143891"},"modified":"2025-03-08T11:35:41","modified_gmt":"2025-03-08T08:35:41","slug":"sercenin-gozyasi-ilk-kez-tvde-sercenin-gozyasi-filmi-konusu-ne-oyunculari-kimler","status":"publish","type":"post","link":"https:\/\/www.tgrthaber.com\/mavikadin\/sercenin-gozyasi-ilk-kez-tvde-sercenin-gozyasi-filmi-konusu-ne-oyunculari-kimler\/","title":{"rendered":"Ser\u00e7enin G\u00f6zya\u015f\u0131 ilk kez TV&#8217;de! Ser\u00e7enin G\u00f6zya\u015f\u0131 filmi konusu ne? Oyuncular\u0131 kimler?"},"content":{"rendered":"<p>8 Mart, \u201cSer\u00e7enin G\u00f6zya\u015f\u0131\u201d filminin televizyonda ilk kez pr\u00f6miyerini yapt\u0131\u011f\u0131 ve D\u00fcnya Kad\u0131nlar G\u00fcn\u00fc ile ayn\u0131 zamana denk geldi\u011fi g\u00fcn. Aysun Aky\u00fcz Mehdiabbas&#8217;\u0131n y\u00f6netti\u011fi ve deneyimli gazeteci Ali Ey\u00fcbo\u011flu&#8217;nun yazd\u0131\u011f\u0131 film, bir kad\u0131n\u0131n \u015fiddete, \u00f6nyarg\u0131ya ve toplumsal yarg\u0131ya kar\u015f\u0131 verdi\u011fi m\u00fccadelenin dokunakl\u0131 hikayesini anlat\u0131yor. 2024&#8217;te vizyona giren film, g\u00fc\u00e7l\u00fc anlat\u0131m\u0131 ve g\u00fc\u00e7l\u00fc performanslar\u0131yla \u00f6nemli ilgi g\u00f6rd\u00fc. Filmi tekrardan izlemek isteyenler konusunu ve oyuncu kadrosunu merak ediyor. Peki, Ser\u00e7enin G\u00f6zya\u015f\u0131 filminin konusu nedir? \u0130\u015fte t\u00fcm detaylar..<\/p>\n<h3>SER\u00c7EN\u0130N G\u00d6ZYA\u015eI F\u0130LM\u0130N\u0130N KONUSU<\/h3>\n<p>\u201cSer\u00e7enin G\u00f6zya\u015f\u0131\u201d, kocas\u0131 Mesut&#8217;un elinde tacize u\u011frayan Emine adl\u0131 karakter etraf\u0131nda d\u00f6n\u00fcyor. Y\u0131llarca \u015fiddete katland\u0131ktan sonra, Emine&#8217;nin hayat\u0131 korkun\u00e7 olaylarla dolu bir gecenin ard\u0131ndan trajik bir hal al\u0131yor. Kendini savunmaya \u00e7al\u0131\u015f\u0131rken istemeden kocas\u0131n\u0131 yaralar ve bu da hukuki bir m\u00fccadelenin zeminini haz\u0131rlar. Kad\u0131n davalar\u0131yla ilgilenen tan\u0131nm\u0131\u015f bir avukat olan Ayten \u00c7etiner, Emine&#8217;yi temsil etmek i\u00e7in devreye girer. Ge\u00e7mi\u015f ile bug\u00fcn aras\u0131ndaki bu ba\u011flant\u0131, kad\u0131nlar\u0131n toplumda kar\u015f\u0131la\u015ft\u0131\u011f\u0131 m\u00fccadelelerin g\u00fc\u00e7l\u00fc bir yans\u0131mas\u0131 haline gelir.<\/p>\n<p><img loading=\"lazy\" decoding=\"async\" class=\"alignnone wp-image-143902\" src=\"https:\/\/www.tgrthaber.com\/mavikadin\/wp-content\/uploads\/2-379.png\" alt=\"\" width=\"1208\" height=\"680\" title=\"\" srcset=\"https:\/\/www.tgrthaber.com\/mavikadin\/wp-content\/uploads\/2-379.png 1280w, https:\/\/www.tgrthaber.com\/mavikadin\/wp-content\/uploads\/2-379-300x169.png 300w, https:\/\/www.tgrthaber.com\/mavikadin\/wp-content\/uploads\/2-379-1024x576.png 1024w, https:\/\/www.tgrthaber.com\/mavikadin\/wp-content\/uploads\/2-379-768x432.png 768w\" sizes=\"(max-width: 1208px) 100vw, 1208px\" \/><\/p>\n<hr \/>\n<p>Film, filmin duygusal derinli\u011fini vurgulayan Ahmet Kaya&#8217;n\u0131n etkileyici \u015fark\u0131s\u0131 &#8220;Nerden Bileceksiniz&#8221;in fonunda ge\u00e7iyor. Ayr\u0131ca filmde Zeynep Alasya&#8217;n\u0131n m\u00fczi\u011fi yer al\u0131yor ve bu da dokunakl\u0131 hikaye anlat\u0131m\u0131n\u0131 daha da zenginle\u015ftiriyor. Filmin prod\u00fcksiyonu, T\u00fcrk sinemas\u0131nda \u00f6nemli bir d\u00f6n\u00fcm noktas\u0131n\u0131 i\u015faret ediyor ve projeye sahne arkas\u0131nda \u00f6nemli say\u0131da kad\u0131n katk\u0131da bulunuyor.<\/p>\n<p><img loading=\"lazy\" decoding=\"async\" class=\"alignnone wp-image-143942\" src=\"https:\/\/www.tgrthaber.com\/mavikadin\/wp-content\/uploads\/2-381.png\" alt=\"\" width=\"1208\" height=\"680\" title=\"\" srcset=\"https:\/\/www.tgrthaber.com\/mavikadin\/wp-content\/uploads\/2-381.png 1280w, https:\/\/www.tgrthaber.com\/mavikadin\/wp-content\/uploads\/2-381-300x169.png 300w, https:\/\/www.tgrthaber.com\/mavikadin\/wp-content\/uploads\/2-381-1024x576.png 1024w, https:\/\/www.tgrthaber.com\/mavikadin\/wp-content\/uploads\/2-381-768x432.png 768w\" sizes=\"(max-width: 1208px) 100vw, 1208px\" \/><\/p>\n<hr \/>\n<h3>SER\u00c7EN\u0130N G\u00d6ZYA\u015eI NEREDE \u00c7EK\u0130LD\u0130?<\/h3>\n<p>&#8220;Ser\u00e7enin G\u00f6zya\u015f\u0131&#8221;n\u0131n \u00e7ekimleri, hikayeyi hayata ge\u00e7irmede \u00f6nemli rol oynayan iki yer olan \u00c7anakkale ve \u0130stanbul&#8217;da ger\u00e7ekle\u015fti. Film \u00c7a\u011fla Ba\u015fak \u00c7obano\u011flu taraf\u0131ndan \u00fcretildi ve \u015fiddet, taciz ve ayr\u0131mc\u0131l\u0131\u011f\u0131 vurgulayan kad\u0131n sorunlar\u0131 \u00fczerine etkileyici bir par\u00e7a. D\u00fcnya Kad\u0131nlar G\u00fcn\u00fc&#8217;nde yay\u0131nlanmas\u0131, kad\u0131n haklar\u0131 ve m\u00fccadeleleri hakk\u0131nda zaman\u0131nda ve g\u00fc\u00e7l\u00fc bir mesaj sunuyor.<\/p>\n<p><img loading=\"lazy\" decoding=\"async\" class=\"alignnone wp-image-143941\" src=\"https:\/\/www.tgrthaber.com\/mavikadin\/wp-content\/uploads\/1-351.png\" alt=\"\" width=\"1208\" height=\"680\" title=\"\" srcset=\"https:\/\/www.tgrthaber.com\/mavikadin\/wp-content\/uploads\/1-351.png 1280w, https:\/\/www.tgrthaber.com\/mavikadin\/wp-content\/uploads\/1-351-300x169.png 300w, https:\/\/www.tgrthaber.com\/mavikadin\/wp-content\/uploads\/1-351-1024x576.png 1024w, https:\/\/www.tgrthaber.com\/mavikadin\/wp-content\/uploads\/1-351-768x432.png 768w\" sizes=\"(max-width: 1208px) 100vw, 1208px\" \/><\/p>\n<hr \/>\n<h3>SER\u00c7EN\u0130N G\u00d6ZYA\u015eI OYUNCU KADROSU<\/h3>\n<p>&#8220;Ser\u00e7enin G\u00f6zya\u015f\u0131&#8221;n\u0131n oyuncu kadrosu, hikayenin duygusal derinli\u011fini hayata ge\u00e7iriyor. Filmin ba\u015frollerinde Ezgi \u015eenler, U\u011fur G\u00fcne\u015f, Tamer Karada\u011fl\u0131 ve\u00a0 Ye\u015fim Salk\u0131m yer al\u0131yor. Yard\u0131mc\u0131 oyuncu kadrosunda Bilge \u015een, Soydan Soyda\u015f, Kubilay Penbeklio\u011flu, Ahmet Sars\u0131lmaz, Ya\u011f\u0131zkan Dikmen ve Evren Erler yer al\u0131yor ve hepsi etkileyici ve i\u00e7ten bir anlat\u0131ya katk\u0131da bulunuyor.<\/p>\n<p><img loading=\"lazy\" decoding=\"async\" class=\"alignnone wp-image-143901\" src=\"https:\/\/www.tgrthaber.com\/mavikadin\/wp-content\/uploads\/1-349.png\" alt=\"\" width=\"1208\" height=\"680\" title=\"\" srcset=\"https:\/\/www.tgrthaber.com\/mavikadin\/wp-content\/uploads\/1-349.png 1280w, https:\/\/www.tgrthaber.com\/mavikadin\/wp-content\/uploads\/1-349-300x169.png 300w, https:\/\/www.tgrthaber.com\/mavikadin\/wp-content\/uploads\/1-349-1024x576.png 1024w, https:\/\/www.tgrthaber.com\/mavikadin\/wp-content\/uploads\/1-349-768x432.png 768w\" sizes=\"(max-width: 1208px) 100vw, 1208px\" \/><\/p>\n<hr \/>\n<p>Ser\u00e7enin G\u00f6zya\u015f\u0131 filmi, gazeteci Ali Ey\u00fcbo\u011flu taraf\u0131ndan 50 y\u0131l \u00f6nce ya\u015fanm\u0131\u015f bir olaydan sinlenerek kaleme al\u0131nm\u0131\u015f. 8 Mart D\u00fcnya Kad\u0131nlar g\u00fcn\u00fcnde Now TV&#8217;de izleyiciyle bulu\u015facak.<\/p>\n<p><img loading=\"lazy\" decoding=\"async\" class=\"alignnone wp-image-143943\" src=\"https:\/\/www.tgrthaber.com\/mavikadin\/wp-content\/uploads\/3-379.png\" alt=\"\" width=\"1208\" height=\"680\" title=\"\" srcset=\"https:\/\/www.tgrthaber.com\/mavikadin\/wp-content\/uploads\/3-379.png 1280w, https:\/\/www.tgrthaber.com\/mavikadin\/wp-content\/uploads\/3-379-300x169.png 300w, https:\/\/www.tgrthaber.com\/mavikadin\/wp-content\/uploads\/3-379-1024x576.png 1024w, https:\/\/www.tgrthaber.com\/mavikadin\/wp-content\/uploads\/3-379-768x432.png 768w\" sizes=\"(max-width: 1208px) 100vw, 1208px\" \/><\/p>\n<hr \/>\n<p>&#8220;Ser\u00e7enin G\u00f6zya\u015f\u0131&#8221;, kad\u0131nlar\u0131n dayan\u0131kl\u0131l\u0131\u011f\u0131n\u0131 ve toplumsal bask\u0131ya kar\u015f\u0131 m\u00fccadelelerini inceleyen d\u00fc\u015f\u00fcnd\u00fcr\u00fcc\u00fc bir film. \u0130lgi \u00e7ekici hikayesi, g\u00fc\u00e7l\u00fc performanslar\u0131 ve g\u00fc\u00e7l\u00fc mesaj\u0131yla herkesin mutlaka izlemesi gereken bir film.<\/p>\n","protected":false},"excerpt":{"rendered":"<p>Kad\u0131nlar\u0131n toplumda ya\u015fad\u0131\u011f\u0131 zorluklara \u0131\u015f\u0131k tutan g\u00fc\u00e7l\u00fc film &#8220;Ser\u00e7enin G\u00f6zya\u015f\u0131&#8221; 8 Mart D\u00fcnya Kad\u0131nlar G\u00fcn\u00fc&#8217;nde ilk kez TV&#8217;de yay\u0131nlan\u0131yor. Aysun Aky\u00fcz Mediabbas taraf\u0131ndan y\u00f6netilen ve gazeteci Ali Ey\u00fcbo\u011flu&#8217;nun yazd\u0131\u011f\u0131 film, \u015fiddet, \u00f6nyarg\u0131 ve bask\u0131 temalar\u0131n\u0131 aa\u00e7\u0131kl\u0131yor. Peki, Ser\u00e7enin G\u00f6zya\u015f\u0131 filminin konusu nedir? Oyuncular\u0131 kimler ve nerede \u00e7ekildi? \u0130\u015fte filme dair t\u00fcm detaylar&#8230;<\/p>\n","protected":false},"author":28,"featured_media":143904,"comment_status":"closed","ping_status":"closed","sticky":false,"template":"","format":"standard","meta":{"rank_math_lock_modified_date":true,"footnotes":""},"categories":[602],"tags":[12746,13474,13475,13477,13476],"class_list":["post-143891","post","type-post","status-publish","format-standard","has-post-thumbnail","hentry","category-diziler","tag-8-mart-kadinlar-gunu","tag-sercenin-gozyasi","tag-sercenin-gozyasi-konusu","tag-sercenin-gozyasi-nerede-cekildi","tag-sercenin-gozyasi-oyunculari"],"_links":{"self":[{"href":"https:\/\/www.tgrthaber.com\/mavikadin\/wp-json\/wp\/v2\/posts\/143891"}],"collection":[{"href":"https:\/\/www.tgrthaber.com\/mavikadin\/wp-json\/wp\/v2\/posts"}],"about":[{"href":"https:\/\/www.tgrthaber.com\/mavikadin\/wp-json\/wp\/v2\/types\/post"}],"author":[{"embeddable":true,"href":"https:\/\/www.tgrthaber.com\/mavikadin\/wp-json\/wp\/v2\/users\/28"}],"replies":[{"embeddable":true,"href":"https:\/\/www.tgrthaber.com\/mavikadin\/wp-json\/wp\/v2\/comments?post=143891"}],"version-history":[{"count":5,"href":"https:\/\/www.tgrthaber.com\/mavikadin\/wp-json\/wp\/v2\/posts\/143891\/revisions"}],"predecessor-version":[{"id":143944,"href":"https:\/\/www.tgrthaber.com\/mavikadin\/wp-json\/wp\/v2\/posts\/143891\/revisions\/143944"}],"wp:featuredmedia":[{"embeddable":true,"href":"https:\/\/www.tgrthaber.com\/mavikadin\/wp-json\/wp\/v2\/media\/143904"}],"wp:attachment":[{"href":"https:\/\/www.tgrthaber.com\/mavikadin\/wp-json\/wp\/v2\/media?parent=143891"}],"wp:term":[{"taxonomy":"category","embeddable":true,"href":"https:\/\/www.tgrthaber.com\/mavikadin\/wp-json\/wp\/v2\/categories?post=143891"},{"taxonomy":"post_tag","embeddable":true,"href":"https:\/\/www.tgrthaber.com\/mavikadin\/wp-json\/wp\/v2\/tags?post=143891"}],"curies":[{"name":"wp","href":"https:\/\/api.w.org\/{rel}","templated":true}]}}