{"id":143953,"date":"2025-03-08T13:18:37","date_gmt":"2025-03-08T10:18:37","guid":{"rendered":"https:\/\/www.tgrthaber.com\/mavikadin\/?p=143953"},"modified":"2025-03-08T13:18:37","modified_gmt":"2025-03-08T10:18:37","slug":"esref-ruya-dizisinin-yayin-gunu-belli-oldu-demet-ozdemirin-ugurlu-gunu","status":"publish","type":"post","link":"https:\/\/www.tgrthaber.com\/mavikadin\/esref-ruya-dizisinin-yayin-gunu-belli-oldu-demet-ozdemirin-ugurlu-gunu\/","title":{"rendered":"E\u015fref R\u00fcya dizisinin yay\u0131n g\u00fcn\u00fc belli oldu! Demet \u00d6zdemir\u2019in u\u011furlu g\u00fcn\u00fc"},"content":{"rendered":"<p>E\u015fref R\u00fcya dizisinin yay\u0131n g\u00fcn\u00fc belli oldu. Demet \u00d6zdemir\u2019in yeni dizisi E\u015fref R\u00fcya da u\u011furlu g\u00fcn\u00fc \u00e7ar\u015famba yay\u0131nlanacak.<\/p>\n<h3>E\u015eREF R\u00dcYA D\u0130Z\u0130S\u0130N\u0130N YAYIN G\u00dcN\u00dc BELL\u0130 OLDU!<\/h3>\n<p>Demet \u00d6zdemir ile \u00c7a\u011fatay Ulusoy&#8217;u bir araya getiren E\u015fref R\u00fcya dizisinin yay\u0131n g\u00fcn\u00fc netle\u015fti. E\u015fref R\u00fcya&#8217;n\u0131n \u00d6zdemir&#8217;in birka\u00e7 dizisi hari\u00e7 di\u011fer dizileriyle ayn\u0131 g\u00fcn yay\u0131nlanacak olmas\u0131 dikkat \u00e7ekti.<\/p>\n<p><img loading=\"lazy\" decoding=\"async\" class=\"alignnone size-full wp-image-139916\" src=\"https:\/\/www.tgrthaber.com\/mavikadin\/wp-content\/uploads\/Esref-Ruya-3-4.jpg\" alt=\"\" width=\"1208\" height=\"680\" title=\"\" srcset=\"https:\/\/www.tgrthaber.com\/mavikadin\/wp-content\/uploads\/Esref-Ruya-3-4.jpg 1208w, https:\/\/www.tgrthaber.com\/mavikadin\/wp-content\/uploads\/Esref-Ruya-3-4-300x169.jpg 300w, https:\/\/www.tgrthaber.com\/mavikadin\/wp-content\/uploads\/Esref-Ruya-3-4-1024x576.jpg 1024w, https:\/\/www.tgrthaber.com\/mavikadin\/wp-content\/uploads\/Esref-Ruya-3-4-768x432.jpg 768w\" sizes=\"(max-width: 1208px) 100vw, 1208px\" \/><\/p>\n<hr \/>\n<p>Heyecanla beklenen E\u015fref R\u00fcya dizisi i\u00e7in geri say\u0131m ba\u015flad\u0131. E\u015fref R\u00fcya\u2019n\u0131n R\u00fcya\u2019s\u0131 Demet \u00d6zdemir\u2019in bir dizisi daha \u00e7ar\u015famba g\u00fcnleri ekranlara gelecek.<\/p>\n<p>\u201cAnnem Ankara\u201d dizisinin yerine Kanal D\u2019de ekranlara gelecek E\u015fref R\u00fcya dizisinin ilk b\u00f6l\u00fcm\u00fc 19 Mart \u00c7ar\u015famba g\u00fcn\u00fc izleyicisiyle bulu\u015facak.<\/p>\n<h3>B\u00dcT\u00dcN D\u0130Z\u0130LER\u0130 AYNI G\u00dcN<\/h3>\n<p>Tims&amp;B imzal\u0131 E\u015fref R\u00fcya dizisi Demet \u00d6zdemir\u2019in birka\u00e7 dizisi d\u0131\u015f\u0131nda di\u011fer projeleri gibi \u00c7ar\u015famba g\u00fcnleri yay\u0131nlanacak.<\/p>\n<p><img loading=\"lazy\" decoding=\"async\" class=\"alignnone wp-image-139914 size-full\" src=\"https:\/\/www.tgrthaber.com\/mavikadin\/wp-content\/uploads\/Esref-Ruya-2-4.jpg\" alt=\"\" width=\"1208\" height=\"680\" title=\"\" srcset=\"https:\/\/www.tgrthaber.com\/mavikadin\/wp-content\/uploads\/Esref-Ruya-2-4.jpg 1208w, https:\/\/www.tgrthaber.com\/mavikadin\/wp-content\/uploads\/Esref-Ruya-2-4-300x169.jpg 300w, https:\/\/www.tgrthaber.com\/mavikadin\/wp-content\/uploads\/Esref-Ruya-2-4-1024x576.jpg 1024w, https:\/\/www.tgrthaber.com\/mavikadin\/wp-content\/uploads\/Esref-Ruya-2-4-768x432.jpg 768w\" sizes=\"(max-width: 1208px) 100vw, 1208px\" \/><\/p>\n<hr \/>\n<p>Demet \u00d6zdemir&#8217;in ba\u015frol\u00fcn\u00fc oynad\u0131\u011f\u0131 \u00c7ilek Kokusu dizisi, No 309, Do\u011fdu\u011fun Ev Kaderindir ve Ad\u0131m Farah da \u00e7ar\u015famba g\u00fcn\u00fc yay\u0131nlanm\u0131\u015ft\u0131.<\/p>\n<p>\u00dcnl\u00fc ismin dijital platformda yay\u0131nlanan D\u00fcnyayla Benim Aramda\u2019n\u0131n Disney Plus\u2019taki b\u00f6l\u00fcmleri de \u00e7ar\u015famba g\u00fcnleri aboneleriyle bulu\u015fuyordu.<\/p>\n<p><img loading=\"lazy\" decoding=\"async\" class=\"alignnone wp-image-139391\" src=\"https:\/\/www.tgrthaber.com\/mavikadin\/wp-content\/uploads\/esref-ruya-1-4.jpg\" alt=\"\" width=\"1208\" height=\"680\" title=\"\" srcset=\"https:\/\/www.tgrthaber.com\/mavikadin\/wp-content\/uploads\/esref-ruya-1-4.jpg 1600w, https:\/\/www.tgrthaber.com\/mavikadin\/wp-content\/uploads\/esref-ruya-1-4-300x169.jpg 300w, https:\/\/www.tgrthaber.com\/mavikadin\/wp-content\/uploads\/esref-ruya-1-4-1024x576.jpg 1024w, https:\/\/www.tgrthaber.com\/mavikadin\/wp-content\/uploads\/esref-ruya-1-4-768x432.jpg 768w, https:\/\/www.tgrthaber.com\/mavikadin\/wp-content\/uploads\/esref-ruya-1-4-1536x864.jpg 1536w\" sizes=\"(max-width: 1208px) 100vw, 1208px\" \/><\/p>\n<hr \/>\n<h3>E\u015eREF R\u00dcYA KONUSU<\/h3>\n<p>E\u015fref R\u00fcya, ad\u0131n\u0131 bilmedi\u011fi bir a\u015fk\u0131n esiri olan gen\u00e7 bir adam\u0131n yani \u00c7a\u011fatay Ulusoy&#8217;un hikayesini konu al\u0131yor. Dizide g\u00f6z\u00fc kara, her \u015feye sahip ancak ismini bilmedi\u011fi bir a\u015fk\u0131n esiri olan E\u015fref karakterini \u00fcnl\u00fc oyuncu \u00c7a\u011fatay Ulusoy oynuyor.<\/p>\n<p>Demet \u00d6zdemir ise E\u015fref&#8217;in kalbinin atmas\u0131na neden olan gen\u00e7 m\u00fczisyen Nisan karakterini \u00fcstleniyor.<\/p>\n<p><img loading=\"lazy\" decoding=\"async\" class=\"alignnone wp-image-139389\" src=\"https:\/\/www.tgrthaber.com\/mavikadin\/wp-content\/uploads\/haber-gorselleri-fotoshop-17-1.jpg\" alt=\"\" width=\"1208\" height=\"680\" title=\"\" srcset=\"https:\/\/www.tgrthaber.com\/mavikadin\/wp-content\/uploads\/haber-gorselleri-fotoshop-17-1.jpg 1600w, https:\/\/www.tgrthaber.com\/mavikadin\/wp-content\/uploads\/haber-gorselleri-fotoshop-17-1-300x169.jpg 300w, https:\/\/www.tgrthaber.com\/mavikadin\/wp-content\/uploads\/haber-gorselleri-fotoshop-17-1-1024x576.jpg 1024w, https:\/\/www.tgrthaber.com\/mavikadin\/wp-content\/uploads\/haber-gorselleri-fotoshop-17-1-768x432.jpg 768w, https:\/\/www.tgrthaber.com\/mavikadin\/wp-content\/uploads\/haber-gorselleri-fotoshop-17-1-1536x864.jpg 1536w\" sizes=\"(max-width: 1208px) 100vw, 1208px\" \/><\/p>\n<hr \/>\n<h3>E\u015eREF R\u00dcYA OYUNCU KADROSU<\/h3>\n<p>E\u015fref R\u00fcya&#8217;n\u0131n ba\u015frollerinde \u00c7a\u011fatay Ulusoy ve Demet \u00d6zdemir yer al\u0131yor. Dizide yer alan di\u011fer oyuncular ise; G\u00f6rkem Sevindik, Macit Koper, Ebrar Karabakan, Necip Memili, Ceren Benderlio\u011flu, \u015eener Sava\u015f, Tolga Tekin, Ahmet R\u0131fat \u015eungar, B\u00fc\u015fra Develi, Kaan Turgut, A\u015fk\u0131n \u015eenol, Kerem Alp Kabul, Bartu Zeytinci, Volkan Uygun, Feriha Ey\u00fcbo\u011flu, Ahmet Y\u0131ld\u0131r\u0131m, Umut Karada\u011f, G\u00f6k\u00e7em \u00c7oban, Taylan G\u00fcldere.<\/p>\n","protected":false},"excerpt":{"rendered":"<p>E\u015fref R\u00fcya&#8217;n\u0131n izleyici kar\u015f\u0131s\u0131na \u00e7\u0131kaca\u011f\u0131 g\u00fcn\u00fc belli oldu. \u00c7a\u011fatay Ulusoy ile Demet \u00d6zdemir&#8217;in ba\u015frol\u00fc payla\u015ft\u0131\u011f\u0131 dizinin ilk b\u00f6l\u00fcm kareleri sosyal medyay\u0131 sallam\u0131\u015ft\u0131.<\/p>\n","protected":false},"author":5,"featured_media":143960,"comment_status":"closed","ping_status":"closed","sticky":false,"template":"","format":"standard","meta":{"rank_math_lock_modified_date":false,"footnotes":""},"categories":[602],"tags":[2570,2628,4755],"class_list":["post-143953","post","type-post","status-publish","format-standard","has-post-thumbnail","hentry","category-diziler","tag-demet-ozdemir","tag-dizi-haberleri","tag-esref-ruya"],"_links":{"self":[{"href":"https:\/\/www.tgrthaber.com\/mavikadin\/wp-json\/wp\/v2\/posts\/143953"}],"collection":[{"href":"https:\/\/www.tgrthaber.com\/mavikadin\/wp-json\/wp\/v2\/posts"}],"about":[{"href":"https:\/\/www.tgrthaber.com\/mavikadin\/wp-json\/wp\/v2\/types\/post"}],"author":[{"embeddable":true,"href":"https:\/\/www.tgrthaber.com\/mavikadin\/wp-json\/wp\/v2\/users\/5"}],"replies":[{"embeddable":true,"href":"https:\/\/www.tgrthaber.com\/mavikadin\/wp-json\/wp\/v2\/comments?post=143953"}],"version-history":[{"count":2,"href":"https:\/\/www.tgrthaber.com\/mavikadin\/wp-json\/wp\/v2\/posts\/143953\/revisions"}],"predecessor-version":[{"id":143963,"href":"https:\/\/www.tgrthaber.com\/mavikadin\/wp-json\/wp\/v2\/posts\/143953\/revisions\/143963"}],"wp:featuredmedia":[{"embeddable":true,"href":"https:\/\/www.tgrthaber.com\/mavikadin\/wp-json\/wp\/v2\/media\/143960"}],"wp:attachment":[{"href":"https:\/\/www.tgrthaber.com\/mavikadin\/wp-json\/wp\/v2\/media?parent=143953"}],"wp:term":[{"taxonomy":"category","embeddable":true,"href":"https:\/\/www.tgrthaber.com\/mavikadin\/wp-json\/wp\/v2\/categories?post=143953"},{"taxonomy":"post_tag","embeddable":true,"href":"https:\/\/www.tgrthaber.com\/mavikadin\/wp-json\/wp\/v2\/tags?post=143953"}],"curies":[{"name":"wp","href":"https:\/\/api.w.org\/{rel}","templated":true}]}}