{"id":144011,"date":"2025-03-08T16:19:40","date_gmt":"2025-03-08T13:19:40","guid":{"rendered":"https:\/\/www.tgrthaber.com\/mavikadin\/?p=144011"},"modified":"2025-03-08T16:19:40","modified_gmt":"2025-03-08T13:19:40","slug":"hulya-koper-kimdir-kac-yasinda-macit-koperin-akrabasi-mi-hulya-koper-neden-oldu","status":"publish","type":"post","link":"https:\/\/www.tgrthaber.com\/mavikadin\/hulya-koper-kimdir-kac-yasinda-macit-koperin-akrabasi-mi-hulya-koper-neden-oldu\/","title":{"rendered":"H\u00fclya Koper kimdir, ka\u00e7 ya\u015f\u0131nda? Macit Koper&#8217;in akrabas\u0131 m\u0131, H\u00fclya Koper neden \u00f6ld\u00fc?"},"content":{"rendered":"<p>&#8216;H\u00fclya Koper kimdir, ka\u00e7 ya\u015f\u0131nda?&#8217; ara\u015ft\u0131r\u0131lmaya ba\u015fland\u0131. E\u015fref R\u00fcya dizisiyle ekranlara d\u00f6nmeye haz\u0131rlanan akt\u00f6r Macit Koper&#8217;in senarist e\u015fi H\u00fclya Koper hayata g\u00f6zlerini yumdu.<\/p>\n<h3>H\u00dcLYA KOPER K\u0130MD\u0130R, KA\u00c7 YA\u015eINDA?<\/h3>\n<p>E\u015fref R\u00fcya&#8217;yla ekranlara d\u00f6nmeye haz\u0131rlanan usta akt\u00f6r Macit Koper&#8217;in senarist e\u015fi 55 ya\u015f\u0131ndaki H\u00fclya Koper vefat etti.<\/p>\n<p><img loading=\"lazy\" decoding=\"async\" class=\"alignnone size-full wp-image-144013\" src=\"https:\/\/www.tgrthaber.com\/mavikadin\/wp-content\/uploads\/Macit-Koper-2.jpg\" alt=\"\" width=\"1208\" height=\"680\" title=\"\" srcset=\"https:\/\/www.tgrthaber.com\/mavikadin\/wp-content\/uploads\/Macit-Koper-2.jpg 1208w, https:\/\/www.tgrthaber.com\/mavikadin\/wp-content\/uploads\/Macit-Koper-2-300x169.jpg 300w, https:\/\/www.tgrthaber.com\/mavikadin\/wp-content\/uploads\/Macit-Koper-2-1024x576.jpg 1024w, https:\/\/www.tgrthaber.com\/mavikadin\/wp-content\/uploads\/Macit-Koper-2-768x432.jpg 768w\" sizes=\"(max-width: 1208px) 100vw, 1208px\" \/><\/p>\n<hr \/>\n<h3>H\u00dcLYA KOPER NEDEN \u00d6LD\u00dc?<\/h3>\n<p>Senarist H\u00fclya Koper kansere kar\u015f\u0131 verdi\u011fi sava\u015f\u0131 kaybetti. H\u00fclya Koper&#8217;in yak\u0131n arkada\u015f\u0131 oyuncu H\u00fclya \u015een ac\u0131 haberi \u201cH\u00fclya Koper\u2019in cenazesi bug\u00fcn ikindi namaz\u0131na m\u00fcteakip \u00c7engelk\u00f6y G\u00fczeltepe Birlik Camisi\u2019nden kald\u0131r\u0131lacak\u201d mesaj\u0131yla duyurdu.<\/p>\n<h3>H\u00dcLYA KOPER MAC\u0130T KOPER&#8217;\u0130N AKRABASI MI?<\/h3>\n<p>Usta oyuncu Macit Koper ile evli olan H\u00fclya Koper kanser sava\u015f\u0131n\u0131 ne yaz\u0131k ki kaybetti.<\/p>\n<p><img loading=\"lazy\" decoding=\"async\" class=\"alignnone size-full wp-image-144014\" src=\"https:\/\/www.tgrthaber.com\/mavikadin\/wp-content\/uploads\/Macit-Koper-5.jpg\" alt=\"\" width=\"1208\" height=\"680\" title=\"\" srcset=\"https:\/\/www.tgrthaber.com\/mavikadin\/wp-content\/uploads\/Macit-Koper-5.jpg 1208w, https:\/\/www.tgrthaber.com\/mavikadin\/wp-content\/uploads\/Macit-Koper-5-300x169.jpg 300w, https:\/\/www.tgrthaber.com\/mavikadin\/wp-content\/uploads\/Macit-Koper-5-1024x576.jpg 1024w, https:\/\/www.tgrthaber.com\/mavikadin\/wp-content\/uploads\/Macit-Koper-5-768x432.jpg 768w\" sizes=\"(max-width: 1208px) 100vw, 1208px\" \/><\/p>\n<hr \/>\n<h3>H\u00dcLYA KOPER K\u0130MD\u0130R?<\/h3>\n<p>\u0130zmir\u2019de 1969 y\u0131l\u0131nda d\u00fcnyaya gelen H\u00fclya Koper 1989-1990 y\u0131llar\u0131nda, Dokuz Eyl\u00fcl \u00dcniversitesi, G\u00fczel Sanatlar Fak\u00fcltesi, yazarl\u0131k b\u00f6l\u00fcm\u00fcne girdi.<\/p>\n<p>Koper ayn\u0131 fak\u00fcltede daha sonra oyunculuk b\u00f6l\u00fcm\u00fcne ge\u00e7erek e\u011fitimini tamamlad\u0131. H\u00fclya Koper, \u201cGurbet Ku\u015flar\u0131\u201d, \u201cHayat Yolunda\u201d, \u201cDerin Sular\u201d, \u201cHasret\u201d, \u201cHayat Sevince G\u00fczel\u201d, \u201cH\u0131r\u00e7\u0131n K\u0131z Kadife\u201d gibi bir\u00e7ok dizinin senaryosunu \u00fcstlenmi\u015fti.<\/p>\n<p><img loading=\"lazy\" decoding=\"async\" class=\"alignnone size-full wp-image-144015\" src=\"https:\/\/www.tgrthaber.com\/mavikadin\/wp-content\/uploads\/Macit-Koper-4.jpg\" alt=\"\" width=\"1208\" height=\"680\" title=\"\" srcset=\"https:\/\/www.tgrthaber.com\/mavikadin\/wp-content\/uploads\/Macit-Koper-4.jpg 1208w, https:\/\/www.tgrthaber.com\/mavikadin\/wp-content\/uploads\/Macit-Koper-4-300x169.jpg 300w, https:\/\/www.tgrthaber.com\/mavikadin\/wp-content\/uploads\/Macit-Koper-4-1024x576.jpg 1024w, https:\/\/www.tgrthaber.com\/mavikadin\/wp-content\/uploads\/Macit-Koper-4-768x432.jpg 768w\" sizes=\"(max-width: 1208px) 100vw, 1208px\" \/><\/p>\n<hr \/>\n<h3>MAC\u0130T KOPER K\u0130MD\u0130R?<\/h3>\n<p>1944 y\u0131l\u0131nda \u0130stanbul&#8217;da d\u00fcnyaya gelen Macit Koper lise y\u0131llar\u0131ndayken tiyatroyla ilgilenmeye ba\u015flad\u0131.<\/p>\n<p>LCC Tiyatro Okulu&#8217;nda Muhsin Ertu\u011frul, Beklan Algan ve Ayla Algan&#8217;\u0131n \u00f6\u011frencisi oldu.<\/p>\n<p>Dostlar Tiyatrosu gibi topluluklarda 1969-1979 y\u0131llar\u0131nda oyuncu ve y\u00f6netmen olarak g\u00f6rev ald\u0131.<\/p>\n<p>1979-1980 y\u0131llar\u0131nda \u0130stanbul \u015eehir Tiyatrolar\u0131&#8217;nda \u00e7al\u0131\u015ft\u0131.<\/p>\n<p>Yabanc\u0131 i\u015f\u00e7ilere y\u00f6nelik bir oyun tasarlamak \u00fczere 1980 y\u0131l\u0131nda Berlin&#8217;e gitti. Orda &#8220;Giden, Tez Geri D\u00f6nmez&#8221; adl\u0131 oyunu yaz\u0131p y\u00f6netti.<\/p>\n<p><img loading=\"lazy\" decoding=\"async\" class=\"alignnone size-full wp-image-144016\" src=\"https:\/\/www.tgrthaber.com\/mavikadin\/wp-content\/uploads\/Macit-Koper-3.jpg\" alt=\"\" width=\"1208\" height=\"680\" title=\"\" srcset=\"https:\/\/www.tgrthaber.com\/mavikadin\/wp-content\/uploads\/Macit-Koper-3.jpg 1208w, https:\/\/www.tgrthaber.com\/mavikadin\/wp-content\/uploads\/Macit-Koper-3-300x169.jpg 300w, https:\/\/www.tgrthaber.com\/mavikadin\/wp-content\/uploads\/Macit-Koper-3-1024x576.jpg 1024w, https:\/\/www.tgrthaber.com\/mavikadin\/wp-content\/uploads\/Macit-Koper-3-768x432.jpg 768w\" sizes=\"(max-width: 1208px) 100vw, 1208px\" \/><\/p>\n<hr \/>\n<p>Macit Koper&#8217;in 1980 darbesinde i\u015fi sonland\u0131r\u0131ld\u0131.\u00a0 Yeniden Dostlar Tiyatrosu&#8217;nda oyuncu, y\u00f6netmen, yazar olarak \u00e7al\u0131\u015fmaya ba\u015flad\u0131.<\/p>\n<p>1981-1982 sezonunda Ya\u015far Kemal&#8217;in A\u011fr\u0131 Da\u011f\u0131 Efsanesi roman\u0131n\u0131 tiyatroya uyarlad\u0131.<\/p>\n<p>&#8220;Seni Seviyorum&#8221; adl\u0131 film ile senaristli\u011fe ba\u015flayan Koper, 1978 y\u0131l\u0131nda da sinema oyunculu\u011funa ad\u0131m att\u0131.<\/p>\n<p><img loading=\"lazy\" decoding=\"async\" class=\"alignnone size-full wp-image-144017\" src=\"https:\/\/www.tgrthaber.com\/mavikadin\/wp-content\/uploads\/Macit-Koper-6.jpg\" alt=\"\" width=\"1208\" height=\"680\" title=\"\" srcset=\"https:\/\/www.tgrthaber.com\/mavikadin\/wp-content\/uploads\/Macit-Koper-6.jpg 1208w, https:\/\/www.tgrthaber.com\/mavikadin\/wp-content\/uploads\/Macit-Koper-6-300x169.jpg 300w, https:\/\/www.tgrthaber.com\/mavikadin\/wp-content\/uploads\/Macit-Koper-6-1024x576.jpg 1024w, https:\/\/www.tgrthaber.com\/mavikadin\/wp-content\/uploads\/Macit-Koper-6-768x432.jpg 768w\" sizes=\"(max-width: 1208px) 100vw, 1208px\" \/><\/p>\n<hr \/>\n<p>1989&#8217;da mahkeme karar\u0131 ile \u015eehir Tiyatrolar\u0131&#8217;ndaki g\u00f6revine d\u00f6n\u00fc\u015f yapt\u0131.<\/p>\n<p>\u00d6mer Kavur&#8217;un 1986 y\u0131l\u0131nda y\u00f6netmenli\u011fini yapt\u0131\u011f\u0131 &#8220;Anayurt Oteli&#8221; filminde ba\u015frollerinde Macit Koper, \u015eahika Tekand, Orhan \u00c7a\u011fman ve Serra Y\u0131lmaz rol ald\u0131.<\/p>\n<p>Zebercet rol\u00fcndeki ba\u015far\u0131s\u0131 b\u00fcy\u00fck kitlelerce tan\u0131nmas\u0131n\u0131 sa\u011flad\u0131.<\/p>\n","protected":false},"excerpt":{"rendered":"<p>&#8216;H\u00fclya Koper kimdir, ka\u00e7 ya\u015f\u0131nda?&#8217; merak edildi. E\u015fref R\u00fcya dizisiyle ekranlara d\u00f6nmeye haz\u0131rlanan usta akt\u00f6r Macit Koper&#8217;in senarist e\u015fi H\u00fclya Koper hayat\u0131n\u0131 kaybetti.<\/p>\n","protected":false},"author":5,"featured_media":144012,"comment_status":"closed","ping_status":"closed","sticky":false,"template":"","format":"standard","meta":{"rank_math_lock_modified_date":false,"footnotes":""},"categories":[491],"tags":[13490,13489],"class_list":["post-144011","post","type-post","status-publish","format-standard","has-post-thumbnail","hentry","category-biyografi","tag-hulya-koper","tag-macit-koper"],"_links":{"self":[{"href":"https:\/\/www.tgrthaber.com\/mavikadin\/wp-json\/wp\/v2\/posts\/144011"}],"collection":[{"href":"https:\/\/www.tgrthaber.com\/mavikadin\/wp-json\/wp\/v2\/posts"}],"about":[{"href":"https:\/\/www.tgrthaber.com\/mavikadin\/wp-json\/wp\/v2\/types\/post"}],"author":[{"embeddable":true,"href":"https:\/\/www.tgrthaber.com\/mavikadin\/wp-json\/wp\/v2\/users\/5"}],"replies":[{"embeddable":true,"href":"https:\/\/www.tgrthaber.com\/mavikadin\/wp-json\/wp\/v2\/comments?post=144011"}],"version-history":[{"count":1,"href":"https:\/\/www.tgrthaber.com\/mavikadin\/wp-json\/wp\/v2\/posts\/144011\/revisions"}],"predecessor-version":[{"id":144018,"href":"https:\/\/www.tgrthaber.com\/mavikadin\/wp-json\/wp\/v2\/posts\/144011\/revisions\/144018"}],"wp:featuredmedia":[{"embeddable":true,"href":"https:\/\/www.tgrthaber.com\/mavikadin\/wp-json\/wp\/v2\/media\/144012"}],"wp:attachment":[{"href":"https:\/\/www.tgrthaber.com\/mavikadin\/wp-json\/wp\/v2\/media?parent=144011"}],"wp:term":[{"taxonomy":"category","embeddable":true,"href":"https:\/\/www.tgrthaber.com\/mavikadin\/wp-json\/wp\/v2\/categories?post=144011"},{"taxonomy":"post_tag","embeddable":true,"href":"https:\/\/www.tgrthaber.com\/mavikadin\/wp-json\/wp\/v2\/tags?post=144011"}],"curies":[{"name":"wp","href":"https:\/\/api.w.org\/{rel}","templated":true}]}}