{"id":144053,"date":"2025-03-08T20:31:58","date_gmt":"2025-03-08T17:31:58","guid":{"rendered":"https:\/\/www.tgrthaber.com\/mavikadin\/?p=144053"},"modified":"2025-03-08T20:38:40","modified_gmt":"2025-03-08T17:38:40","slug":"ceylan-gozlum-turkusuyle-meshur-olan-erzurumlu-metahan-polat-yeniden-ortaya-cikti","status":"publish","type":"post","link":"https:\/\/www.tgrthaber.com\/mavikadin\/ceylan-gozlum-turkusuyle-meshur-olan-erzurumlu-metahan-polat-yeniden-ortaya-cikti\/","title":{"rendered":"Ceylan G\u00f6zl\u00fcm t\u00fcrk\u00fcs\u00fcyle me\u015fhur olan Erzurumlu Metahan Polat yeniden ortaya \u00e7\u0131kt\u0131!"},"content":{"rendered":"<p class=\"p1\">Sosyal medyan\u0131n hen\u00fcz yeni yeni hayat\u0131m\u0131za girdi\u011fi d\u00f6nemde payla\u015f\u0131lan ve haf\u0131zalara kaz\u0131nan videolardan biri, k\u00fc\u00e7\u00fck bir \u00e7ocu\u011fun i\u00e7tenlikle s\u00f6yledi\u011fi \u201cCeylan G\u00f6zl\u00fcm\u201d t\u00fcrk\u00fcs\u00fcyd\u00fc. Aradan ge\u00e7en y\u0131llar\u0131n ard\u0131ndan o \u00e7ocuk yeniden g\u00fcndeme geldi. Ceylan G\u00f6zl\u00fcm \u015fark\u0131s\u0131n\u0131 y\u0131llar sonra yeniden seslendiren Metehan Polat&#8217;\u0131n videosu sosyal medyada yine k\u0131sa s\u00fcre i\u00e7erisinde viral olan videolar aras\u0131nda yerini ald\u0131.<\/p>\n<h3 class=\"p1\"><b>ESK\u0130 V\u0130DEO \u0130LE YILLAR SONRA YEN\u0130DEN G\u00dcNDEME GELD\u0130\u00a0<\/b><\/h3>\n<p class=\"p1\">Y\u0131llar \u00f6nce sesiyle milyonlar\u0131n be\u011fenisini kazanan Metehan Polatin, o d\u00f6nemde s\u00f6yledi\u011fi Ceylan G\u00f6zl\u00fcm \u015fark\u0131s\u0131yla dinleyenleri olduk\u00e7a etkilemi\u015fti. Aradan ge\u00e7en yakla\u015f\u0131k 20 y\u0131l\u0131n ard\u0131ndan,\u00a0 Metehan Polat, y\u0131llar \u00f6nce seslendirdi\u011fi bu t\u00fcrk\u00fcy\u00fc yeniden s\u00f6yleyerek sosyal medya hesab\u0131nda payla\u015ft\u0131.<\/p>\n<div style=\"width: 640px;\" class=\"wp-video\"><!--[if lt IE 9]><script>document.createElement('video');<\/script><![endif]-->\n<video class=\"wp-video-shortcode\" id=\"video-144053-1\" width=\"640\" height=\"1148\" preload=\"metadata\" controls=\"controls\"><source type=\"video\/mp4\" src=\"https:\/\/www.tgrthaber.com\/mavikadin\/wp-content\/uploads\/IMG_9022.mp4?_=1\" \/><a href=\"https:\/\/www.tgrthaber.com\/mavikadin\/wp-content\/uploads\/IMG_9022.mp4\">https:\/\/www.tgrthaber.com\/mavikadin\/wp-content\/uploads\/IMG_9022.mp4<\/a><\/video><\/div>\n<h3 class=\"p1\"><b>D\u0130NLEYENLER\u0130 GE\u00c7M\u0130\u015eE G\u00d6T\u00dcRD\u00dc\u00a0<\/b><\/h3>\n<p class=\"p1\">Metehan Polat\u2019\u0131n y\u0131llar sonra ayn\u0131 t\u00fcrk\u00fcy\u00fc tekrar seslendirmesi, izleyenlere nostaljik anlar ya\u015fatt\u0131. Videonun yay\u0131lmas\u0131yla birlikte sosyal medyada yo\u011fun ilgi g\u00f6ren payla\u015f\u0131m, k\u0131sa s\u00fcrede binlerce be\u011feni ve yorum ald\u0131. Kullan\u0131c\u0131lar, \u00e7ocukluk an\u0131lar\u0131na d\u00f6nd\u00fcklerini belirterek Polat\u2019\u0131n sesinin hala ayn\u0131 duyguyu hissettirdi\u011fini ifade etti. S\u00f6yledi\u011fi t\u00fcrk\u00fcyle b\u00fcy\u00fck ses getiren payla\u015f\u0131m, izleyicilere ge\u00e7mi\u015fin duygusal izlerini yeniden hat\u0131rlatm\u0131\u015f oldu.<\/p>\n<p><img loading=\"lazy\" decoding=\"async\" class=\"alignnone wp-image-144054 \" src=\"https:\/\/www.tgrthaber.com\/mavikadin\/wp-content\/uploads\/Ekran-Resmi-2025-03-08-20.21.49-585x1024.png\" alt=\"\" width=\"975\" height=\"1707\" title=\"\" srcset=\"https:\/\/www.tgrthaber.com\/mavikadin\/wp-content\/uploads\/Ekran-Resmi-2025-03-08-20.21.49-585x1024.png 585w, https:\/\/www.tgrthaber.com\/mavikadin\/wp-content\/uploads\/Ekran-Resmi-2025-03-08-20.21.49-171x300.png 171w, https:\/\/www.tgrthaber.com\/mavikadin\/wp-content\/uploads\/Ekran-Resmi-2025-03-08-20.21.49.png 600w\" sizes=\"(max-width: 975px) 100vw, 975px\" \/><\/p>\n<hr \/>\n<h3>SOSYAL MEDYADAN BE\u011eEN\u0130 VE YORUM YA\u011eDI<\/h3>\n<p class=\"p2\">Metehan Polat\u2019\u0131n y\u0131llar sonra yeniden seslendirdi\u011fi \u201cCeylan G\u00f6zl\u00fcm\u201d t\u00fcrk\u00fcs\u00fc, sosyal medyada k\u0131sa s\u00fcre i\u00e7erisinde g\u00fcndem oldu.\u00a0 Payla\u015f\u0131m\u0131n ard\u0131ndan binlerce ki\u015fi videoya yorum yaparak eski g\u00fcnleri hat\u0131rlad\u0131klar\u0131n\u0131 belirtti. Bir\u00e7ok kullan\u0131c\u0131, \u00e7ocukken dinledikleri bu sesin y\u0131llar sonra yeniden kar\u015f\u0131lar\u0131na \u00e7\u0131kmas\u0131n\u0131n kendilerini\u00a0 etkiledi\u011fini ifade etti.<\/p>\n<p class=\"p2\">Baz\u0131 yorumlarda \u201cY\u0131llar ge\u00e7se de ayn\u0131 hisleri veriyor\u201d, \u201cBu sesle b\u00fcy\u00fcd\u00fck\u201d ve \u201cG\u00f6zlerim doldu, \u00e7ocukluk an\u0131lar\u0131m canland\u0131\u201d gibi ifadeler \u00f6ne \u00e7\u0131kt\u0131. \u00d6zellikle o d\u00f6nem videoyu izleyen ve bug\u00fcn yeti\u015fkin olan bir\u00e7ok ki\u015fi, Polat\u2019\u0131n sesinin hala ayn\u0131 s\u0131cakl\u0131kta oldu\u011funu dile getirdi.<\/p>\n<p><img loading=\"lazy\" decoding=\"async\" class=\"alignnone wp-image-144056 \" src=\"https:\/\/www.tgrthaber.com\/mavikadin\/wp-content\/uploads\/Ekran-Resmi-2025-03-08-20.27.52.png\" alt=\"\" width=\"971\" height=\"781\" title=\"\" srcset=\"https:\/\/www.tgrthaber.com\/mavikadin\/wp-content\/uploads\/Ekran-Resmi-2025-03-08-20.27.52.png 634w, https:\/\/www.tgrthaber.com\/mavikadin\/wp-content\/uploads\/Ekran-Resmi-2025-03-08-20.27.52-300x241.png 300w\" sizes=\"(max-width: 971px) 100vw, 971px\" \/><\/p>\n<hr \/>\n<p class=\"p2\">K\u0131sa s\u00fcrede viral hale gelen video, sosyal medya platformlar\u0131nda geni\u015f kitlelere ula\u015ft\u0131. Payla\u015f\u0131m\u0131 g\u00f6ren kullan\u0131c\u0131lar, eski videoyla yenisini kar\u015f\u0131la\u015ft\u0131rarak Polat\u2019\u0131n y\u0131llar i\u00e7indeki de\u011fi\u015fimini yorumlad\u0131. Pek \u00e7ok ki\u015fi, bu nostaljik an\u0131n kendilerine ge\u00e7mi\u015fin g\u00fczel hat\u0131ralar\u0131n\u0131 hat\u0131rlatt\u0131\u011f\u0131n\u0131 s\u00f6yledi. T\u00fcrk\u00fcye duygusal bir ba\u011f kuran dinleyiciler, \u201cBu sesi duyunca y\u0131llar \u00f6ncesine gittim\u201d gibi yorumlarla hislerini payla\u015ft\u0131. Video, be\u011feni ve payla\u015f\u0131m rekorlar\u0131 k\u0131rarak yine sosyal medyan\u0131n g\u00fcndemine oturdu.<\/p>\n","protected":false},"excerpt":{"rendered":"<p>Y\u0131llar \u00f6nce s\u00f6yledi\u011fi \u201cCeylan G\u00f6zl\u00fcm\u201d t\u00fcrk\u00fcs\u00fcyle haf\u0131zalara kaz\u0131nan Metehan Polat, ayn\u0131 t\u00fcrk\u00fcy\u00fc yeniden seslendirerek sosyal medyada b\u00fcy\u00fck ilgi g\u00f6rd\u00fc. K\u0131sa s\u00fcrede viral olan video, binlerce be\u011feni ve yorum ald\u0131. <\/p>\n","protected":false},"author":16,"featured_media":144057,"comment_status":"closed","ping_status":"closed","sticky":false,"template":"","format":"standard","meta":{"rank_math_lock_modified_date":false,"footnotes":""},"categories":[101],"tags":[13498,13499],"class_list":["post-144053","post","type-post","status-publish","format-standard","has-post-thumbnail","hentry","category-kesfet","tag-ceylan-gozlum-turkusu","tag-ceylan-gozlum-turkusu-erzurumlu-metehan-polatin"],"_links":{"self":[{"href":"https:\/\/www.tgrthaber.com\/mavikadin\/wp-json\/wp\/v2\/posts\/144053"}],"collection":[{"href":"https:\/\/www.tgrthaber.com\/mavikadin\/wp-json\/wp\/v2\/posts"}],"about":[{"href":"https:\/\/www.tgrthaber.com\/mavikadin\/wp-json\/wp\/v2\/types\/post"}],"author":[{"embeddable":true,"href":"https:\/\/www.tgrthaber.com\/mavikadin\/wp-json\/wp\/v2\/users\/16"}],"replies":[{"embeddable":true,"href":"https:\/\/www.tgrthaber.com\/mavikadin\/wp-json\/wp\/v2\/comments?post=144053"}],"version-history":[{"count":3,"href":"https:\/\/www.tgrthaber.com\/mavikadin\/wp-json\/wp\/v2\/posts\/144053\/revisions"}],"predecessor-version":[{"id":144060,"href":"https:\/\/www.tgrthaber.com\/mavikadin\/wp-json\/wp\/v2\/posts\/144053\/revisions\/144060"}],"wp:featuredmedia":[{"embeddable":true,"href":"https:\/\/www.tgrthaber.com\/mavikadin\/wp-json\/wp\/v2\/media\/144057"}],"wp:attachment":[{"href":"https:\/\/www.tgrthaber.com\/mavikadin\/wp-json\/wp\/v2\/media?parent=144053"}],"wp:term":[{"taxonomy":"category","embeddable":true,"href":"https:\/\/www.tgrthaber.com\/mavikadin\/wp-json\/wp\/v2\/categories?post=144053"},{"taxonomy":"post_tag","embeddable":true,"href":"https:\/\/www.tgrthaber.com\/mavikadin\/wp-json\/wp\/v2\/tags?post=144053"}],"curies":[{"name":"wp","href":"https:\/\/api.w.org\/{rel}","templated":true}]}}